{"id":341207,"date":"2026-09-04T09:40:10","date_gmt":"2026-09-04T09:40:10","guid":{"rendered":"https:\/\/www.europesays.com\/fi\/341207\/"},"modified":"2026-09-04T09:40:10","modified_gmt":"2026-09-04T09:40:10","slug":"uutta-tietoa-riihimaen-henkirikoksesta-poliisi-tutkii-murhana-kotimaa","status":"publish","type":"post","link":"https:\/\/www.europesays.com\/fi\/341207\/","title":{"rendered":"Uutta tietoa Riihim\u00e4en henki\u00adrikoksesta: poliisi tutkii murhana | Kotimaa"},"content":{"rendered":"<p class=\"aw__sc-1qwuw0s-0 aw__sc-1vg2sqm-0 epAWpq ecELkD yle__article__paragraph\">H\u00e4meen poliisin mukaan ep\u00e4ilty henkirikos tapahtui Peltosaaren kaupungin\u00adosassa.<\/p>\n<p><img decoding=\"async\" alt=\"L\u00e4hikuvassa on poliisin virka-asun sininen hiha, jossa on hihamerkki ja poliisi logo eli miekka ja leijonakuvia mustalla pohjalla. \" src=\"https:\/\/www.europesays.com\/fi\/wp-content\/uploads\/2026\/09\/1747122949.jpeg\" class=\"aw__sc-dklauk-0 LPzKX\"\/><\/p>\n<p>Avaa kuvien katselu<\/p>\n<p>Poliisilla on viel\u00e4 vaitonainen Riihim\u00e4en ep\u00e4illyst\u00e4 henkirikoksesta. Kuvituskuva. Kuva: Petri Niemi \/ Yle<\/p>\n<p class=\"aw__sc-1qwuw0s-0 aw__sc-ngllmo-0 epAWpq fzYpjk yle__article__paragraph\">H\u00e4meen poliisi on edelleen vaitonainen Riihim\u00e4ell\u00e4 tapahtuneesta ep\u00e4illyst\u00e4 henkirikoksesta. Poliisi kuitenkin vahvistaa, ett\u00e4 tapausta tutkitaan murhana.<\/p>\n<p class=\"aw__sc-1qwuw0s-0 aw__sc-ngllmo-0 epAWpq fzYpjk yle__article__paragraph\">Poliisin mukaan kuollut henkil\u00f6 l\u00f6ytyi kerrostaloasunnosta Otavankadulta Peltosaaren kaupunginosasta.<\/p>\n<p class=\"aw__sc-1qwuw0s-0 aw__sc-ngllmo-0 epAWpq fzYpjk yle__article__paragraph\">H\u00e4meen <a class=\"aw__sc-ngllmo-1 bTDnwX yle__article__link\" href=\"https:\/\/yle.fi\/a\/74-20244463\" role=\"link\" rel=\"nofollow noopener\" target=\"_blank\">poliisi tiedotti torstaina<\/a>, ett\u00e4 se tutkii ep\u00e4ilty\u00e4 henkirikosta Riihim\u00e4ell\u00e4. Poliisi sai tiedon elottomasta henkil\u00f6st\u00e4.<\/p>\n<p class=\"aw__sc-1qwuw0s-0 aw__sc-ngllmo-0 epAWpq fzYpjk yle__article__paragraph\">Poliisin ei kerro asiasta t\u00e4ll\u00e4 hetkell\u00e4 enemp\u00e4\u00e4.<\/p>\n","protected":false},"excerpt":{"rendered":"H\u00e4meen poliisin mukaan ep\u00e4ilty henkirikos tapahtui Peltosaaren kaupungin\u00adosassa. Avaa kuvien katselu Poliisilla on viel\u00e4 vaitonainen Riihim\u00e4en ep\u00e4illyst\u00e4 henkirikoksesta.&hellip;\n","protected":false},"author":2,"featured_media":341208,"comment_status":"","ping_status":"","sticky":false,"template":"","format":"standard","meta":{"footnotes":"","_share_on_mastodon":"0"},"categories":[5],"tags":[22,23,26,27,33,31,30,17,4918,1794,71,24,25,28,29,15,18,21,52,1283,1791,32,19,20,16],"class_list":["post-341207","post","type-post","status-publish","format-standard","has-post-thumbnail","category-otsikot","tag-breaking-news","tag-breakingnews","tag-featured-news","tag-featurednews","tag-fi","tag-finland","tag-finnish","tag-headlines","tag-henkirikokset","tag-kanta-hame","tag-kotimaa","tag-latest-news","tag-latestnews","tag-main-news","tag-mainnews","tag-news","tag-otsikot","tag-paauutiset","tag-poliisi","tag-poliisitutkinta","tag-riihimaki","tag-suomi","tag-top-stories","tag-topstories","tag-uutiset"],"share_on_mastodon":{"url":"https:\/\/pubeurope.com\/@fi\/117212114673057651","error":""},"_links":{"self":[{"href":"https:\/\/www.europesays.com\/fi\/wp-json\/wp\/v2\/posts\/341207","targetHints":{"allow":["GET"]}}],"collection":[{"href":"https:\/\/www.europesays.com\/fi\/wp-json\/wp\/v2\/posts"}],"about":[{"href":"https:\/\/www.europesays.com\/fi\/wp-json\/wp\/v2\/types\/post"}],"author":[{"embeddable":true,"href":"https:\/\/www.europesays.com\/fi\/wp-json\/wp\/v2\/users\/2"}],"replies":[{"embeddable":true,"href":"https:\/\/www.europesays.com\/fi\/wp-json\/wp\/v2\/comments?post=341207"}],"version-history":[{"count":0,"href":"https:\/\/www.europesays.com\/fi\/wp-json\/wp\/v2\/posts\/341207\/revisions"}],"wp:featuredmedia":[{"embeddable":true,"href":"https:\/\/www.europesays.com\/fi\/wp-json\/wp\/v2\/media\/341208"}],"wp:attachment":[{"href":"https:\/\/www.europesays.com\/fi\/wp-json\/wp\/v2\/media?parent=341207"}],"wp:term":[{"taxonomy":"category","embeddable":true,"href":"https:\/\/www.europesays.com\/fi\/wp-json\/wp\/v2\/categories?post=341207"},{"taxonomy":"post_tag","embeddable":true,"href":"https:\/\/www.europesays.com\/fi\/wp-json\/wp\/v2\/tags?post=341207"}],"curies":[{"name":"wp","href":"https:\/\/api.w.org\/{rel}","templated":true}]}}