{"id":341215,"date":"2026-09-04T10:02:17","date_gmt":"2026-09-04T10:02:17","guid":{"rendered":"https:\/\/www.europesays.com\/fi\/341215\/"},"modified":"2026-09-04T10:02:17","modified_gmt":"2026-09-04T10:02:17","slug":"yllatysvalinta-han-on-nrjn-uusi-radioaani","status":"publish","type":"post","link":"https:\/\/www.europesays.com\/fi\/341215\/","title":{"rendered":"Yll\u00e4tysvalinta: H\u00e4n on NRJ:n uusi radio\u00e4\u00e4ni"},"content":{"rendered":"<p>Radiokanava NRJ saa uuden juontajan.<\/p>\n<p><img decoding=\"async\" class=\"image image-show image-preview\" src=\"https:\/\/www.europesays.com\/fi\/wp-content\/uploads\/2026\/09\/f47f32affeafe59ca8c1a20aa82191afc258765797199cf1fdd4df72a25b7321.jpg\" alt=\"\"\/><img decoding=\"async\" class=\"image image-show\" src=\"https:\/\/www.europesays.com\/fi\/wp-content\/uploads\/2026\/09\/1788516137_434_f47f32affeafe59ca8c1a20aa82191afc258765797199cf1fdd4df72a25b7321.jpg\" alt=\"\"\/><\/p>\n<p>Radiojuontaja Ville Tanskanen on juontanut vuosia Suomir\u00e4p-kanavalla. Outi J\u00e4rvinen<\/p>\n<p class=\"paragraph\">Radiojuontaja <a href=\"https:\/\/www.iltalehti.fi\/henkilot\/Ville Tanskanen\" class=\"article-link-person-page\" rel=\"nofollow noopener\" target=\"_blank\">Ville Tanskanen<\/a>, 38, aloittaa NRJ:n uutena juontajana syyskuussa. Viime vuosina h\u00e4n on juontanut Suomir\u00e4p-kanavalla.<\/p>\n<p class=\"paragraph\">Tanskasen juontoparina kuullaan <a href=\"https:\/\/www.iltalehti.fi\/henkilot\/Karoliina Tuominen\" class=\"article-link-person-page\" rel=\"nofollow noopener\" target=\"_blank\">Karoliina Tuominen<\/a>. H\u00e4n paljasti aiemmin <a href=\"https:\/\/www.iltalehti.fi\/viihdeuutiset\/601c708d-8cdd-4e85-918f-4ce024daa0c9\" rel=\"nofollow noopener\" target=\"_blank\">Iltalehden<\/a> haastattelussa, ett\u00e4 uusi juontopari valikoitui suuremmasta joukosta. Kaksikko on ehtinyt tehd\u00e4 jo demol\u00e4hetyksi\u00e4.<\/p>\n<p class=\"paragraph\">\u2013\u2009Halukkaita kyll\u00e4 oli. Se on herkullinen paikka, Tuominen kommentoi.<\/p>\n<p class=\"paragraph\">Kaksikko p\u00e4\u00e4see ensimm\u00e4isen kerran \u00e4\u00e4neen 21. syyskuuta.<\/p>\n<p class=\"paragraph\">Helsingiss\u00e4 asuva Tanskanen on kahden lapsen is\u00e4. H\u00e4n ei ole yhdess\u00e4 lapsiensa \u00e4idin kanssa, vaan heill\u00e4 on jaettu huoltajuus.<\/p>\n<p class=\"paragraph\">\u2013 Vien lapsen treeneihin ja olen arjessa mukana niin paljon kuin mahdollista, radiojuontaja <a href=\"https:\/\/www.iltalehti.fi\/viihdeuutiset\/dab38aab-ad4f-4786-94d6-18b17f2621e5\" rel=\"nofollow noopener\" target=\"_blank\">kertoi<\/a>.<\/p>\n<p class=\"paragraph\">\u2013 Isyys pakotti minut kasvamaan ihmisen\u00e4. Olen joutunut monesti katsomaan itse\u00e4ni peilist\u00e4.<\/p>\n<p class=\"paragraph\">Tanskanen joutui elokuussa <a href=\"https:\/\/www.iltalehti.fi\/viihdeuutiset\/5cfa8630-9f72-4ea0-8a5c-5f955e774618\" rel=\"nofollow noopener\" target=\"_blank\">sairaalaan<\/a>.<\/p>\n<p class=\"paragraph\">\u2013 Kovat vatsakivut, pari p\u00e4iv\u00e4\u00e4 oksentelua ja lopulta maailma alkoi py\u00f6ri\u00e4 silmiss\u00e4 kuin karuselli. En ole koskaan kokenut sellaista. Se oli aika j\u00e4nnitt\u00e4v\u00e4\u00e4, Tanskanen kirjoitti Instagram-p\u00e4ivityksess\u00e4\u00e4n.<\/p>\n","protected":false},"excerpt":{"rendered":"Radiokanava NRJ saa uuden juontajan. Radiojuontaja Ville Tanskanen on juontanut vuosia Suomir\u00e4p-kanavalla. Outi J\u00e4rvinen Radiojuontaja Ville Tanskanen, 38,&hellip;\n","protected":false},"author":2,"featured_media":341216,"comment_status":"","ping_status":"","sticky":false,"template":"","format":"standard","meta":{"footnotes":"","_share_on_mastodon":"0"},"categories":[130],"tags":[35,137,33,31,30,101,99,100,98,32,139,109],"class_list":["post-341215","post","type-post","status-publish","format-standard","has-post-thumbnail","category-viihde","tag-24h","tag-entertainment","tag-fi","tag-finland","tag-finnish","tag-ihmissuhteet","tag-lapset","tag-lapset-ja-nuoret","tag-perhe","tag-suomi","tag-tv-ohjelmat","tag-viihde"],"share_on_mastodon":{"url":"https:\/\/pubeurope.com\/@fi\/117212201260391329","error":""},"_links":{"self":[{"href":"https:\/\/www.europesays.com\/fi\/wp-json\/wp\/v2\/posts\/341215","targetHints":{"allow":["GET"]}}],"collection":[{"href":"https:\/\/www.europesays.com\/fi\/wp-json\/wp\/v2\/posts"}],"about":[{"href":"https:\/\/www.europesays.com\/fi\/wp-json\/wp\/v2\/types\/post"}],"author":[{"embeddable":true,"href":"https:\/\/www.europesays.com\/fi\/wp-json\/wp\/v2\/users\/2"}],"replies":[{"embeddable":true,"href":"https:\/\/www.europesays.com\/fi\/wp-json\/wp\/v2\/comments?post=341215"}],"version-history":[{"count":0,"href":"https:\/\/www.europesays.com\/fi\/wp-json\/wp\/v2\/posts\/341215\/revisions"}],"wp:featuredmedia":[{"embeddable":true,"href":"https:\/\/www.europesays.com\/fi\/wp-json\/wp\/v2\/media\/341216"}],"wp:attachment":[{"href":"https:\/\/www.europesays.com\/fi\/wp-json\/wp\/v2\/media?parent=341215"}],"wp:term":[{"taxonomy":"category","embeddable":true,"href":"https:\/\/www.europesays.com\/fi\/wp-json\/wp\/v2\/categories?post=341215"},{"taxonomy":"post_tag","embeddable":true,"href":"https:\/\/www.europesays.com\/fi\/wp-json\/wp\/v2\/tags?post=341215"}],"curies":[{"name":"wp","href":"https:\/\/api.w.org\/{rel}","templated":true}]}}