{"id":341219,"date":"2026-09-04T10:06:13","date_gmt":"2026-09-04T10:06:13","guid":{"rendered":"https:\/\/www.europesays.com\/fi\/341219\/"},"modified":"2026-09-04T10:06:13","modified_gmt":"2026-09-04T10:06:13","slug":"donald-trump-haluaa-euroopan-maksavan-ukrainalle-toimitetut-ammukset","status":"publish","type":"post","link":"https:\/\/www.europesays.com\/fi\/341219\/","title":{"rendered":"Donald Trump haluaa Euroopan maksavan Ukrainalle toimitetut ammukset"},"content":{"rendered":"<p>Yhdysvalloilla on Trumpin mukaan varastoissaan \u201drajaton m\u00e4\u00e4r\u00e4\u201d ammuksia.<\/p>\n<p><img decoding=\"async\" src=\"https:\/\/www.europesays.com\/fi\/wp-content\/uploads\/2026\/09\/1788516372_673_468.jpg\" alt=\"Trump puhui keskiviikkona republikaanien grillijuhlissa Valkoisen talon ruusutarhassa.\" class=\"_Img_1rerz_1\" style=\"aspect-ratio:1920\/1080\" loading=\"eager\"\/><\/p>\n<p class=\"font-(family-name:--picture-caption-font-family) text-(length:--picture-caption-font-size) leading-(--picture-caption-leading) font-(--picture-caption-font-weight) text-(color:--picture-caption-color)\">Trump puhui keskiviikkona republikaanien grillijuhlissa Valkoisen talon ruusutarhassa. Kuva:\u00a0Molly Riley\/White House<\/p>\n<p class=\"article-body mb-(--paragraph-margin-b) px-nof-16\">Yhdysvaltain presidentti <a class=\"font-bold underline-offset-[0.12em] [text-decoration:var(--person-link-text-decoration)] [text-decoration-color:var(--person-link-text-decoration-color)]!\" href=\"https:\/\/www.is.fi\/haku\/?query=Donald%20Trump\" rel=\"nofollow noopener\" target=\"_blank\">Donald Trump<\/a> ilmoitti torstaina, ett\u00e4 h\u00e4nen hallintonsa aikoo pyyt\u00e4\u00e4 Eurooppaa maksamaan tykist\u00f6ammuksista ja ohjuksista, jotka toimitettiin Ukrainalle h\u00e4nen edelt\u00e4j\u00e4ns\u00e4 <a class=\"font-bold underline-offset-[0.12em] [text-decoration:var(--person-link-text-decoration)] [text-decoration-color:var(--person-link-text-decoration-color)]!\" href=\"https:\/\/www.is.fi\/haku\/?query=Joe%20Bidenin\" rel=\"nofollow noopener\" target=\"_blank\">Joe Bidenin<\/a> kaudella.<\/p>\n<p class=\"article-body mb-(--paragraph-margin-b) px-nof-16\">Trumpin mukaan Bidenin hallinto antoi Ukrainalle maksutta ammuksia \u201dpaljon enemm\u00e4n kuin me olemme k\u00e4ytt\u00e4neet Iranissa\u201d.<\/p>\n<p class=\"article-body mb-(--paragraph-margin-b) px-nof-16\">\u2013 Satoja miljardeja dollareita annettiin Ukrainalle ja Natolle ilman korvausta, jonka Eurooppa olisi maksanut \u2013 jos heilt\u00e4 vain olisi pyydetty. Mutta me pyyd\u00e4mme sit\u00e4 rahaa, tosin jokseenkin my\u00f6h\u00e4ss\u00e4! Trump kirjoitti Truth Social &#8211;<a class=\"underline underline-offset-[0.12em] [text-decoration-thickness:var(--generic-link-underline-thickness)] [text-decoration-color:var(--generic-link-underline-color)] [text-decoration-skip-ink:var(--generic-link-underline-skip-ink)] break-words\" href=\"https:\/\/truthsocial.com\/@realDonaldTrump\/posts\/117207687594983323\" rel=\"nofollow noopener\" target=\"_blank\">p\u00e4ivityksess\u00e4\u00e4n<\/a>.<\/p>\n<p class=\"article-body mb-(--paragraph-margin-b) px-nof-16\">Trumpin lausuntoa on kommentoinut sosiaalisessa mediassa muun muassa Yhdysvaltain entinen Ven\u00e4j\u00e4n-suurl\u00e4hettil\u00e4s, Stanfordin yliopiston professori <a class=\"font-bold underline-offset-[0.12em] [text-decoration:var(--person-link-text-decoration)] [text-decoration-color:var(--person-link-text-decoration-color)]!\" href=\"https:\/\/www.is.fi\/haku\/?query=Michael%20McFaul\" rel=\"nofollow noopener\" target=\"_blank\">Michael McFaul<\/a> <a class=\"underline underline-offset-[0.12em] [text-decoration-thickness:var(--generic-link-underline-thickness)] [text-decoration-color:var(--generic-link-underline-color)] [text-decoration-skip-ink:var(--generic-link-underline-skip-ink)] break-words\" href=\"https:\/\/x.com\/McFaul\/status\/2095552196855169238?s=20\" rel=\"nofollow\">X:ss\u00e4<\/a>.<\/p>\n<p class=\"article-body mb-(--paragraph-margin-b) px-nof-16\">\u2013 Yhdysvaltain kongressi hyv\u00e4ksyi n\u00e4m\u00e4 apupaketit Ukrainalle. Yhdysvaltain kongressi ei hyv\u00e4ksynyt Trumpin sotaa Iranissa, McFaul totesi.<\/p>\n<p class=\"article-body mb-(--paragraph-margin-b) px-nof-16\">Yhdysvaltalaisen <a class=\"underline underline-offset-[0.12em] [text-decoration-thickness:var(--generic-link-underline-thickness)] [text-decoration-color:var(--generic-link-underline-color)] [text-decoration-skip-ink:var(--generic-link-underline-skip-ink)] break-words\" href=\"https:\/\/www.cfr.org\/articles\/how-much-us-aid-going-ukraine\" rel=\"nofollow noopener\" target=\"_blank\">CFR<\/a>-ajatushautomon (Council on Foreign Relations) mukaan Yhdysvallat on osoittanut Ukrainalle hy\u00f6kk\u00e4yssodan alkamisen j\u00e4lkeen yhteens\u00e4 noin 195 miljardia dollaria erilaista tukea ja rahoitusta.<\/p>\n<p class=\"article-body mb-(--paragraph-margin-b) px-nof-16\">Suoraa humanitaarista, taloudellista ja sotilaallista summasta on yli 130 miljardia dollaria. Loput varoista koostuvat p\u00e4\u00e4asiassa Yhdysvaltain omien asevoimien ja puolustushallinnon menoista, joilla on korvattu Ukrainaan l\u00e4hetettyj\u00e4 kalusto- ja asetoimituksia tai tuettu Yhdysvaltain joukkojen l\u00e4sn\u00e4oloa Euroopassa.<\/p>\n<p class=\"article-body mb-(--paragraph-margin-b) px-nof-16\">Trump sivuutti p\u00e4ivityksess\u00e4\u00e4n my\u00f6s PURL-mekanismin (Prioritised Ukraine Requirements List), jonka kautta Euroopan Nato-maat ovat ostaneet Yhdysvalloilta aseita Ukrainalle toimitettavaksi. Maat ovat maksaneet aseista t\u00e4h\u00e4n menness\u00e4 4,2 miljardia dollaria.<\/p>\n<p><img decoding=\"async\" src=\"https:\/\/www.europesays.com\/fi\/wp-content\/uploads\/2026\/09\/1788516373_200_468.jpg\" alt=\"Trump oli elokuun lopulla l\u00e4sn\u00e4 Teheranin katukuvassa. Trumpin mukaan media on raportoinut virheellisesti Yhdysvaltojen ammusvarastojen hupenemisesta Iranissa.\" class=\"_Img_1rerz_1\" style=\"aspect-ratio:1920\/1280\" loading=\"eager\"\/><\/p>\n<p class=\"font-(family-name:--picture-caption-font-family) text-(length:--picture-caption-font-size) leading-(--picture-caption-leading) font-(--picture-caption-font-weight) text-(color:--picture-caption-color) picture-with-caption__caption picture-with-caption__caption--default-full\">Trump oli elokuun lopulla l\u00e4sn\u00e4 Teheranin katukuvassa. Trumpin mukaan media on raportoinut virheellisesti Yhdysvaltojen ammusvarastojen hupenemisesta Iranissa. Kuva:\u00a0Majid Asgaripour \/ WANA \/ Reuters<\/p>\n<p class=\"article-body mb-(--paragraph-margin-b) px-nof-16\">Trump kritisoi p\u00e4ivityksess\u00e4\u00e4n mediaa siit\u00e4, ett\u00e4 se ei ole h\u00e4nen mukaansa raportoinut oikein Yhdysvaltojen sotilasoperaatiosta Iranissa. Yhdysvaltojen ammusvarastojen on arvioitu huvenneen sodassa huomattavasti.<\/p>\n<p class=\"article-body mb-(--paragraph-margin-b) px-nof-16\">\u2013 Meill\u00e4 on k\u00e4yt\u00e4nn\u00f6ss\u00e4 rajaton m\u00e4\u00e4r\u00e4 keski- ja korkealaatuista ammuksia, paljon enemm\u00e4n kuin voisimme edes k\u00e4ytt\u00e4\u00e4 t\u00e4ss\u00e4 sodassa tai miss\u00e4 tahansa muussa sodassa (joka on eritt\u00e4in ep\u00e4todenn\u00e4k\u00f6inen!), joka voisi tapahtua, Trump v\u00e4itti.<\/p>\n<p class=\"article-body mb-(--paragraph-margin-b) px-nof-16\">Muun muassa <a class=\"underline underline-offset-[0.12em] [text-decoration-thickness:var(--generic-link-underline-thickness)] [text-decoration-color:var(--generic-link-underline-color)] [text-decoration-skip-ink:var(--generic-link-underline-skip-ink)] break-words\" href=\"https:\/\/www.politico.com\/news\/2026\/09\/03\/trump-ukraine-munitions-europe-paying\" rel=\"nofollow noopener\" target=\"_blank\">Politico<\/a> kertoo, ett\u00e4 hein\u00e4kuun loppuun menness\u00e4 Yhdysvaltain asevoimat oli k\u00e4ytt\u00e4nyt Iranin sodassa noin 1\u202f500 Patriot-ilmapuolustusj\u00e4rjestelm\u00e4n ohjusta.<\/p>\n<p class=\"article-body mb-(--paragraph-margin-b) px-nof-16\">CSIS-ajatushautomon (Center for Strategic and International Studies) arvion mukaan varastossa on j\u00e4ljell\u00e4 alle 1\u202f000 ohjusta. THAAD-ohjuspuolustus\u00adj\u00e4rjestelm\u00e4n ammusten m\u00e4\u00e4r\u00e4n CSIS katsoo pudonneen Iranin sodan my\u00f6t\u00e4 452:sta alle 300:aan.<\/p>\n<p class=\"article-body mb-(--paragraph-margin-b) px-nof-16\">Ukrainalais\u00adviranomaiset kertoivat <a class=\"underline underline-offset-[0.12em] [text-decoration-thickness:var(--generic-link-underline-thickness)] [text-decoration-color:var(--generic-link-underline-color)] [text-decoration-skip-ink:var(--generic-link-underline-skip-ink)] break-words\" href=\"https:\/\/www.nytimes.com\/2026\/03\/09\/world\/middleeast\/ukraine-shahed-drone-middle-east.html\" rel=\"nofollow noopener\" target=\"_blank\">New York Timesille<\/a> maaliskuussa, ett\u00e4 Ukraina oli siihen menness\u00e4 saanut liittolaisiltaan noin 600 Patriot-ohjusta koko nelj\u00e4 vuotta jatkuneen hy\u00f6kk\u00e4yssodan aikana. Ukraina k\u00e4rsii kroonisesta Patriot-ohjusten pulasta, eik\u00e4 sill\u00e4 ole juuri muita keinoja Ven\u00e4j\u00e4n ballististen ohjusten torjumiseen.<\/p>\n<p class=\"article-body mb-(--paragraph-margin-b) px-nof-16\">Trump ilmoitti p\u00e4ivityksess\u00e4\u00e4n Yhdysvaltojen tuottavan ammuksia \u201dtasolla, jota ei ole koskaan aiemmin n\u00e4hty\u201d. Pentagon on osoittanut t\u00e4m\u00e4n vuoden budjetissaan m\u00e4\u00e4r\u00e4rahoja ammustuotannon kasvattamiseen.<\/p>\n<p class=\"article-body mb-(--paragraph-margin-b) px-nof-16\">\u2013 Kartutamme varastoja ja valmistaudumme mihin tahansa, mit\u00e4 voisi tapahtua. Otamme ne [ammukset] itsellemme, USA:lle, mieluummin kuin myymme ne toisille. Mutta myynnit liittolaisille alkavat j\u00e4lleen pian, Trump sanoi.<\/p>\n","protected":false},"excerpt":{"rendered":"Yhdysvalloilla on Trumpin mukaan varastoissaan \u201drajaton m\u00e4\u00e4r\u00e4\u201d ammuksia. Trump puhui keskiviikkona republikaanien grillijuhlissa Valkoisen talon ruusutarhassa. Kuva:\u00a0Molly Riley\/White&hellip;\n","protected":false},"author":2,"featured_media":341220,"comment_status":"","ping_status":"","sticky":false,"template":"","format":"standard","meta":{"footnotes":"","_share_on_mastodon":"0"},"categories":[14],"tags":[22,23,26,27,33,31,30,17,34,24,25,28,29,15,18,21,32,19,20,56,16,59,60,61],"class_list":["post-341219","post","type-post","status-publish","format-standard","has-post-thumbnail","category-ulkomaat","tag-breaking-news","tag-breakingnews","tag-featured-news","tag-featurednews","tag-fi","tag-finland","tag-finnish","tag-headlines","tag-ilta-sanomat","tag-latest-news","tag-latestnews","tag-main-news","tag-mainnews","tag-news","tag-otsikot","tag-paauutiset","tag-suomi","tag-top-stories","tag-topstories","tag-ulkomaat","tag-uutiset","tag-world","tag-world-news","tag-worldnews"],"share_on_mastodon":{"url":"https:\/\/pubeurope.com\/@fi\/117212216381060331","error":""},"_links":{"self":[{"href":"https:\/\/www.europesays.com\/fi\/wp-json\/wp\/v2\/posts\/341219","targetHints":{"allow":["GET"]}}],"collection":[{"href":"https:\/\/www.europesays.com\/fi\/wp-json\/wp\/v2\/posts"}],"about":[{"href":"https:\/\/www.europesays.com\/fi\/wp-json\/wp\/v2\/types\/post"}],"author":[{"embeddable":true,"href":"https:\/\/www.europesays.com\/fi\/wp-json\/wp\/v2\/users\/2"}],"replies":[{"embeddable":true,"href":"https:\/\/www.europesays.com\/fi\/wp-json\/wp\/v2\/comments?post=341219"}],"version-history":[{"count":0,"href":"https:\/\/www.europesays.com\/fi\/wp-json\/wp\/v2\/posts\/341219\/revisions"}],"wp:featuredmedia":[{"embeddable":true,"href":"https:\/\/www.europesays.com\/fi\/wp-json\/wp\/v2\/media\/341220"}],"wp:attachment":[{"href":"https:\/\/www.europesays.com\/fi\/wp-json\/wp\/v2\/media?parent=341219"}],"wp:term":[{"taxonomy":"category","embeddable":true,"href":"https:\/\/www.europesays.com\/fi\/wp-json\/wp\/v2\/categories?post=341219"},{"taxonomy":"post_tag","embeddable":true,"href":"https:\/\/www.europesays.com\/fi\/wp-json\/wp\/v2\/tags?post=341219"}],"curies":[{"name":"wp","href":"https:\/\/api.w.org\/{rel}","templated":true}]}}