{"id":341221,"date":"2026-09-04T10:07:11","date_gmt":"2026-09-04T10:07:11","guid":{"rendered":"https:\/\/www.europesays.com\/fi\/341221\/"},"modified":"2026-09-04T10:07:11","modified_gmt":"2026-09-04T10:07:11","slug":"poliisi-sallassa-kadonneen-saksalaisnaisen-etsinta-lopetettu-rikosta-epaillaan","status":"publish","type":"post","link":"https:\/\/www.europesays.com\/fi\/341221\/","title":{"rendered":"Poliisi: Sallassa kadonneen saksalaisnaisen etsint\u00e4 lopetettu \u2013 Rikosta ep\u00e4ill\u00e4\u00e4n"},"content":{"rendered":"<p>Poliisi on saanut Rajavartiolaitoksen kautta tiedon saksalaisnaisen olinpaikasta. <\/p>\n<p><img decoding=\"async\" class=\"image image-show image-preview\" src=\"https:\/\/www.europesays.com\/fi\/wp-content\/uploads\/2026\/09\/875c4eaac4819a61b9c17d72cc405be06d7150359274ec526081ea0143f83f57.png\" alt=\"\"\/><img decoding=\"async\" class=\"image image-show\" src=\"https:\/\/www.europesays.com\/fi\/wp-content\/uploads\/2026\/09\/1788516431_614_875c4eaac4819a61b9c17d72cc405be06d7150359274ec526081ea0143f83f57.png\" alt=\"\"\/><\/p>\n<p>Poliisin julkaisema kuva kadonneesta naisesta. Lapin poliisi<\/p>\n<p class=\"paragraph\">Poliisi kertoo, ett\u00e4 ei en\u00e4\u00e4 etsi hein\u00e4kuussa Sallassa kadonnutta saksalaisnaista.<\/p>\n<p class=\"paragraph\">Poliisi on saanut Rajavartiolaitoksen kautta tiedon etsityn naisen olinpaikasta.<\/p>\n<p class=\"paragraph\">Rajavartiolaitos jatkaa tapauksen selvitt\u00e4mist\u00e4 ep\u00e4iltyn\u00e4 valtiorajarikoksena.<\/p>\n<p class=\"paragraph\">Noin 50-vuotias saksalaisnainen katosi kes\u00e4kuun lopussa Saijan kyl\u00e4ll\u00e4 Sallassa. Poliisi sai 29. kes\u00e4kuuta ilmoituksen veden varaan joutuneesta ajoneuvosta, jota nainen oli tiett\u00e4v\u00e4sti kuljettanut. Auto oli l\u00f6yt\u00f6hetkell\u00e4 tyhjill\u00e4\u00e4n.<\/p>\n<p class=\"paragraph\">Poliisi teki etsint\u00f6j\u00e4 yhdess\u00e4 pelastajien ja Rajavartiolaitoksen kanssa. Viimeinen havainto naisesta oli riistakameraan tallentunut kuva Tenni\u00f6joen l\u00e4heisyydess\u00e4.<\/p>\n<p class=\"paragraph\">Poliisi pyysi havaintoja ja vihjeit\u00e4 naisesta. Uusimmassa tiedotteessaan poliisi kiitt\u00e4\u00e4 saamistaan vihjeist\u00e4 ja kertoo, ett\u00e4 ei tiedota asiasta enemp\u00e4\u00e4.<\/p>\n","protected":false},"excerpt":{"rendered":"Poliisi on saanut Rajavartiolaitoksen kautta tiedon saksalaisnaisen olinpaikasta. Poliisin julkaisema kuva kadonneesta naisesta. Lapin poliisi Poliisi kertoo, ett\u00e4&hellip;\n","protected":false},"author":2,"featured_media":341222,"comment_status":"","ping_status":"","sticky":false,"template":"","format":"standard","meta":{"footnotes":"","_share_on_mastodon":"0"},"categories":[12],"tags":[35,22,23,26,27,33,31,30,17,55,53,24,25,28,29,15,18,21,122,54,32,19,20,546,16],"class_list":["post-341221","post","type-post","status-publish","format-standard","has-post-thumbnail","category-suomi","tag-24h","tag-breaking-news","tag-breakingnews","tag-featured-news","tag-featurednews","tag-fi","tag-finland","tag-finnish","tag-headlines","tag-lainvalvonta","tag-laki-oikeus-ja-rikos","tag-latest-news","tag-latestnews","tag-main-news","tag-mainnews","tag-news","tag-otsikot","tag-paauutiset","tag-pelastaminen","tag-pelastuspalvelut","tag-suomi","tag-top-stories","tag-topstories","tag-turvallisuus","tag-uutiset"],"share_on_mastodon":{"url":"https:\/\/pubeurope.com\/@fi\/117212220461586584","error":""},"_links":{"self":[{"href":"https:\/\/www.europesays.com\/fi\/wp-json\/wp\/v2\/posts\/341221","targetHints":{"allow":["GET"]}}],"collection":[{"href":"https:\/\/www.europesays.com\/fi\/wp-json\/wp\/v2\/posts"}],"about":[{"href":"https:\/\/www.europesays.com\/fi\/wp-json\/wp\/v2\/types\/post"}],"author":[{"embeddable":true,"href":"https:\/\/www.europesays.com\/fi\/wp-json\/wp\/v2\/users\/2"}],"replies":[{"embeddable":true,"href":"https:\/\/www.europesays.com\/fi\/wp-json\/wp\/v2\/comments?post=341221"}],"version-history":[{"count":0,"href":"https:\/\/www.europesays.com\/fi\/wp-json\/wp\/v2\/posts\/341221\/revisions"}],"wp:featuredmedia":[{"embeddable":true,"href":"https:\/\/www.europesays.com\/fi\/wp-json\/wp\/v2\/media\/341222"}],"wp:attachment":[{"href":"https:\/\/www.europesays.com\/fi\/wp-json\/wp\/v2\/media?parent=341221"}],"wp:term":[{"taxonomy":"category","embeddable":true,"href":"https:\/\/www.europesays.com\/fi\/wp-json\/wp\/v2\/categories?post=341221"},{"taxonomy":"post_tag","embeddable":true,"href":"https:\/\/www.europesays.com\/fi\/wp-json\/wp\/v2\/tags?post=341221"}],"curies":[{"name":"wp","href":"https:\/\/api.w.org\/{rel}","templated":true}]}}