{"id":341235,"date":"2026-09-04T10:33:10","date_gmt":"2026-09-04T10:33:10","guid":{"rendered":"https:\/\/www.europesays.com\/fi\/341235\/"},"modified":"2026-09-04T10:33:10","modified_gmt":"2026-09-04T10:33:10","slug":"sallassa-kadonneen-saksalaisnaisen-tapausta-tutkitaan-jatkossa-valtionrajarikoksena-uutissuomalainen","status":"publish","type":"post","link":"https:\/\/www.europesays.com\/fi\/341235\/","title":{"rendered":"Sallassa kadonneen saksalaisnaisen tapausta tutkitaan jatkossa valtionrajarikoksena | Uutissuomalainen"},"content":{"rendered":"<p>Sallassa kes\u00e4kuussa kadonnut saksalaisnainen on l\u00f6ytynyt.<\/p>\n<p>Lapin poliisi <a href=\"https:\/\/poliisi.fi\/-\/poliisi-ei-enaa-etsi-sallassa-heinakuussa-kadonnutta-naista\" rel=\"nofollow noopener\" target=\"_blank\">kertoo<\/a> saaneensa Rajavartiolaitoksen kautta tiedon naisen olinpaikasta. Poliisi lopettaa naisen etsinn\u00e4t, ja Rajavartiolaitos selvitt\u00e4\u00e4 nyt tapausta ep\u00e4iltyn\u00e4 valtionrajarikoksena.<\/p>\n<p>Saksalaisnaista alettiin etsi\u00e4 kes\u00e4kuun 29. p\u00e4iv\u00e4n\u00e4. Poliisi sai tuolloin ilmoituksen veden varaan joutuneesta autosta, jossa ei ollut ket\u00e4\u00e4n. Kadonnut saksalainen paljastui auton omistajaksi.<\/p>\n<p>Viimeinen havainto kadonneesta oli samana p\u00e4iv\u00e4n\u00e4 riistakameraan tallentunut kuva. Se oli otettu auton l\u00f6ytymisen j\u00e4lkeen Sallassa Saijan kyl\u00e4ss\u00e4 l\u00e4hell\u00e4 Tenni\u00f6jokea.<\/p>\n<p>Lapin poliisi kiitt\u00e4\u00e4 kaikista havainnoista, joita se on saanut tapaukseen liittyen.<\/p>\n","protected":false},"excerpt":{"rendered":"Sallassa kes\u00e4kuussa kadonnut saksalaisnainen on l\u00f6ytynyt. Lapin poliisi kertoo saaneensa Rajavartiolaitoksen kautta tiedon naisen olinpaikasta. Poliisi lopettaa naisen&hellip;\n","protected":false},"author":2,"featured_media":341236,"comment_status":"","ping_status":"","sticky":false,"template":"","format":"standard","meta":{"footnotes":"","_share_on_mastodon":"0"},"categories":[12],"tags":[22,23,26,27,33,31,30,17,55,24,25,121,28,29,15,18,21,122,54,52,1403,32,19,20,546,16],"class_list":["post-341235","post","type-post","status-publish","format-standard","has-post-thumbnail","category-suomi","tag-breaking-news","tag-breakingnews","tag-featured-news","tag-featurednews","tag-fi","tag-finland","tag-finnish","tag-headlines","tag-lainvalvonta","tag-latest-news","tag-latestnews","tag-liikenne-ja-kuljetus","tag-main-news","tag-mainnews","tag-news","tag-otsikot","tag-paauutiset","tag-pelastaminen","tag-pelastuspalvelut","tag-poliisi","tag-salla","tag-suomi","tag-top-stories","tag-topstories","tag-turvallisuus","tag-uutiset"],"share_on_mastodon":{"url":"","error":""},"_links":{"self":[{"href":"https:\/\/www.europesays.com\/fi\/wp-json\/wp\/v2\/posts\/341235","targetHints":{"allow":["GET"]}}],"collection":[{"href":"https:\/\/www.europesays.com\/fi\/wp-json\/wp\/v2\/posts"}],"about":[{"href":"https:\/\/www.europesays.com\/fi\/wp-json\/wp\/v2\/types\/post"}],"author":[{"embeddable":true,"href":"https:\/\/www.europesays.com\/fi\/wp-json\/wp\/v2\/users\/2"}],"replies":[{"embeddable":true,"href":"https:\/\/www.europesays.com\/fi\/wp-json\/wp\/v2\/comments?post=341235"}],"version-history":[{"count":0,"href":"https:\/\/www.europesays.com\/fi\/wp-json\/wp\/v2\/posts\/341235\/revisions"}],"wp:featuredmedia":[{"embeddable":true,"href":"https:\/\/www.europesays.com\/fi\/wp-json\/wp\/v2\/media\/341236"}],"wp:attachment":[{"href":"https:\/\/www.europesays.com\/fi\/wp-json\/wp\/v2\/media?parent=341235"}],"wp:term":[{"taxonomy":"category","embeddable":true,"href":"https:\/\/www.europesays.com\/fi\/wp-json\/wp\/v2\/categories?post=341235"},{"taxonomy":"post_tag","embeddable":true,"href":"https:\/\/www.europesays.com\/fi\/wp-json\/wp\/v2\/tags?post=341235"}],"curies":[{"name":"wp","href":"https:\/\/api.w.org\/{rel}","templated":true}]}}