{"id":341241,"date":"2026-09-04T10:47:11","date_gmt":"2026-09-04T10:47:11","guid":{"rendered":"https:\/\/www.europesays.com\/fi\/341241\/"},"modified":"2026-09-04T10:47:11","modified_gmt":"2026-09-04T10:47:11","slug":"il-sofia-belorfin-ulosottorekisterissa-tapahtui-muutos","status":"publish","type":"post","link":"https:\/\/www.europesays.com\/fi\/341241\/","title":{"rendered":"IL: Sofia Bel\u00f3rfin ulosottorekisteriss\u00e4 tapahtui muutos"},"content":{"rendered":"<p class=\"wp-block-paragraph\">Dubaissa asuva kaunotar <strong>Sofia Bel\u00f3rf<\/strong> on j\u00e4tt\u00e4nyt laskuja maksamatta.<\/p>\n<p class=\"wp-block-paragraph\"><a href=\"https:\/\/www.seiska.fi\/vain-seiskassa\/nyt-puhuu-sofia-belorf-totuus-raha-asioista-julki\/2249960\" target=\"_blank\" rel=\"noreferrer noopener nofollow\">Seiska<\/a> uutisoi aiemmin Sofian maksaneen yhden ulosottoon menneen laskun. Sinne oli ilmestynyt my\u00f6s toinen merkint\u00e4, koska kaunottarella oli j\u00e4\u00e4nyt maksamatta YEL-vakuutusmaksuja noin 663 euron edest\u00e4.<\/p>\n<p>Lue my\u00f6s: <a href=\"https:\/\/www.como.fi\/uutiset\/seiska-sofia-belorf-jatti-suuren-laskun-maksamatta\/\" title=\"Seiska: Sofia Bel\u00f3rf j\u00e4tti suuren laskun maksamatta\" class=\"underline-custom !font-heading !font-bold !underline-offset-4 !decoration-4 !decoration-accent !text-md\" rel=\"nofollow noopener\" target=\"_blank\">Seiska: Sofia Bel\u00f3rf j\u00e4tti suuren laskun maksamatta<\/a><\/p>\n<p class=\"wp-block-paragraph\">Iltalehti on k\u00e4ynyt tarkistamassa t\u00e4m\u00e4nhetkiset Sofian tiedot ulosottorekisterist\u00e4. Selvisi, ettei h\u00e4nell\u00e4 ole en\u00e4\u00e4 merkint\u00f6j\u00e4 rekisteriss\u00e4. Sofia on maksanut laskunsa. <\/p>\n<p class=\"wp-block-paragraph\">Sofialla on ollut merkint\u00f6j\u00e4 ulosotossa my\u00f6s aiemminkin alkaen vuodesta 2024. <\/p>\n<p>Sofian puoliso tulee miljon\u00e4\u00e4risuvusta<\/p>\n<p class=\"wp-block-paragraph\">Bel\u00f3rf saa puolisoltaan usein kalliita lahjoja. Ne ovat olleet esimerkiksi \u00f6kylaukkuja ja koruja. Puoliso on <strong>Jeff<\/strong>, jonka kasvoja ei ole n\u00e4hty Sofian sometilill\u00e4 eik\u00e4 Sofia Bling Bling Dubai -sarjassa.<\/p>\n<p class=\"wp-block-paragraph\">Sofia mainitsee v\u00e4lill\u00e4 puolisonsa. Jeffin tiedet\u00e4\u00e4n tulevan rikkaasta miljon\u00e4\u00e4risuvusta. Optikkoliikepohatta on itsekin miljon\u00e4\u00e4ri. Sofia on kertonut Jeffin hurmanneen h\u00e4net karmealla tavalla.<\/p>\n<p class=\"wp-block-paragraph\">Jeff oli Sofian n\u00e4hdess\u00e4\u00e4n laittanut ensin turvamiehen asialle.<\/p>\n<p class=\"wp-block-paragraph\">\u2013 S\u00e4 n\u00e4yt\u00e4t mun asiakkaan unelmanaiselta, oli turvamies k\u00e4ynyt ensin sanomassa Sofialle.<\/p>\n<p class=\"wp-block-paragraph\">\u2013 Hei, voinko siepata sinut ikuisiksi ajoiksi, oli lopulta paikalle tullut Jeff tokaissut Sofialle.<\/p>\n<p class=\"wp-block-paragraph\">L\u00e4hde: <a href=\"https:\/\/www.iltalehti.fi\/viihdeuutiset\/a\/e8a3405d-7299-46a8-b060-ef814b82c9f1\" target=\"_blank\" rel=\"noreferrer noopener nofollow\">Iltalehti<\/a><\/p>\n","protected":false},"excerpt":{"rendered":"Dubaissa asuva kaunotar Sofia Bel\u00f3rf on j\u00e4tt\u00e4nyt laskuja maksamatta. Seiska uutisoi aiemmin Sofian maksaneen yhden ulosottoon menneen laskun.&hellip;\n","protected":false},"author":2,"featured_media":341242,"comment_status":"","ping_status":"","sticky":false,"template":"","format":"standard","meta":{"footnotes":"","_share_on_mastodon":"0"},"categories":[136],"tags":[407,137,33,31,30,408,2758,32,109],"class_list":["post-341241","post","type-post","status-publish","format-standard","has-post-thumbnail","category-julkkikset","tag-celebrities","tag-entertainment","tag-fi","tag-finland","tag-finnish","tag-julkkikset","tag-sofia-belorf","tag-suomi","tag-viihde"],"share_on_mastodon":{"url":"","error":""},"_links":{"self":[{"href":"https:\/\/www.europesays.com\/fi\/wp-json\/wp\/v2\/posts\/341241","targetHints":{"allow":["GET"]}}],"collection":[{"href":"https:\/\/www.europesays.com\/fi\/wp-json\/wp\/v2\/posts"}],"about":[{"href":"https:\/\/www.europesays.com\/fi\/wp-json\/wp\/v2\/types\/post"}],"author":[{"embeddable":true,"href":"https:\/\/www.europesays.com\/fi\/wp-json\/wp\/v2\/users\/2"}],"replies":[{"embeddable":true,"href":"https:\/\/www.europesays.com\/fi\/wp-json\/wp\/v2\/comments?post=341241"}],"version-history":[{"count":0,"href":"https:\/\/www.europesays.com\/fi\/wp-json\/wp\/v2\/posts\/341241\/revisions"}],"wp:featuredmedia":[{"embeddable":true,"href":"https:\/\/www.europesays.com\/fi\/wp-json\/wp\/v2\/media\/341242"}],"wp:attachment":[{"href":"https:\/\/www.europesays.com\/fi\/wp-json\/wp\/v2\/media?parent=341241"}],"wp:term":[{"taxonomy":"category","embeddable":true,"href":"https:\/\/www.europesays.com\/fi\/wp-json\/wp\/v2\/categories?post=341241"},{"taxonomy":"post_tag","embeddable":true,"href":"https:\/\/www.europesays.com\/fi\/wp-json\/wp\/v2\/tags?post=341241"}],"curies":[{"name":"wp","href":"https:\/\/api.w.org\/{rel}","templated":true}]}}