{"id":341243,"date":"2026-09-04T10:48:13","date_gmt":"2026-09-04T10:48:13","guid":{"rendered":"https:\/\/www.europesays.com\/fi\/341243\/"},"modified":"2026-09-04T10:48:13","modified_gmt":"2026-09-04T10:48:13","slug":"martti-aihan-jattiveistos-katosi-oulun-keskustasta-taustalla-kaupungin-historian-suurin-julkisen-taiteen-kunnostus","status":"publish","type":"post","link":"https:\/\/www.europesays.com\/fi\/341243\/","title":{"rendered":"Martti Aihan j\u00e4ttiveistos katosi Oulun keskustasta \u2013 taustalla kaupungin historian suurin julkisen taiteen kunnostus"},"content":{"rendered":"<p>    <img decoding=\"async\" class=\"responsive-image article__image-image lozad\"   src=\"https:\/\/www.europesays.com\/fi\/wp-content\/uploads\/2026\/09\/UeKYMgQ3ENXcTzLZ6tf-fSdkmYRh87QtxoKDoPyWXIfAX1j7OfNwmYwAoFYcYbXjTf1t6JH7d0gp-7PDYh5Mmt9gkzV_oopv6_q1.jpeg\" alt=\"Kaupunginojan ylitt\u00e4v\u00e4\u00e4 Mediator-teosta purettiin Snellmanninpuistossa viime tiistaina.\"\/><\/p>\n<p>\n                Kaupunginojan ylitt\u00e4v\u00e4\u00e4 Mediator-teosta purettiin Snellmanninpuistossa viime tiistaina.\n              <\/p>\n<p>\n                Kuva: P\u00e4ivi Kyll\u00f6nen-Kunnas\n              <\/p>\n<p class=\"article__paragraph\">\n      Oulun kaupungintaloa vastap\u00e4\u00e4t\u00e4 sijaitsevasta Snellmaninpuistosta katosi syyskuun ensimm\u00e4isen\u00e4 p\u00e4iv\u00e4n\u00e4 n\u00e4kyv\u00e4 maamerkki. Mutta ei lopullisesti.\n    <\/p>\n<p class=\"article__paragraph\">\n      L\u00e4hes 30-metrinen oranssi ter\u00e4sveistos on viety pois kunnostamisen vuoksi.\n    <\/p>\n<p class=\"article__paragraph\">\n      Pudasj\u00e4rvel\u00e4issyntyisen kuvanveist\u00e4j\u00e4n Martti Aihan (1952\u20132023) teos Mediator on sijainnut keskeisell\u00e4 paikalla kaupunkia 27 vuotta. Se kuuluu Oulun kaupungin kokoelmaan, jota hoitaa Oulun taidemuseo.\n    <\/p>\n<p class=\"article__paragraph\">\n      Sanomalehti Kaleva tilasi ja lahjoitti ty\u00f6n satavuotisjuhlavuotenaan 1999 Oulun kaupungille.<\/p>\n<p>    Kaleva kertoo, mit\u00e4 Pohjois-Suomessa tapahtuu ja miksi sill\u00e4 on v\u00e4li\u00e4. Ensimm\u00e4iset 2 kk yhteens\u00e4 9,90 \u20ac<\/p>\n<p>Rajaton lukuoikeus verkkosivuilla ja sovelluksessa<br \/>\nN\u00e4k\u00f6islehdet ja arkisto<br \/>\nGalleriat, videot ja live-l\u00e4hetykset<br \/>\nPodcastit<br \/>\nP\u00e4ivitt\u00e4iset uutiset s\u00e4hk\u00f6postiisi<br \/>\nPelit ja koulutukset<br \/>\nTilaajaedut <\/p>\n","protected":false},"excerpt":{"rendered":"Kaupunginojan ylitt\u00e4v\u00e4\u00e4 Mediator-teosta purettiin Snellmanninpuistossa viime tiistaina. Kuva: P\u00e4ivi Kyll\u00f6nen-Kunnas Oulun kaupungintaloa vastap\u00e4\u00e4t\u00e4 sijaitsevasta Snellmaninpuistosta katosi syyskuun ensimm\u00e4isen\u00e4&hellip;\n","protected":false},"author":2,"featured_media":341244,"comment_status":"","ping_status":"","sticky":false,"template":"","format":"standard","meta":{"footnotes":"","_share_on_mastodon":"0"},"categories":[135],"tags":[389,387,388,390,137,33,31,30,32,394,393,391,392,109],"class_list":["post-341243","post","type-post","status-publish","format-standard","has-post-thumbnail","category-taiteet-ja-suunnittelu","tag-arts","tag-arts-and-design","tag-artsanddesign","tag-design","tag-entertainment","tag-fi","tag-finland","tag-finnish","tag-suomi","tag-suunnittelu","tag-taiteet","tag-taiteet-ja-suunnittelu","tag-taiteetsuunnittelu","tag-viihde"],"share_on_mastodon":{"url":"https:\/\/pubeurope.com\/@fi\/117212381839434226","error":""},"_links":{"self":[{"href":"https:\/\/www.europesays.com\/fi\/wp-json\/wp\/v2\/posts\/341243","targetHints":{"allow":["GET"]}}],"collection":[{"href":"https:\/\/www.europesays.com\/fi\/wp-json\/wp\/v2\/posts"}],"about":[{"href":"https:\/\/www.europesays.com\/fi\/wp-json\/wp\/v2\/types\/post"}],"author":[{"embeddable":true,"href":"https:\/\/www.europesays.com\/fi\/wp-json\/wp\/v2\/users\/2"}],"replies":[{"embeddable":true,"href":"https:\/\/www.europesays.com\/fi\/wp-json\/wp\/v2\/comments?post=341243"}],"version-history":[{"count":0,"href":"https:\/\/www.europesays.com\/fi\/wp-json\/wp\/v2\/posts\/341243\/revisions"}],"wp:featuredmedia":[{"embeddable":true,"href":"https:\/\/www.europesays.com\/fi\/wp-json\/wp\/v2\/media\/341244"}],"wp:attachment":[{"href":"https:\/\/www.europesays.com\/fi\/wp-json\/wp\/v2\/media?parent=341243"}],"wp:term":[{"taxonomy":"category","embeddable":true,"href":"https:\/\/www.europesays.com\/fi\/wp-json\/wp\/v2\/categories?post=341243"},{"taxonomy":"post_tag","embeddable":true,"href":"https:\/\/www.europesays.com\/fi\/wp-json\/wp\/v2\/tags?post=341243"}],"curies":[{"name":"wp","href":"https:\/\/api.w.org\/{rel}","templated":true}]}}