{"id":341251,"date":"2026-09-04T10:59:10","date_gmt":"2026-09-04T10:59:10","guid":{"rendered":"https:\/\/www.europesays.com\/fi\/341251\/"},"modified":"2026-09-04T10:59:10","modified_gmt":"2026-09-04T10:59:10","slug":"kyproksen-lauttaturmassa-kuolleiden-maara-nousi-yli-kymmeneen-yli-10-yha-kateissa-uutissuomalainen-2","status":"publish","type":"post","link":"https:\/\/www.europesays.com\/fi\/341251\/","title":{"rendered":"Kyproksen lauttaturmassa kuolleiden m\u00e4\u00e4r\u00e4 nousi yli kymmeneen \u2013 yli 10 yh\u00e4 kateissa | Uutissuomalainen"},"content":{"rendered":"<p>Kyproksen rannikolla tapahtuneen lauttaturman uhrien m\u00e4\u00e4r\u00e4 nousi perjantaina jo kahteentoista, kertoivat viranomaiset. Kateissa on yh\u00e4 16 ihmist\u00e4.<\/p>\n<p>Pohjois-Kyproksen p\u00e4\u00e4ministeri \u00dcnal \u00dcstel kirjoitti viestipalvelu <a href=\"https:\/\/x.com\/dtunalustel\/status\/2095785928769900744\" rel=\"nofollow\">X:ss\u00e4<\/a>, ett\u00e4 etsinn\u00e4t loppujenkin kadonneiden l\u00f6yt\u00e4miseksi jatkuvat. Aluksen hylky makaa yli 500 metrin syvyydess\u00e4, joten etsint\u00f6ihin k\u00e4ytet\u00e4\u00e4n muun muassa sukellusrobotteja.<\/p>\n<p>Valtaosa sek\u00e4 uhreista ett\u00e4 kadoksissa olleista on turkkilaisia.<\/p>\n<p>Alus kaatui ja upposi Kyproksen pohjoisrannikon edustalla pian l\u00e4hdetty\u00e4\u00e4n sunnuntaina Kyrenian satamasta. Lautalla oli onnettomuushetkell\u00e4 l\u00e4hes 270 ihmist\u00e4.<\/p>\n<p>Lautan kapteeni ja kahdeksan miehist\u00f6n j\u00e4sent\u00e4 ovat tutkintavankeudessa. Heit\u00e4 ep\u00e4ill\u00e4\u00e4n muun muassa kuolemantuottamuksesta. Kapteenia ja miehist\u00f6\u00e4 kuullaan seuraavan kerran oikeudessa torstaina.<\/p>\n","protected":false},"excerpt":{"rendered":"Kyproksen rannikolla tapahtuneen lauttaturman uhrien m\u00e4\u00e4r\u00e4 nousi perjantaina jo kahteentoista, kertoivat viranomaiset. Kateissa on yh\u00e4 16 ihmist\u00e4. Pohjois-Kyproksen&hellip;\n","protected":false},"author":2,"featured_media":341252,"comment_status":"","ping_status":"","sticky":false,"template":"","format":"standard","meta":{"footnotes":"","_share_on_mastodon":"0"},"categories":[14],"tags":[22,23,26,27,33,31,30,17,2455,683,24,25,121,28,29,4077,15,120,18,21,32,19,20,56,16,2569,2568,872,59,60,61],"class_list":["post-341251","post","type-post","status-publish","format-standard","has-post-thumbnail","category-ulkomaat","tag-breaking-news","tag-breakingnews","tag-featured-news","tag-featurednews","tag-fi","tag-finland","tag-finnish","tag-headlines","tag-hengenvaara-ja-loukkaantuminen","tag-kuolema","tag-latest-news","tag-latestnews","tag-liikenne-ja-kuljetus","tag-main-news","tag-mainnews","tag-meret","tag-news","tag-onnettomuustapaus","tag-otsikot","tag-paauutiset","tag-suomi","tag-top-stories","tag-topstories","tag-ulkomaat","tag-uutiset","tag-vesikulkuneuvot","tag-vesiliikenne","tag-vesistot","tag-world","tag-world-news","tag-worldnews"],"share_on_mastodon":{"url":"https:\/\/pubeurope.com\/@fi\/117212424663741156","error":""},"_links":{"self":[{"href":"https:\/\/www.europesays.com\/fi\/wp-json\/wp\/v2\/posts\/341251","targetHints":{"allow":["GET"]}}],"collection":[{"href":"https:\/\/www.europesays.com\/fi\/wp-json\/wp\/v2\/posts"}],"about":[{"href":"https:\/\/www.europesays.com\/fi\/wp-json\/wp\/v2\/types\/post"}],"author":[{"embeddable":true,"href":"https:\/\/www.europesays.com\/fi\/wp-json\/wp\/v2\/users\/2"}],"replies":[{"embeddable":true,"href":"https:\/\/www.europesays.com\/fi\/wp-json\/wp\/v2\/comments?post=341251"}],"version-history":[{"count":0,"href":"https:\/\/www.europesays.com\/fi\/wp-json\/wp\/v2\/posts\/341251\/revisions"}],"wp:featuredmedia":[{"embeddable":true,"href":"https:\/\/www.europesays.com\/fi\/wp-json\/wp\/v2\/media\/341252"}],"wp:attachment":[{"href":"https:\/\/www.europesays.com\/fi\/wp-json\/wp\/v2\/media?parent=341251"}],"wp:term":[{"taxonomy":"category","embeddable":true,"href":"https:\/\/www.europesays.com\/fi\/wp-json\/wp\/v2\/categories?post=341251"},{"taxonomy":"post_tag","embeddable":true,"href":"https:\/\/www.europesays.com\/fi\/wp-json\/wp\/v2\/tags?post=341251"}],"curies":[{"name":"wp","href":"https:\/\/api.w.org\/{rel}","templated":true}]}}