{"id":341253,"date":"2026-09-04T11:00:16","date_gmt":"2026-09-04T11:00:16","guid":{"rendered":"https:\/\/www.europesays.com\/fi\/341253\/"},"modified":"2026-09-04T11:00:16","modified_gmt":"2026-09-04T11:00:16","slug":"yle-joensuun-seksisauna-taas-auki","status":"publish","type":"post","link":"https:\/\/www.europesays.com\/fi\/341253\/","title":{"rendered":"Yle: Joensuun seksisauna taas auki"},"content":{"rendered":"<p>Uimahalli sulki miesten h\u00f6yrysaunan kes\u00e4kuussa siveett\u00f6m\u00e4n sukupuolitoiminnan vuoksi.<\/p>\n<p><img decoding=\"async\" src=\"https:\/\/www.europesays.com\/fi\/wp-content\/uploads\/2026\/09\/1788519616_580_468.jpg\" alt=\"Joensuun Vesikon virkistysuimalan miesten h\u00f6yrysaunassa oli harrastettu \u201dsiveet\u00f6nt\u00e4 sukupuolitoimintaa\u201d.\" class=\"_Img_1rerz_1\" style=\"aspect-ratio:1920\/1080\" loading=\"eager\"\/><\/p>\n<p class=\"font-(family-name:--picture-caption-font-family) text-(length:--picture-caption-font-size) leading-(--picture-caption-leading) font-(--picture-caption-font-weight) text-(color:--picture-caption-color)\">Joensuun Vesikon virkistysuimalan miesten h\u00f6yrysaunassa oli harrastettu \u201dsiveet\u00f6nt\u00e4 sukupuolitoimintaa\u201d. Kuva:\u00a0Pinja Sarkkinen<\/p>\n<p>Lue tiivistelm\u00e4<\/p>\n<p class=\"article-body mb-(--paragraph-margin-b) px-nof-16 sndp-summary-bullet-point-font\">Joensuun Vesikon virkistysuimalan asiattoman k\u00e4yt\u00f6ksen vuoksi suljettu miesten h\u00f6yrysauna on avattu uudelleen.<\/p>\n<p class=\"article-body mb-(--paragraph-margin-b) px-nof-16 sndp-summary-bullet-point-font\">Kes\u00e4kuussa uutisoitiin, ett\u00e4 h\u00f6yrysaunaan kokoontui ennalta sovitusti miesten porukoita harrastamaan seksuaalista toimintaa.<\/p>\n<p class=\"article-body mb-(--paragraph-margin-b) px-nof-16 sndp-summary-bullet-point-font\">Kaupunki seuraa tilannetta, ja kes\u00e4ll\u00e4 tehdyt muutosty\u00f6t ovat palauttaneet saunarauhan.<\/p>\n<p class=\"article-body mb-(--paragraph-margin-b) px-nof-16\">Joensuussa h\u00e4iritsev\u00e4n k\u00e4yt\u00f6ksen takia v\u00e4liaikaisesti suljettu miesten h\u00f6yrysauna on j\u00e4lleen avattu. Asiasta kertoo <a class=\"underline underline-offset-[0.12em] [text-decoration-thickness:var(--generic-link-underline-thickness)] [text-decoration-color:var(--generic-link-underline-color)] [text-decoration-skip-ink:var(--generic-link-underline-skip-ink)] break-words\" href=\"https:\/\/yle.fi\/a\/74-20244384\" rel=\"nofollow noopener\" target=\"_blank\">Yle.<\/a><\/p>\n<p class=\"article-body mb-(--paragraph-margin-b) px-nof-16\">Kaupungin liikuntajohtaja <a class=\"font-bold underline-offset-[0.12em] [text-decoration:var(--person-link-text-decoration)] [text-decoration-color:var(--person-link-text-decoration-color)]!\" href=\"https:\/\/www.is.fi\/haku\/?query=Timo%20Heinonen\" rel=\"nofollow noopener\" target=\"_blank\">Timo Heinonen<\/a> <a class=\"underline underline-offset-[0.12em] [text-decoration-thickness:var(--generic-link-underline-thickness)] [text-decoration-color:var(--generic-link-underline-color)] [text-decoration-skip-ink:var(--generic-link-underline-skip-ink)] break-words\" href=\"https:\/\/www.is.fi\/kotimaa\/art-2000012105373.html\" rel=\"nofollow noopener\" target=\"_blank\">kertoi kes\u00e4kuussa Ilta-Sanomille<\/a>, ett\u00e4 Joensuun Vesikon virkistysuimalan miesten h\u00f6yrysaunassa oli harrastettu \u201dsiveet\u00f6nt\u00e4 sukupuolitoimintaa\u201d. H\u00e4nen mukaansa virkistysuimalan h\u00f6yrysaunaan kokoontui ennalta sovitusti miesten porukoita harrastamaan seksuaalista toimintaa. Tapaamisista sovittiin netiss\u00e4.<\/p>\n<p class=\"article-body mb-(--paragraph-margin-b) px-nof-16\">Lis\u00e4ksi uimahallin asiakkailta saatiin palautetta, ett\u00e4 h\u00f6yrysaunassa miesten puolelta tirkisteltiin naisten puolelle lasisein\u00e4n yli. Heinonen kertoi, ettei lasisein\u00e4 yll\u00e4 aivan kattoon asti. V\u00e4lisein\u00e4n pinnoitteeseen oli my\u00f6s raaputettu aukko, josta n\u00e4ki toiselle puolelle. Heinosen mukaan tirkistely ei liittynyt miesporukoiden seksitreffeihin.<\/p>\n<p class=\"article-body mb-(--paragraph-margin-b) px-nof-16\">Kes\u00e4kuussa uimahalli ilmoitti, ett\u00e4 miesten puolen h\u00f6yrysauna suljetaan asian vuoksi ainakin hein\u00e4kuussa alkaneeseen kes\u00e4huoltoon asti. Heinonen harmitteli Joensuun kaupungin tiedotteessa, ett\u00e4 sauna t\u00e4ytyi sulkea kaikilta miehilt\u00e4, mutta totesi, ett\u00e4 \u201dt\u00e4llaiselle k\u00e4yt\u00f6kselle on saatava loppu\u201d. Kaupunki toivoi, ett\u00e4 asian saama julkisuus saa ep\u00e4asiallisen k\u00e4yt\u00f6ksen loppumaan.<\/p>\n<p class=\"article-body mb-(--paragraph-margin-b) px-nof-16\">Ylen mukaan h\u00f6yrysaunan v\u00e4lisein\u00e4 on nyt korjattu, eik\u00e4 sen yli tai ali pysty en\u00e4\u00e4 kurkkimaan.<\/p>\n<p class=\"article-body mb-(--paragraph-margin-b) px-nof-16\">Liikuntapalvelup\u00e4\u00e4llikk\u00f6 <a class=\"font-bold underline-offset-[0.12em] [text-decoration:var(--person-link-text-decoration)] [text-decoration-color:var(--person-link-text-decoration-color)]!\" href=\"https:\/\/www.is.fi\/haku\/?query=Vesa%20Martiskainen\" rel=\"nofollow noopener\" target=\"_blank\">Vesa Martiskainen<\/a> kertoo Ylelle, ett\u00e4 uimahallilla seurataan tilannetta. Kes\u00e4ll\u00e4 tehdyt saunan muutosty\u00f6t ovat pieni\u00e4, mutta ne ovat palauttaneet saunarauhan.<\/p>\n<p class=\"article-body mb-(--paragraph-margin-b) px-nof-16\">Uimahallissa tapahtunut miesten v\u00e4linen seksuaalinen toiminta on liittynyt ilmeisesti cruising-ilmi\u00f6\u00f6n eli suomeksi kruisailuun, jossa ihmiset sopivat anonyymeist\u00e4 seksitreffeist\u00e4 joko etuk\u00e4teen verkossa tai ilmestym\u00e4ll\u00e4 suoraan paikan p\u00e4\u00e4lle.<\/p>\n<p class=\"article-body mb-(--paragraph-margin-b) px-nof-16\">Kruisailu sai alkunsa aikana, kun homous oli laitonta, mutta ilmi\u00f6 el\u00e4\u00e4 yh\u00e4.<\/p>\n<p class=\"article-body mb-(--paragraph-margin-b) px-nof-16\">Heinonen kertoi IS:lle kes\u00e4kuussa, ett\u00e4 viimeisin miesten h\u00f6yrysaunaan ennen sulkemista sopima tapaaminen saatiin estetty\u00e4 nettil\u00e4hteen perusteella.<\/p>\n","protected":false},"excerpt":{"rendered":"Uimahalli sulki miesten h\u00f6yrysaunan kes\u00e4kuussa siveett\u00f6m\u00e4n sukupuolitoiminnan vuoksi. Joensuun Vesikon virkistysuimalan miesten h\u00f6yrysaunassa oli harrastettu \u201dsiveet\u00f6nt\u00e4 sukupuolitoimintaa\u201d. Kuva:\u00a0Pinja&hellip;\n","protected":false},"author":2,"featured_media":341254,"comment_status":"","ping_status":"","sticky":false,"template":"","format":"standard","meta":{"footnotes":"","_share_on_mastodon":"0"},"categories":[12],"tags":[22,23,26,27,33,31,30,17,34,24,25,28,29,15,18,21,32,19,20,16],"class_list":["post-341253","post","type-post","status-publish","format-standard","has-post-thumbnail","category-suomi","tag-breaking-news","tag-breakingnews","tag-featured-news","tag-featurednews","tag-fi","tag-finland","tag-finnish","tag-headlines","tag-ilta-sanomat","tag-latest-news","tag-latestnews","tag-main-news","tag-mainnews","tag-news","tag-otsikot","tag-paauutiset","tag-suomi","tag-top-stories","tag-topstories","tag-uutiset"],"share_on_mastodon":{"url":"https:\/\/pubeurope.com\/@fi\/117212429325264810","error":""},"_links":{"self":[{"href":"https:\/\/www.europesays.com\/fi\/wp-json\/wp\/v2\/posts\/341253","targetHints":{"allow":["GET"]}}],"collection":[{"href":"https:\/\/www.europesays.com\/fi\/wp-json\/wp\/v2\/posts"}],"about":[{"href":"https:\/\/www.europesays.com\/fi\/wp-json\/wp\/v2\/types\/post"}],"author":[{"embeddable":true,"href":"https:\/\/www.europesays.com\/fi\/wp-json\/wp\/v2\/users\/2"}],"replies":[{"embeddable":true,"href":"https:\/\/www.europesays.com\/fi\/wp-json\/wp\/v2\/comments?post=341253"}],"version-history":[{"count":0,"href":"https:\/\/www.europesays.com\/fi\/wp-json\/wp\/v2\/posts\/341253\/revisions"}],"wp:featuredmedia":[{"embeddable":true,"href":"https:\/\/www.europesays.com\/fi\/wp-json\/wp\/v2\/media\/341254"}],"wp:attachment":[{"href":"https:\/\/www.europesays.com\/fi\/wp-json\/wp\/v2\/media?parent=341253"}],"wp:term":[{"taxonomy":"category","embeddable":true,"href":"https:\/\/www.europesays.com\/fi\/wp-json\/wp\/v2\/categories?post=341253"},{"taxonomy":"post_tag","embeddable":true,"href":"https:\/\/www.europesays.com\/fi\/wp-json\/wp\/v2\/tags?post=341253"}],"curies":[{"name":"wp","href":"https:\/\/api.w.org\/{rel}","templated":true}]}}