{"id":341257,"date":"2026-09-04T11:02:13","date_gmt":"2026-09-04T11:02:13","guid":{"rendered":"https:\/\/www.europesays.com\/fi\/341257\/"},"modified":"2026-09-04T11:02:13","modified_gmt":"2026-09-04T11:02:13","slug":"kuusojasta-halutaan-vapaa-joki-kontiolahdella-vaellusesteet-pois-ja-luontoa-tilalle-pohjois-karjala","status":"publish","type":"post","link":"https:\/\/www.europesays.com\/fi\/341257\/","title":{"rendered":"Kuusojasta halutaan vapaa joki Kontiolahdella \u2013 vaellusesteet pois ja luontoa tilalle | Pohjois-Karjala"},"content":{"rendered":"<p class=\"aw__sc-1qwuw0s-0 aw__sc-1vg2sqm-0 epAWpq ecELkD yle__article__paragraph\">Kalastuskunta hakee lupaa muuttaa Kuusjoen Kankikosken s\u00e4\u00e4nn\u00f6stelypato pohjapadoksi. Se palauttaisi Kuusojaan vaelluskalojen nousu\u00admahdollisuuden.<\/p>\n<p><img decoding=\"async\" alt=\"Taimenen poikanen.\" src=\"https:\/\/www.europesays.com\/fi\/wp-content\/uploads\/2026\/09\/1621849212.jpeg\" class=\"aw__sc-dklauk-0 LPzKX\"\/><\/p>\n<p>Avaa kuvien katselu<\/p>\n<p>Taimen. Kuvituskuva ei ole Kuusojalta. Kuva: Henrik Kettunen<\/p>\n<p class=\"aw__sc-1qwuw0s-0 aw__sc-ngllmo-0 epAWpq fzYpjk yle__article__paragraph\">Pielisjokeen laskevan Kuusojan vaelluskalaesteit\u00e4 halutaan poistaa. Lupa- ja valvontavirastolta on haettu lupaa poistaa Kankikosken s\u00e4\u00e4nn\u00f6stelypato ja korvata se pohjapadolla, joka mahdollistaisi luontaisen kalojen nousun joen latvoille.<\/p>\n<p class=\"aw__sc-1qwuw0s-0 aw__sc-ngllmo-0 epAWpq fzYpjk yle__article__paragraph\">Kuusoja on parinkymmenen kilometrin pituinen joki, joka laskee Joensuun Enosta Kuusj\u00e4rvelt\u00e4 Kontiolahden kunnan alueen kautta Pielisjokeen.<\/p>\n<p class=\"aw__sc-1qwuw0s-0 aw__sc-ngllmo-0 epAWpq fzYpjk yle__article__paragraph\">Padonpurku- ja muutoslupaa hakee Kangasveden osakaskunta. Samalla haetaan Kankikosken kalanviljelylaitoksen luvan poistoa.<\/p>\n<p class=\"aw__sc-1qwuw0s-0 aw__sc-ngllmo-0 epAWpq fzYpjk yle__article__paragraph\">Hakemuksen mukaan tavoitteena on patojen muutoksen lis\u00e4ksi kunnostaa uomaa kalojen kulun ja virtavesiluonnon parantamiseksi.<\/p>\n<p class=\"aw__sc-1qwuw0s-0 aw__sc-ngllmo-0 epAWpq fzYpjk yle__article__paragraph\">Hankkeen arvioidaan parantavan vesist\u00f6n ekologista tilaa ja luonnon monimuotoisuutta sek\u00e4 edist\u00e4v\u00e4n vaelluskalojen ja muun vesieli\u00f6st\u00f6n liikkumismahdollisuuksia.<\/p>\n<p class=\"aw__sc-1qwuw0s-0 aw__sc-ngllmo-0 epAWpq fzYpjk yle__article__paragraph\">Pohjois-Karjalassa on viime vuosina kunnostettu pieni\u00e4 jokia ja puroja muun muassa H\u00f6yti\u00e4isen rannoilla.<\/p>\n<p class=\"aw__sc-1qwuw0s-0 aw__sc-ngllmo-0 epAWpq fzYpjk yle__article__paragraph\"><strong class=\"aw__sc-ngllmo-2 gdRrun yle__article__strong\">Virtavesien kunnostuksessa pyrit\u00e4\u00e4n toimivaan elinymp\u00e4rist\u00f6\u00f6n. Erikoistutkija Saija Koljonen kertoo:<\/strong><\/p>\n<p>Virtavesien kunnostuksia on k\u00e4ynniss\u00e4 eri puolilla Suomea. <\/p>\n","protected":false},"excerpt":{"rendered":"Kalastuskunta hakee lupaa muuttaa Kuusjoen Kankikosken s\u00e4\u00e4nn\u00f6stelypato pohjapadoksi. Se palauttaisi Kuusojaan vaelluskalojen nousu\u00admahdollisuuden. Avaa kuvien katselu Taimen. Kuvituskuva&hellip;\n","protected":false},"author":2,"featured_media":341258,"comment_status":"","ping_status":"","sticky":false,"template":"","format":"standard","meta":{"footnotes":"","_share_on_mastodon":"0"},"categories":[117],"tags":[33,31,30,1133,1732,1729,1686,72,476,1137,118,32,119,39814,872,477],"class_list":["post-341257","post","type-post","status-publish","format-standard","has-post-thumbnail","category-luonto","tag-fi","tag-finland","tag-finnish","tag-joensuu","tag-kalastus","tag-kalat","tag-kontiolahti","tag-luonto","tag-nature","tag-pohjois-karjala","tag-science","tag-suomi","tag-tiede","tag-vaelluskalat","tag-vesistot","tag-wildlife"],"share_on_mastodon":{"url":"https:\/\/pubeurope.com\/@fi\/117212437192163109","error":""},"_links":{"self":[{"href":"https:\/\/www.europesays.com\/fi\/wp-json\/wp\/v2\/posts\/341257","targetHints":{"allow":["GET"]}}],"collection":[{"href":"https:\/\/www.europesays.com\/fi\/wp-json\/wp\/v2\/posts"}],"about":[{"href":"https:\/\/www.europesays.com\/fi\/wp-json\/wp\/v2\/types\/post"}],"author":[{"embeddable":true,"href":"https:\/\/www.europesays.com\/fi\/wp-json\/wp\/v2\/users\/2"}],"replies":[{"embeddable":true,"href":"https:\/\/www.europesays.com\/fi\/wp-json\/wp\/v2\/comments?post=341257"}],"version-history":[{"count":0,"href":"https:\/\/www.europesays.com\/fi\/wp-json\/wp\/v2\/posts\/341257\/revisions"}],"wp:featuredmedia":[{"embeddable":true,"href":"https:\/\/www.europesays.com\/fi\/wp-json\/wp\/v2\/media\/341258"}],"wp:attachment":[{"href":"https:\/\/www.europesays.com\/fi\/wp-json\/wp\/v2\/media?parent=341257"}],"wp:term":[{"taxonomy":"category","embeddable":true,"href":"https:\/\/www.europesays.com\/fi\/wp-json\/wp\/v2\/categories?post=341257"},{"taxonomy":"post_tag","embeddable":true,"href":"https:\/\/www.europesays.com\/fi\/wp-json\/wp\/v2\/tags?post=341257"}],"curies":[{"name":"wp","href":"https:\/\/api.w.org\/{rel}","templated":true}]}}