{"id":341259,"date":"2026-09-04T11:06:13","date_gmt":"2026-09-04T11:06:13","guid":{"rendered":"https:\/\/www.europesays.com\/fi\/341259\/"},"modified":"2026-09-04T11:06:13","modified_gmt":"2026-09-04T11:06:13","slug":"tupoksen-lammen-varjasi-todennakoisesti-leva-laboratoriotuloksia-odotetaan","status":"publish","type":"post","link":"https:\/\/www.europesays.com\/fi\/341259\/","title":{"rendered":"Tupoksen lammen v\u00e4rj\u00e4si todenn\u00e4k\u00f6isesti lev\u00e4 \u2013 laboratoriotuloksia odotetaan"},"content":{"rendered":"<p>    <img decoding=\"async\" class=\"responsive-image article__image-image lozad\"   src=\"https:\/\/www.europesays.com\/fi\/wp-content\/uploads\/2026\/09\/1788519973_740_MTGUDfKTgA_zXonoPr-1V4_M-hbelkq08NhRT9Q9oKdDy7vKG_05jFZomArRjLnW02betSDwCB7XvPs9dWrXqRzua1NP079eKfPc.jpeg\" alt=\"Keskiviikkona lammen pinnalla oli sinert\u00e4v\u00e4 kerros.\"\/><\/p>\n<p>\n                Keskiviikkona lammen pinnalla oli sinert\u00e4v\u00e4 kerros.\n              <\/p>\n<p>\n                Kuva: Heli Makkonen\n              <\/p>\n<p class=\"article__paragraph\">\n      Tupoksen Karinmontun uimapaikan viereisen lammen veden v\u00e4rj\u00e4\u00e4ntymisen syy on todenn\u00e4k\u00f6isesti sinilev\u00e4, kertoo biologi Mirja Heikkinen Lupa- ja valvontaviraston vesien ja merenhoidon yksik\u00f6st\u00e4.\n    <\/p>\n<p class=\"article__paragraph\">\n      \u2013\u202fEn ole k\u00e4ynyt paikalla, mutta kuvan perusteella n\u00e4ytt\u00e4\u00e4 hyvin tyypilliselt\u00e4 sinilev\u00e4n massakukintojen hajoamiselta. Siit\u00e4 voi tulla hajua ja turkoosia v\u00e4ri\u00e4.\n    <\/p>\n<p class=\"article__paragraph\">\n      Heikkisen mukaan lev\u00e4 on todenn\u00e4k\u00f6inen syy senkin vuoksi, ett\u00e4 esimerkiksi maali olisi sotkenut my\u00f6s rantaa, mit\u00e4 Tupoksen tapauksessa ei ole havaittu.<\/p>\n<p>    Kaleva kertoo, mit\u00e4 Pohjois-Suomessa tapahtuu ja miksi sill\u00e4 on v\u00e4li\u00e4. Ensimm\u00e4iset 2 kk yhteens\u00e4 9,90 \u20ac<\/p>\n<p>Rajaton lukuoikeus verkkosivuilla ja sovelluksessa<br \/>\nN\u00e4k\u00f6islehdet ja arkisto<br \/>\nGalleriat, videot ja live-l\u00e4hetykset<br \/>\nPodcastit<br \/>\nP\u00e4ivitt\u00e4iset uutiset s\u00e4hk\u00f6postiisi<br \/>\nPelit ja koulutukset<br \/>\nTilaajaedut <\/p>\n","protected":false},"excerpt":{"rendered":"Keskiviikkona lammen pinnalla oli sinert\u00e4v\u00e4 kerros. Kuva: Heli Makkonen Tupoksen Karinmontun uimapaikan viereisen lammen veden v\u00e4rj\u00e4\u00e4ntymisen syy on&hellip;\n","protected":false},"author":2,"featured_media":341260,"comment_status":"","ping_status":"","sticky":false,"template":"","format":"standard","meta":{"footnotes":"","_share_on_mastodon":"0"},"categories":[113],"tags":[446,33,31,30,118,32,119,447],"class_list":["post-341259","post","type-post","status-publish","format-standard","has-post-thumbnail","category-ymparisto","tag-environment","tag-fi","tag-finland","tag-finnish","tag-science","tag-suomi","tag-tiede","tag-ymparisto"],"share_on_mastodon":{"url":"https:\/\/pubeurope.com\/@fi\/117212452879961086","error":""},"_links":{"self":[{"href":"https:\/\/www.europesays.com\/fi\/wp-json\/wp\/v2\/posts\/341259","targetHints":{"allow":["GET"]}}],"collection":[{"href":"https:\/\/www.europesays.com\/fi\/wp-json\/wp\/v2\/posts"}],"about":[{"href":"https:\/\/www.europesays.com\/fi\/wp-json\/wp\/v2\/types\/post"}],"author":[{"embeddable":true,"href":"https:\/\/www.europesays.com\/fi\/wp-json\/wp\/v2\/users\/2"}],"replies":[{"embeddable":true,"href":"https:\/\/www.europesays.com\/fi\/wp-json\/wp\/v2\/comments?post=341259"}],"version-history":[{"count":0,"href":"https:\/\/www.europesays.com\/fi\/wp-json\/wp\/v2\/posts\/341259\/revisions"}],"wp:featuredmedia":[{"embeddable":true,"href":"https:\/\/www.europesays.com\/fi\/wp-json\/wp\/v2\/media\/341260"}],"wp:attachment":[{"href":"https:\/\/www.europesays.com\/fi\/wp-json\/wp\/v2\/media?parent=341259"}],"wp:term":[{"taxonomy":"category","embeddable":true,"href":"https:\/\/www.europesays.com\/fi\/wp-json\/wp\/v2\/categories?post=341259"},{"taxonomy":"post_tag","embeddable":true,"href":"https:\/\/www.europesays.com\/fi\/wp-json\/wp\/v2\/tags?post=341259"}],"curies":[{"name":"wp","href":"https:\/\/api.w.org\/{rel}","templated":true}]}}