{"id":341267,"date":"2026-09-04T11:14:17","date_gmt":"2026-09-04T11:14:17","guid":{"rendered":"https:\/\/www.europesays.com\/fi\/341267\/"},"modified":"2026-09-04T11:14:17","modified_gmt":"2026-09-04T11:14:17","slug":"kiinnostava-valokuvanayttely-kuvaa-pienyrittajien-arkea-paikalliset","status":"publish","type":"post","link":"https:\/\/www.europesays.com\/fi\/341267\/","title":{"rendered":"Kiinnostava valokuvan\u00e4yttely kuvaa pienyritt\u00e4jien arkea | Paikalliset"},"content":{"rendered":"<p>Helsingin Mall of Triplassa on avautunut valokuvan\u00e4yttely, joka nostaa esille suomalaisten pienyritt\u00e4jien arkea ja monimuotoisuutta.<\/p>\n<p>Valokuvaaja <strong>Janita Aution <\/strong>ja laskutuspalvelu Ukko.fi:n yhteisty\u00f6ss\u00e4 toteuttama Oodi yritt\u00e4jyydelle -n\u00e4yttely esittelee 16 yritt\u00e4j\u00e4\u00e4 eri puolilta Suomea heid\u00e4n omissa ty\u00f6ymp\u00e4rist\u00f6iss\u00e4\u00e4n. Mukana on muun muassa maanviljelij\u00f6it\u00e4, psykoterapeutti, h\u00e4vikkikukkakauppias, taidemaalari ja siivouspalveluyritt\u00e4j\u00e4.<\/p>\n<p>Valokuvan\u00e4yttely aloittaa kierroksensa Mall of Triplasta, jossa se on esill\u00e4 9. syyskuuta asti. Sen j\u00e4lkeen se siirtyy Helsingin p\u00e4\u00e4rautatieasemalle ja sielt\u00e4 edelleen Helsinki\u2013Vantaan lentokent\u00e4lle, jossa n\u00e4yttely on esill\u00e4 25. lokakuuta saakka.<\/p>\n<p>N\u00e4yttelyn tavoitteena on tuoda n\u00e4kyv\u00e4ksi yritt\u00e4jien monipuoliset tarinat ja arjen haasteet, jotka usein j\u00e4\u00e4v\u00e4t tilastojen ja menestystarinoiden varjoon.<\/p>\n<p>N\u00e4yttelyyn on vapaa p\u00e4\u00e4sy.<\/p>\n<p><strong>Valokuvaaja Janita Aution ja Ukko.fi:n Oodi yritt\u00e4jyydelle -n\u00e4yttelykiertue:<\/strong><\/p>\n<p>Mall of Tripla, Helsinki: 4.-9.9.2026<\/p>\n<p>Helsingin p\u00e4\u00e4rautatieasema, Postihalli 10.9.-16.9.2026<\/p>\n<p>Finavian saapuvat-aula Helsinki-Vantaan lentoasema 26.9.-25.10.2026<\/p>\n","protected":false},"excerpt":{"rendered":"Helsingin Mall of Triplassa on avautunut valokuvan\u00e4yttely, joka nostaa esille suomalaisten pienyritt\u00e4jien arkea ja monimuotoisuutta. Valokuvaaja Janita Aution&hellip;\n","protected":false},"author":2,"featured_media":341268,"comment_status":"","ping_status":"","sticky":false,"template":"","format":"standard","meta":{"footnotes":"","_share_on_mastodon":"0"},"categories":[135],"tags":[29949,389,387,388,390,137,33,31,30,2306,405,104,11342,121,923,32,394,393,391,392,109],"class_list":["post-341267","post","type-post","status-publish","format-standard","has-post-thumbnail","category-taiteet-ja-suunnittelu","tag-ai-uutiset","tag-arts","tag-arts-and-design","tag-artsanddesign","tag-design","tag-entertainment","tag-fi","tag-finland","tag-finnish","tag-helsingin-paarautatieasema","tag-helsingin-seutukunta","tag-helsinki","tag-ilmailulaitos-finavia","tag-liikenne-ja-kuljetus","tag-matkustaminen","tag-suomi","tag-suunnittelu","tag-taiteet","tag-taiteet-ja-suunnittelu","tag-taiteetsuunnittelu","tag-viihde"],"share_on_mastodon":{"url":"https:\/\/pubeurope.com\/@fi\/117212483736382105","error":""},"_links":{"self":[{"href":"https:\/\/www.europesays.com\/fi\/wp-json\/wp\/v2\/posts\/341267","targetHints":{"allow":["GET"]}}],"collection":[{"href":"https:\/\/www.europesays.com\/fi\/wp-json\/wp\/v2\/posts"}],"about":[{"href":"https:\/\/www.europesays.com\/fi\/wp-json\/wp\/v2\/types\/post"}],"author":[{"embeddable":true,"href":"https:\/\/www.europesays.com\/fi\/wp-json\/wp\/v2\/users\/2"}],"replies":[{"embeddable":true,"href":"https:\/\/www.europesays.com\/fi\/wp-json\/wp\/v2\/comments?post=341267"}],"version-history":[{"count":0,"href":"https:\/\/www.europesays.com\/fi\/wp-json\/wp\/v2\/posts\/341267\/revisions"}],"wp:featuredmedia":[{"embeddable":true,"href":"https:\/\/www.europesays.com\/fi\/wp-json\/wp\/v2\/media\/341268"}],"wp:attachment":[{"href":"https:\/\/www.europesays.com\/fi\/wp-json\/wp\/v2\/media?parent=341267"}],"wp:term":[{"taxonomy":"category","embeddable":true,"href":"https:\/\/www.europesays.com\/fi\/wp-json\/wp\/v2\/categories?post=341267"},{"taxonomy":"post_tag","embeddable":true,"href":"https:\/\/www.europesays.com\/fi\/wp-json\/wp\/v2\/tags?post=341267"}],"curies":[{"name":"wp","href":"https:\/\/api.w.org\/{rel}","templated":true}]}}