{"id":341277,"date":"2026-09-04T11:25:08","date_gmt":"2026-09-04T11:25:08","guid":{"rendered":"https:\/\/www.europesays.com\/fi\/341277\/"},"modified":"2026-09-04T11:25:08","modified_gmt":"2026-09-04T11:25:08","slug":"whon-laaketarvikevarastoon-iskettiin-kiovassa-yle","status":"publish","type":"post","link":"https:\/\/www.europesays.com\/fi\/341277\/","title":{"rendered":"WHO:n l\u00e4\u00e4ketarvikevarastoon iskettiin Kiovassa &#8211; Yle"},"content":{"rendered":"<ol>\n<li><a href=\"https:\/\/news.google.com\/rss\/articles\/CBMiUkFVX3lxTFBKSi1FWW1DTTFhN1dTRFRBbUlWMTV4NG1nclhvV1UxR1V1bldEZ0tUZkpzTmV3amZicDVnNmR3RDhZMXM2VzBvOHBSdTVqek9zREE?oc=5\" target=\"_blank\" rel=\"nofollow noopener\">WHO:n l\u00e4\u00e4ketarvikevarastoon iskettiin Kiovassa<\/a>&nbsp;&nbsp;Yle<\/li>\n<li><a href=\"https:\/\/news.google.com\/rss\/articles\/CBMifEFVX3lxTE4zSngwcWs0a0Q5VWo4RjVxQnNJemJKM1VoMDBCWUxqNTVLT0pRSVQtWVR6Y1RLMV9iR3ZHVzVud1J6ekpVdzRtcklSOUx0alVtYW5Mc0tWMXBTejdGVGhSS1B4QXVpT3Jhb2JremE2ZE5neVFCRU5yWWM4SFA?oc=5\" target=\"_blank\" rel=\"nofollow noopener\">Ukraina aiheutti sekasorron Ven\u00e4j\u00e4n lentokentille \u2013 Katso paljonpuhuva graafi<\/a>&nbsp;&nbsp;Iltalehti<\/li>\n<li><a href=\"https:\/\/news.google.com\/rss\/articles\/CBMiXEFVX3lxTE1tZ01sY3hsVFhiZjFnZ1BURHRycU9aZVRkNS1VdFpNc0R0QnFuNDlmOV91cV9QZ2xTa1Uxd0szU0IyeENSQWtzSjV0bkJUM1dGblpuSEtFSjVtaVFl?oc=5\" target=\"_blank\" rel=\"nofollow noopener\">Ven\u00e4j\u00e4 | Ukrainan riskialtis operaatio Moskovan lentokenttien sulkemiseksi saattaa olla alkamassa<\/a>&nbsp;&nbsp;HS.fi<\/li>\n<li><a href=\"https:\/\/news.google.com\/rss\/articles\/CBMiZ0FVX3lxTE11NkcwUHpEQzZWT3hSWHJPOUl4eEZuZFJnbHJadFBHbnd2OEhZOG5CTXB0TngyS20wTlpQVkpEXzVNaWZmbGNlajBMMjVVZFhsYnpDSUdwN0p3Y2lxTy1udXo4NWpyUnc?oc=5\" target=\"_blank\" rel=\"nofollow noopener\">Ukraina juuri nyt | Ukraina iski j\u00e4lleen Sotshiin \u2013 \u00f6ljyvarasto syttyi tuleen<\/a>&nbsp;&nbsp;Aamulehti<\/li>\n<li><a href=\"https:\/\/news.google.com\/rss\/articles\/CBMimAFBVV95cUxPRzVfcFEzVXNTZzBpQ1ZXaF9iUXNNTDluWU16dUlkM0Rua19zeFlOS0FrdHctVUNwM3k0VW9XcnE4V2oyd2JHUkVDdzR5TmFuVzZZRFpsVEppUWMwcy1RX2VQbUIwU0RVNmlfaExxaUFoaTdLV05HR1VWOHE4N1oxSFdPVXZyWS1nNjY1RmdMNGxfVmJRTnk2aQ?oc=5\" target=\"_blank\" rel=\"nofollow noopener\">Ven\u00e4j\u00e4 muutti droonien taktiikkaa: Iskuja puolen tunnin v\u00e4lein<\/a>&nbsp;&nbsp;Verkkouutiset<\/li>\n<\/ol>\n","protected":false},"excerpt":{"rendered":"WHO:n l\u00e4\u00e4ketarvikevarastoon iskettiin Kiovassa&nbsp;&nbsp;Yle Ukraina aiheutti sekasorron Ven\u00e4j\u00e4n lentokentille \u2013 Katso paljonpuhuva graafi&nbsp;&nbsp;Iltalehti Ven\u00e4j\u00e4 | Ukrainan riskialtis operaatio&hellip;\n","protected":false},"author":2,"featured_media":341278,"comment_status":"","ping_status":"","sticky":false,"template":"","format":"standard","meta":{"footnotes":"","_share_on_mastodon":"0"},"categories":[14],"tags":[22,23,26,27,33,31,30,17,70,24,25,28,29,15,18,21,32,19,20,1303,56,16,547,987,59,60,61],"class_list":["post-341277","post","type-post","status-publish","format-standard","has-post-thumbnail","category-ulkomaat","tag-breaking-news","tag-breakingnews","tag-featured-news","tag-featurednews","tag-fi","tag-finland","tag-finnish","tag-headlines","tag-kansainvalinen-politiikka","tag-latest-news","tag-latestnews","tag-main-news","tag-mainnews","tag-news","tag-otsikot","tag-paauutiset","tag-suomi","tag-top-stories","tag-topstories","tag-ukraina","tag-ulkomaat","tag-uutiset","tag-venaja","tag-venajan-hyokkays","tag-world","tag-world-news","tag-worldnews"],"share_on_mastodon":{"url":"https:\/\/pubeurope.com\/@fi\/117212527056473758","error":""},"_links":{"self":[{"href":"https:\/\/www.europesays.com\/fi\/wp-json\/wp\/v2\/posts\/341277","targetHints":{"allow":["GET"]}}],"collection":[{"href":"https:\/\/www.europesays.com\/fi\/wp-json\/wp\/v2\/posts"}],"about":[{"href":"https:\/\/www.europesays.com\/fi\/wp-json\/wp\/v2\/types\/post"}],"author":[{"embeddable":true,"href":"https:\/\/www.europesays.com\/fi\/wp-json\/wp\/v2\/users\/2"}],"replies":[{"embeddable":true,"href":"https:\/\/www.europesays.com\/fi\/wp-json\/wp\/v2\/comments?post=341277"}],"version-history":[{"count":0,"href":"https:\/\/www.europesays.com\/fi\/wp-json\/wp\/v2\/posts\/341277\/revisions"}],"wp:featuredmedia":[{"embeddable":true,"href":"https:\/\/www.europesays.com\/fi\/wp-json\/wp\/v2\/media\/341278"}],"wp:attachment":[{"href":"https:\/\/www.europesays.com\/fi\/wp-json\/wp\/v2\/media?parent=341277"}],"wp:term":[{"taxonomy":"category","embeddable":true,"href":"https:\/\/www.europesays.com\/fi\/wp-json\/wp\/v2\/categories?post=341277"},{"taxonomy":"post_tag","embeddable":true,"href":"https:\/\/www.europesays.com\/fi\/wp-json\/wp\/v2\/tags?post=341277"}],"curies":[{"name":"wp","href":"https:\/\/api.w.org\/{rel}","templated":true}]}}