{"id":341279,"date":"2026-09-04T11:26:13","date_gmt":"2026-09-04T11:26:13","guid":{"rendered":"https:\/\/www.europesays.com\/fi\/341279\/"},"modified":"2026-09-04T11:26:13","modified_gmt":"2026-09-04T11:26:13","slug":"rajavartiolaitos-tutkii-valtionrajarikosta-sallassa-saksalaisnaisen-epaillaan-menneen-rajan-yli-venajalle-lappi","status":"publish","type":"post","link":"https:\/\/www.europesays.com\/fi\/341279\/","title":{"rendered":"Rajavartiolaitos tutkii valtionrajarikosta Sallassa \u2013 saksalaisnaisen ep\u00e4ill\u00e4\u00e4n menneen rajan yli Ven\u00e4j\u00e4lle | Lappi"},"content":{"rendered":"<p class=\"aw__sc-1qwuw0s-0 aw__sc-1vg2sqm-0 epAWpq ecELkD yle__article__paragraph\">Naista etsittiin pitk\u00e4\u00e4n sen j\u00e4lkeen, kun tyhjill\u00e4\u00e4n ollut auto l\u00f6ytyi veden varasta.<\/p>\n<p><img decoding=\"async\" alt=\"Kartta, jossa n\u00e4kyv\u00e4t Savukoski, Salla ja Saija.\" src=\"https:\/\/www.europesays.com\/fi\/wp-content\/uploads\/2026\/09\/1782896488.jpeg\" class=\"aw__sc-dklauk-0 LPzKX\"\/><\/p>\n<p>Avaa kuvien katselu<\/p>\n<p>Poliisi k\u00e4ynnisti hein\u00e4kuun alussa naisen etsinn\u00e4n saatuaan ilmoituksen veden varaan joutuneesta henkil\u00f6autosta, jossa ei ollut ket\u00e4\u00e4n kyydiss\u00e4. Kuva: Samuli Holopainen\/Yle, Openstreetmap, Mapcreator<\/p>\n<p class=\"aw__sc-1qwuw0s-0 aw__sc-ngllmo-0 epAWpq fzYpjk yle__article__paragraph\">Sallassa hein\u00e4kuun alussa kadonnut saksalainen noin 50-vuotias nainen on mennyt Ven\u00e4j\u00e4n puolelle. Rajavartiolaitos tutkii tapausta valtionrajarikoksena.<\/p>\n<p class=\"aw__sc-1qwuw0s-0 aw__sc-ngllmo-0 epAWpq fzYpjk yle__article__paragraph\">\u2013 Rikosep\u00e4ily perustuu siihen, ett\u00e4 henkil\u00f6 olisi ylitt\u00e4nyt rajan paikasta, jossa se ei ole sallittua. Ep\u00e4ilemme, ett\u00e4 rajanylitys on tapahtunut elokuun lopussa, kertoo tutkinnanjohtaja <strong class=\"aw__sc-ngllmo-2 gdRrun yle__article__strong\">Frans Hietanen<\/strong>.<\/p>\n<p class=\"aw__sc-1qwuw0s-0 aw__sc-ngllmo-0 epAWpq fzYpjk yle__article__paragraph\">Suomen ja Ven\u00e4j\u00e4n v\u00e4linen maaraja on ollut suljettuna joulukuusta 2023 alkaen.<\/p>\n<p class=\"aw__sc-1qwuw0s-0 aw__sc-ngllmo-0 epAWpq fzYpjk yle__article__paragraph\">Hietasen mukaan nainen on todenn\u00e4k\u00f6isesti ylitt\u00e4nyt rajan ihan itse.<\/p>\n<p class=\"aw__sc-1qwuw0s-0 aw__sc-ngllmo-0 epAWpq fzYpjk yle__article__paragraph\">\u2013 Kaappauksesta ei ole viitteit\u00e4, h\u00e4n sanoo.<\/p>\n<p class=\"aw__sc-1qwuw0s-0 aw__sc-ngllmo-0 epAWpq fzYpjk yle__article__paragraph\">Rikoksen selvitt\u00e4misess\u00e4 on tavoitteena, ett\u00e4 naista p\u00e4\u00e4st\u00e4isiin kuulemaan.<\/p>\n<p class=\"aw__sc-1qwuw0s-0 aw__sc-ngllmo-0 epAWpq fzYpjk yle__article__paragraph\">\u2013 Rajavartiolaitos vaihtaa tietoja naapurivaltioiden, my\u00f6s Ven\u00e4j\u00e4n kanssa, Hietanen kertoo.<\/p>\n<p class=\"aw__sc-1qwuw0s-0 aw__sc-ngllmo-0 epAWpq fzYpjk yle__article__paragraph\">Poliisi k\u00e4ynnisti hein\u00e4kuun alussa naisen etsinn\u00e4n saatuaan ilmoituksen veden varaan joutuneesta henkil\u00f6autosta, jossa ei ollut ket\u00e4\u00e4n kyydiss\u00e4. Poliisi tiedottaa p\u00e4\u00e4tt\u00e4neens\u00e4 naisen etsinn\u00e4n.<\/p>\n","protected":false},"excerpt":{"rendered":"Naista etsittiin pitk\u00e4\u00e4n sen j\u00e4lkeen, kun tyhjill\u00e4\u00e4n ollut auto l\u00f6ytyi veden varasta. Avaa kuvien katselu Poliisi k\u00e4ynnisti hein\u00e4kuun&hellip;\n","protected":false},"author":2,"featured_media":341280,"comment_status":"","ping_status":"","sticky":false,"template":"","format":"standard","meta":{"footnotes":"","_share_on_mastodon":"0"},"categories":[12],"tags":[22,23,26,27,33,31,30,17,71,667,24,25,28,29,15,18,21,4272,5465,1263,32,19,20,16,547],"class_list":["post-341279","post","type-post","status-publish","format-standard","has-post-thumbnail","category-suomi","tag-breaking-news","tag-breakingnews","tag-featured-news","tag-featurednews","tag-fi","tag-finland","tag-finnish","tag-headlines","tag-kotimaa","tag-lappi","tag-latest-news","tag-latestnews","tag-main-news","tag-mainnews","tag-news","tag-otsikot","tag-paauutiset","tag-rajavalvonta","tag-rajavartiolaitos","tag-rikosepailyt","tag-suomi","tag-top-stories","tag-topstories","tag-uutiset","tag-venaja"],"share_on_mastodon":{"url":"https:\/\/pubeurope.com\/@fi\/117212531543312434","error":""},"_links":{"self":[{"href":"https:\/\/www.europesays.com\/fi\/wp-json\/wp\/v2\/posts\/341279","targetHints":{"allow":["GET"]}}],"collection":[{"href":"https:\/\/www.europesays.com\/fi\/wp-json\/wp\/v2\/posts"}],"about":[{"href":"https:\/\/www.europesays.com\/fi\/wp-json\/wp\/v2\/types\/post"}],"author":[{"embeddable":true,"href":"https:\/\/www.europesays.com\/fi\/wp-json\/wp\/v2\/users\/2"}],"replies":[{"embeddable":true,"href":"https:\/\/www.europesays.com\/fi\/wp-json\/wp\/v2\/comments?post=341279"}],"version-history":[{"count":0,"href":"https:\/\/www.europesays.com\/fi\/wp-json\/wp\/v2\/posts\/341279\/revisions"}],"wp:featuredmedia":[{"embeddable":true,"href":"https:\/\/www.europesays.com\/fi\/wp-json\/wp\/v2\/media\/341280"}],"wp:attachment":[{"href":"https:\/\/www.europesays.com\/fi\/wp-json\/wp\/v2\/media?parent=341279"}],"wp:term":[{"taxonomy":"category","embeddable":true,"href":"https:\/\/www.europesays.com\/fi\/wp-json\/wp\/v2\/categories?post=341279"},{"taxonomy":"post_tag","embeddable":true,"href":"https:\/\/www.europesays.com\/fi\/wp-json\/wp\/v2\/tags?post=341279"}],"curies":[{"name":"wp","href":"https:\/\/api.w.org\/{rel}","templated":true}]}}