{"id":341281,"date":"2026-09-04T11:27:17","date_gmt":"2026-09-04T11:27:17","guid":{"rendered":"https:\/\/www.europesays.com\/fi\/341281\/"},"modified":"2026-09-04T11:27:17","modified_gmt":"2026-09-04T11:27:17","slug":"isw-putinilta-harvinainen-ulostulo-ilta-sanomat","status":"publish","type":"post","link":"https:\/\/www.europesays.com\/fi\/341281\/","title":{"rendered":"ISW: Putinilta harvinainen ulostulo &#8211; Ilta-Sanomat"},"content":{"rendered":"<p>Putinin mukaan h\u00e4nen k\u00e4sityksens\u00e4 taistelukent\u00e4n tilanteesta on \u201dvarsin objektiivinen\u201d.<\/p>\n<p><img decoding=\"async\" src=\"https:\/\/www.europesays.com\/fi\/wp-content\/uploads\/2026\/09\/1788521237_897_468.jpg\" alt=\"Vladimir Putin kommentoi sotatilannetta ja omia informaation l\u00e4hteit\u00e4\u00e4n tiedotustilaisuudessaan Kirgisiassa tiistaina. \" class=\"_Img_1rerz_1\" style=\"aspect-ratio:1920\/1080\" loading=\"eager\"\/><\/p>\n<p class=\"font-(family-name:--picture-caption-font-family) text-(length:--picture-caption-font-size) leading-(--picture-caption-leading) font-(--picture-caption-font-weight) text-(color:--picture-caption-color)\">Vladimir Putin kommentoi sotatilannetta ja omia informaation l\u00e4hteit\u00e4\u00e4n tiedotustilaisuudessaan Kirgisiassa tiistaina.  Kuva:\u00a0Vyacheslav Prokofyev<\/p>\n<p class=\"article-body mb-(--paragraph-margin-b) px-nof-16\">Ven\u00e4j\u00e4n johtaja <a class=\"font-bold underline-offset-[0.12em] [text-decoration:var(--person-link-text-decoration)] [text-decoration-color:var(--person-link-text-decoration-color)]!\" href=\"https:\/\/www.is.fi\/haku\/?query=Vladimir%20Putin\" rel=\"nofollow noopener\" target=\"_blank\">Vladimir Putin <\/a>esitti aiemmin t\u00e4ll\u00e4 viikolla j\u00e4lleen Ukrainan sotatilanteesta v\u00e4itteit\u00e4, joille ei ole todellisuuspohjaa, kertoo ajatushautomo <a class=\"underline underline-offset-[0.12em] [text-decoration-thickness:var(--generic-link-underline-thickness)] [text-decoration-color:var(--generic-link-underline-color)] [text-decoration-skip-ink:var(--generic-link-underline-skip-ink)] break-words\" href=\"https:\/\/understandingwar.org\/research\/russia-ukraine\/russian-offensive-campaign-assessment-september-2-2026\/\" rel=\"nofollow noopener\" target=\"_blank\">Institute for the Study of War<\/a> (ISW).<\/p>\n<p class=\"article-body mb-(--paragraph-margin-b) px-nof-16\">Putin v\u00e4itti lehdist\u00f6tilaisuudessaan Kirgisian Bishkekiss\u00e4, ett\u00e4 Ven\u00e4j\u00e4 etenee kaikilla rintamalohkoilla ja Ukrainan puolustusta uhkaa romahdus. ISW:n mukaan kummallekaan v\u00e4itteelle ei ole todellisuuspohjaa.<\/p>\n<p class=\"article-body mb-(--paragraph-margin-b) px-nof-16\">Harvinaista oli ISW:n mukaan se, ett\u00e4 Putin n\u00e4ytti joutuvan puuttumaan arvosteluun, jota ven\u00e4l\u00e4iset sotabloggaajat ja sotilasasiantuntijat ovat viime viikkoina yh\u00e4 tiiviimmin esitt\u00e4neet.<\/p>\n<p class=\"article-body mb-(--paragraph-margin-b) px-nof-16\">Kritiikin mukaan Ven\u00e4j\u00e4n asevoimat k\u00e4rsii ep\u00e4tarkoista ja liioitelluista raporteista, joita v\u00e4litet\u00e4\u00e4n komentoketjussa yl\u00f6sp\u00e4in esimiehille.<\/p>\n<p class=\"article-body mb-(--paragraph-margin-b) px-nof-16\">Putin kertoi saavansa tietoa taistelukent\u00e4lt\u00e4 \u201dmonista eri l\u00e4hteist\u00e4\u201d, mukaan lukien Ven\u00e4j\u00e4n asevoimien yleisesikunnan p\u00e4\u00e4llikk\u00f6 <a class=\"font-bold underline-offset-[0.12em] [text-decoration:var(--person-link-text-decoration)] [text-decoration-color:var(--person-link-text-decoration-color)]!\" href=\"https:\/\/www.is.fi\/haku\/?query=Valeri%20Gerasimov\" rel=\"nofollow noopener\" target=\"_blank\">Valeri Gerasimov <\/a>sek\u00e4 sotaan osallistuvat Ven\u00e4j\u00e4n tiedustelupalvelut ja viranomaiset. Putin korosti, ett\u00e4 h\u00e4nen k\u00e4sityksens\u00e4 taistelukent\u00e4n tilanteesta on siksi \u201dvarsin objektiivinen\u201d.<\/p>\n<p class=\"article-body mb-(--paragraph-margin-b) px-nof-16\">ISW:n mukaan Putin on todenn\u00e4k\u00f6isesti tietoinen siit\u00e4, ett\u00e4 h\u00e4nen katsotaan olevan et\u00e4\u00e4ntynyt Ukrainan taistelukent\u00e4n nykyisest\u00e4 todellisuudesta. Siksi h\u00e4n yritt\u00e4\u00e4 esiinty\u00e4 hyvin informoituna ja osallistuvana sodanajan johtajana.<\/p>\n<p class=\"article-body mb-(--paragraph-margin-b) px-nof-16\">Tilanteeseen vaikuttavat muun muassa l\u00e4hestyv\u00e4t duuman vaalit. Putinin uskotaan niiden vuoksi my\u00f6s lis\u00e4nneen julkisia esiintymisi\u00e4\u00e4n.<\/p>\n","protected":false},"excerpt":{"rendered":"Putinin mukaan h\u00e4nen k\u00e4sityksens\u00e4 taistelukent\u00e4n tilanteesta on \u201dvarsin objektiivinen\u201d. Vladimir Putin kommentoi sotatilannetta ja omia informaation l\u00e4hteit\u00e4\u00e4n tiedotustilaisuudessaan&hellip;\n","protected":false},"author":2,"featured_media":341282,"comment_status":"","ping_status":"","sticky":false,"template":"","format":"standard","meta":{"footnotes":"","_share_on_mastodon":"0"},"categories":[5],"tags":[22,23,26,27,33,31,30,17,34,24,25,28,29,15,18,21,32,19,20,16],"class_list":["post-341281","post","type-post","status-publish","format-standard","has-post-thumbnail","category-otsikot","tag-breaking-news","tag-breakingnews","tag-featured-news","tag-featurednews","tag-fi","tag-finland","tag-finnish","tag-headlines","tag-ilta-sanomat","tag-latest-news","tag-latestnews","tag-main-news","tag-mainnews","tag-news","tag-otsikot","tag-paauutiset","tag-suomi","tag-top-stories","tag-topstories","tag-uutiset"],"share_on_mastodon":{"url":"https:\/\/pubeurope.com\/@fi\/117212535494898223","error":""},"_links":{"self":[{"href":"https:\/\/www.europesays.com\/fi\/wp-json\/wp\/v2\/posts\/341281","targetHints":{"allow":["GET"]}}],"collection":[{"href":"https:\/\/www.europesays.com\/fi\/wp-json\/wp\/v2\/posts"}],"about":[{"href":"https:\/\/www.europesays.com\/fi\/wp-json\/wp\/v2\/types\/post"}],"author":[{"embeddable":true,"href":"https:\/\/www.europesays.com\/fi\/wp-json\/wp\/v2\/users\/2"}],"replies":[{"embeddable":true,"href":"https:\/\/www.europesays.com\/fi\/wp-json\/wp\/v2\/comments?post=341281"}],"version-history":[{"count":0,"href":"https:\/\/www.europesays.com\/fi\/wp-json\/wp\/v2\/posts\/341281\/revisions"}],"wp:featuredmedia":[{"embeddable":true,"href":"https:\/\/www.europesays.com\/fi\/wp-json\/wp\/v2\/media\/341282"}],"wp:attachment":[{"href":"https:\/\/www.europesays.com\/fi\/wp-json\/wp\/v2\/media?parent=341281"}],"wp:term":[{"taxonomy":"category","embeddable":true,"href":"https:\/\/www.europesays.com\/fi\/wp-json\/wp\/v2\/categories?post=341281"},{"taxonomy":"post_tag","embeddable":true,"href":"https:\/\/www.europesays.com\/fi\/wp-json\/wp\/v2\/tags?post=341281"}],"curies":[{"name":"wp","href":"https:\/\/api.w.org\/{rel}","templated":true}]}}