{"id":341283,"date":"2026-09-04T11:41:14","date_gmt":"2026-09-04T11:41:14","guid":{"rendered":"https:\/\/www.europesays.com\/fi\/341283\/"},"modified":"2026-09-04T11:41:14","modified_gmt":"2026-09-04T11:41:14","slug":"hymy-tauski-leikattiin-kesti-12-tuntia","status":"publish","type":"post","link":"https:\/\/www.europesays.com\/fi\/341283\/","title":{"rendered":"Hymy: Tauski leikattiin \u2013 Kesti 12 tuntia"},"content":{"rendered":"<p>Laulaja Tauski Peltonen kertoo k\u00e4yneens\u00e4 operaatiossa.<\/p>\n<p><img decoding=\"async\" class=\"image image-show image-preview\" src=\"https:\/\/www.europesays.com\/fi\/wp-content\/uploads\/2026\/09\/3311b40580c429e2233b06b3aab550290e6f58229fae84110e28d12a0f236d37.jpg\" alt=\"\"\/><img decoding=\"async\" class=\"image image-show\" src=\"https:\/\/www.europesays.com\/fi\/wp-content\/uploads\/2026\/09\/1788522074_218_3311b40580c429e2233b06b3aab550290e6f58229fae84110e28d12a0f236d37.jpg\" alt=\"\"\/><\/p>\n<p>Tauski Peltonen leikattiin. MIISA M\u00c4NTYSALO<\/p>\n<p class=\"paragraph\">Laulaja <strong>Tauski Peltonen<\/strong>, 63, kertoo <a href=\"https:\/\/hymy.fi\/uutiset\/laulaja-tauski-eli-tauno-peltonen-on-leikattu-turun-yliopistollisessa-keskussairaalass\/\" rel=\"noopener nofollow\" target=\"_blank\">Hymy<\/a>-lehdess\u00e4 joutuneensa keskiviikkona kiireelliseen leikkaukseen Turun yliopistollisessa keskussairaalassa, jossa operoitiin h\u00e4nen poskessaan oleva patti. Operaatio kesti 12 tuntia ja h\u00e4net vietiin kahteen eri otteeseen leikkaussaliin.<\/p>\n<p class=\"paragraph\">\u2013 Sain sis\u00e4isen verenvuodon, jonka vuoksi nyt minulla on dreeni kaulassa, josta valuu verta, Tauski kertoo lehdelle.<\/p>\n<p class=\"paragraph\">H\u00e4nen mukaansa kasvain on nyt patologilla tutkittavana, ja pian selvinnee, onko kyseess\u00e4 sy\u00f6p\u00e4kasvain.<\/p>\n<p class=\"paragraph\">Laulajan keikkakalenterissa h\u00e4\u00e4m\u00f6tt\u00e4\u00e4 seuraava keikka jo viikon p\u00e4\u00e4st\u00e4. H\u00e4n kiert\u00e4\u00e4 syksyll\u00e4 Lauluntekij\u00e4n kauneimmat rakkauslaulut -kiertueella eri paikkakunnilla.<\/p>\n<p class=\"paragraph\">Tauskilla on Instagramissa julkaistuun <a href=\"https:\/\/www.instagram.com\/p\/DcBu0jnofF4\/?hl=en\" rel=\"noopener nofollow\" target=\"_blank\">keikkap\u00e4ivitykseen<\/a> merkitty tiiviisti keikkoja marraskuun lopulle asti.<\/p>\n<p class=\"paragraph\">Vuonna 2024 laulaja kertoi <a href=\"https:\/\/www.iltalehti.fi\/viihdeuutiset\/cab18ecc-362c-4e61-abbf-98e56c9d70c2\" rel=\"nofollow noopener\" target=\"_blank\">Iltalehdelle<\/a> aloittaneensa Minnesota-hoidot terveytens\u00e4 vuoksi. H\u00e4n kertoi tuolloin, ettei keikkareissuihin alkoholi ole kuulunut en\u00e4\u00e4 vuosiin, mutta kotona korkki on napsahtanut auki kerran vuodessa. Tauski kertoi haluavansa el\u00e4\u00e4 terveellisemmin. Tuolloin h\u00e4n teki el\u00e4m\u00e4nmuutosta vaimonsa <strong>Henna Peltosen<\/strong> tuella.<\/p>\n<p class=\"paragraph\">Suhdetilanne on sittemmin muuttunut, sill\u00e4 Henna Peltonen j\u00e4tti avioerohakemuksen 6. toukokuuta Pirkanmaan k\u00e4r\u00e4j\u00e4oikeuteen, ja asia on t\u00e4ll\u00e4 hetkell\u00e4 <a href=\"https:\/\/www.iltalehti.fi\/viihdeuutiset\/aca4d25e-9970-467f-8095-c3403401285e\" rel=\"nofollow noopener\" target=\"_blank\">tiedoksiannossa<\/a> Tauskille.<\/p>\n<p><script async src=\"\/\/www.instagram.com\/embed.js\"><\/script><\/p>\n","protected":false},"excerpt":{"rendered":"Laulaja Tauski Peltonen kertoo k\u00e4yneens\u00e4 operaatiossa. Tauski Peltonen leikattiin. MIISA M\u00c4NTYSALO Laulaja Tauski Peltonen, 63, kertoo Hymy-lehdess\u00e4 joutuneensa&hellip;\n","protected":false},"author":2,"featured_media":341284,"comment_status":"","ping_status":"","sticky":false,"template":"","format":"standard","meta":{"footnotes":"","_share_on_mastodon":"0"},"categories":[136],"tags":[35,138,407,137,33,31,30,408,47,141,2461,32,502,109],"class_list":["post-341283","post","type-post","status-publish","format-standard","has-post-thumbnail","category-julkkikset","tag-24h","tag-audio","tag-celebrities","tag-entertainment","tag-fi","tag-finland","tag-finnish","tag-julkkikset","tag-musiikki","tag-muusikot-bandit","tag-sairaalat-ja-terveyskeskukset","tag-suomi","tag-terveydenhoito","tag-viihde"],"share_on_mastodon":{"url":"https:\/\/pubeurope.com\/@fi\/117212590304614567","error":""},"_links":{"self":[{"href":"https:\/\/www.europesays.com\/fi\/wp-json\/wp\/v2\/posts\/341283","targetHints":{"allow":["GET"]}}],"collection":[{"href":"https:\/\/www.europesays.com\/fi\/wp-json\/wp\/v2\/posts"}],"about":[{"href":"https:\/\/www.europesays.com\/fi\/wp-json\/wp\/v2\/types\/post"}],"author":[{"embeddable":true,"href":"https:\/\/www.europesays.com\/fi\/wp-json\/wp\/v2\/users\/2"}],"replies":[{"embeddable":true,"href":"https:\/\/www.europesays.com\/fi\/wp-json\/wp\/v2\/comments?post=341283"}],"version-history":[{"count":0,"href":"https:\/\/www.europesays.com\/fi\/wp-json\/wp\/v2\/posts\/341283\/revisions"}],"wp:featuredmedia":[{"embeddable":true,"href":"https:\/\/www.europesays.com\/fi\/wp-json\/wp\/v2\/media\/341284"}],"wp:attachment":[{"href":"https:\/\/www.europesays.com\/fi\/wp-json\/wp\/v2\/media?parent=341283"}],"wp:term":[{"taxonomy":"category","embeddable":true,"href":"https:\/\/www.europesays.com\/fi\/wp-json\/wp\/v2\/categories?post=341283"},{"taxonomy":"post_tag","embeddable":true,"href":"https:\/\/www.europesays.com\/fi\/wp-json\/wp\/v2\/tags?post=341283"}],"curies":[{"name":"wp","href":"https:\/\/api.w.org\/{rel}","templated":true}]}}