{"id":341287,"date":"2026-09-04T11:45:10","date_gmt":"2026-09-04T11:45:10","guid":{"rendered":"https:\/\/www.europesays.com\/fi\/341287\/"},"modified":"2026-09-04T11:45:10","modified_gmt":"2026-09-04T11:45:10","slug":"ville-tanskanen-aloittaa-nrjlla-ilta-sanomat","status":"publish","type":"post","link":"https:\/\/www.europesays.com\/fi\/341287\/","title":{"rendered":"Ville Tanskanen aloittaa NRJ:ll\u00e4 &#8211; Ilta-Sanomat"},"content":{"rendered":"<p>Ville Tanskanen aloittaa NRJ:ll\u00e4 Karoliina Tuomisen juontoparina.<\/p>\n<p><img decoding=\"async\" src=\"https:\/\/www.europesays.com\/fi\/wp-content\/uploads\/2026\/09\/1788522309_538_468.jpg\" alt=\"Ville Tanskanen vaihtaa NRJ:lle Suomir\u00e4pilt\u00e4.\" class=\"_Img_1rerz_1\" style=\"aspect-ratio:1920\/1080\" loading=\"eager\"\/><\/p>\n<p class=\"font-(family-name:--picture-caption-font-family) text-(length:--picture-caption-font-size) leading-(--picture-caption-leading) font-(--picture-caption-font-weight) text-(color:--picture-caption-color)\">Ville Tanskanen vaihtaa NRJ:lle Suomir\u00e4pilt\u00e4. Kuva:\u00a0Niko Tiainen \/ Bauer Media<\/p>\n<p class=\"article-body mb-(--paragraph-margin-b) px-nof-16\">Radiojuontaja <a class=\"font-bold underline-offset-[0.12em] [text-decoration:var(--person-link-text-decoration)] [text-decoration-color:var(--person-link-text-decoration-color)]!\" href=\"https:\/\/www.is.fi\/haku\/?query=Ville%20Tanskanen\" rel=\"nofollow noopener\" target=\"_blank\">Ville Tanskanen<\/a> aloittaa NRJ-radiokanavan uutena aamujuontajana. H\u00e4n alkaa juontaa kanavan aamul\u00e4hetyksi\u00e4 yhdess\u00e4 <a class=\"font-bold underline-offset-[0.12em] [text-decoration:var(--person-link-text-decoration)] [text-decoration-color:var(--person-link-text-decoration-color)]!\" href=\"https:\/\/www.is.fi\/haku\/?query=Karoliina%20Tuomisen\" rel=\"nofollow noopener\" target=\"_blank\">Karoliina Tuomisen<\/a> kanssa my\u00f6hemmin syyskuussa.<\/p>\n<p class=\"article-body mb-(--paragraph-margin-b) px-nof-16\">Asiasta uutisoi ensimm\u00e4isen\u00e4 <a class=\"underline underline-offset-[0.12em] [text-decoration-thickness:var(--generic-link-underline-thickness)] [text-decoration-color:var(--generic-link-underline-color)] [text-decoration-skip-ink:var(--generic-link-underline-skip-ink)] break-words\" href=\"https:\/\/www.iltalehti.fi\/musiikki\/a\/f8a51cdf-b45b-4c93-91aa-95838c7ca2f5?utm_source=rss\" rel=\"nofollow noopener\" target=\"_blank\">Iltalehti<\/a>.<\/p>\n<p class=\"article-body mb-(--paragraph-margin-b) px-nof-16\">Tanskanen on juontanut viime vuodet Suomir\u00e4p-kanavalla.<\/p>\n<p class=\"article-body mb-(--paragraph-margin-b) px-nof-16\">H\u00e4n kertoo IS:lle olevansa innoissaan tulevasta pestist\u00e4\u00e4n.<\/p>\n<p class=\"article-body mb-(--paragraph-margin-b) px-nof-16\">\u2013 On kyll\u00e4 mahtava juttu. J\u00e4nnitt\u00e4v\u00e4 ja hieno paikka, Tanskanen sanoo.<\/p>\n<p class=\"article-body mb-(--paragraph-margin-b) px-nof-16\">H\u00e4n on ehtinyt jo tehd\u00e4 demol\u00e4hetyksi\u00e4 Tuomisen kanssa. H\u00e4nell\u00e4 on pelkk\u00e4\u00e4 positiivista sanottavaa juontoparistaan.<\/p>\n<p class=\"article-body mb-(--paragraph-margin-b) px-nof-16\">\u2013 Karoliina on todella helposti l\u00e4hestytt\u00e4v\u00e4, avoin, hauska ja nokkela tyyppi. Minusta tuntuu, ett\u00e4 meill\u00e4 molemmilla on nopeat huumorihoksottimet, Tanskanen kuvailee.<\/p>\n<p class=\"article-body mb-(--paragraph-margin-b) px-nof-16\">Tanskanen juontaa viel\u00e4 ensi viikon Suomir\u00e4pin aamul\u00e4hetyksi\u00e4 ennen uusia haasteita.<\/p>\n<p><img decoding=\"async\" src=\"https:\/\/www.europesays.com\/fi\/wp-content\/uploads\/2026\/09\/1788522310_714_468.jpg\" alt=\"Karoliina Tuominen siirtyy Loopilta NRJ:lle.\" class=\"_Img_1rerz_1\" style=\"aspect-ratio:1920\/1280\" loading=\"eager\"\/><\/p>\n<p class=\"font-(family-name:--picture-caption-font-family) text-(length:--picture-caption-font-size) leading-(--picture-caption-leading) font-(--picture-caption-font-weight) text-(color:--picture-caption-color) picture-with-caption__caption picture-with-caption__caption--default-full\">Karoliina Tuominen siirtyy Loopilta NRJ:lle. Kuva:\u00a0Vilhelmiina Penttil\u00e4 \/ IS<\/p>\n<p class=\"article-body mb-(--paragraph-margin-b) px-nof-16\">Kyseess\u00e4 on suuri muutos Tanskaselle. H\u00e4n kokee olleensa mukavuusalueellaan juontaessaan Suomir\u00e4pill\u00e4.<\/p>\n<p class=\"article-body mb-(--paragraph-margin-b) px-nof-16\">\u2013 T\u00e4m\u00e4 on l\u00e4hestulkoon t\u00e4ydellinen muutos. Siirryn r\u00e4ppikanavalta ihan erilaiselle kanavalle juontamaan ja tekem\u00e4\u00e4n uusien tyyppien kanssa t\u00f6it\u00e4.<\/p>\n<p class=\"article-body mb-(--paragraph-margin-b) px-nof-16\">Aiemmin NRJ:n aamussa kuultiin <a class=\"font-bold underline-offset-[0.12em] [text-decoration:var(--person-link-text-decoration)] [text-decoration-color:var(--person-link-text-decoration-color)]!\" href=\"https:\/\/www.is.fi\/haku\/?query=Niko%20Saarisen\" rel=\"nofollow noopener\" target=\"_blank\">Niko Saarisen<\/a>, <a class=\"font-bold underline-offset-[0.12em] [text-decoration:var(--person-link-text-decoration)] [text-decoration-color:var(--person-link-text-decoration-color)]!\" href=\"https:\/\/www.is.fi\/haku\/?query=Mari-Prinsessa%20St%C3%A5hlhammarin\" rel=\"nofollow noopener\" target=\"_blank\">Mari-Prinsessa St\u00e5hlhammarin<\/a> ja <a class=\"font-bold underline-offset-[0.12em] [text-decoration:var(--person-link-text-decoration)] [text-decoration-color:var(--person-link-text-decoration-color)]!\" href=\"https:\/\/www.is.fi\/haku\/?query=Niko%20Nousiaisen\" rel=\"nofollow noopener\" target=\"_blank\">Niko Nousiaisen<\/a> yhteist\u00e4 Saarinen Sh\u00f6y -ohjelmaa. Saarinen ja St\u00e5hlhammar lopettivat NRJ:ll\u00e4 kes\u00e4kuussa ja p\u00e4\u00e4tyiv\u00e4t my\u00f6hemmin aloittamaan uuden podcastin.<\/p>\n<p class=\"article-body mb-(--paragraph-margin-b) px-nof-16\">NRJ:ll\u00e4 aloittava Tanskanen ei koe, ett\u00e4 on astumassa nyt Niko Saarisen saappaisiin eik\u00e4 koe t\u00e4ss\u00e4 mieless\u00e4 paineita.<\/p>\n<p class=\"article-body mb-(--paragraph-margin-b) px-nof-16\">\u2013 Nikolla ja heill\u00e4 oli mahtava ja hieno ohjelma ja suuri perint\u00f6, mutta nyt on jonkin toisenlaisen aika. En koe, ett\u00e4 yritt\u00e4isin hyp\u00e4t\u00e4 h\u00e4nen saappaisiinsa tai tehd\u00e4 mit\u00e4\u00e4n samalla lailla, koska jokainen tekee omalla tavallaan, Tanskanen pohtii.<\/p>\n<p class=\"article-body mb-(--paragraph-margin-b) px-nof-16\">Saarinen on voittanut vuoden radiojuontajan palkinnon Radiogaalassa nelj\u00e4 kertaa ollessaan NRJ:n juontaja.<\/p>\n<p class=\"article-body mb-(--paragraph-margin-b) px-nof-16\">Tuominen kertoi aiemmin <a class=\"underline underline-offset-[0.12em] [text-decoration-thickness:var(--generic-link-underline-thickness)] [text-decoration-color:var(--generic-link-underline-color)] [text-decoration-skip-ink:var(--generic-link-underline-skip-ink)] break-words\" href=\"https:\/\/www.iltalehti.fi\/viihdeuutiset\/a\/601c708d-8cdd-4e85-918f-4ce024daa0c9\" rel=\"nofollow noopener\" target=\"_blank\">Iltalehdelle<\/a> alkavansa juontaa NRJ:n aamul\u00e4hetyksi\u00e4. H\u00e4n juonsi aiemmin <a class=\"font-bold underline-offset-[0.12em] [text-decoration:var(--person-link-text-decoration)] [text-decoration-color:var(--person-link-text-decoration-color)]!\" href=\"https:\/\/www.is.fi\/haku\/?query=Mia%20Haatajan\" rel=\"nofollow noopener\" target=\"_blank\">Mia Haatajan<\/a> kanssa Loop-radiokanavalla. Tuominen otti IL:lle kantaa my\u00f6s juontopariinsa, joka oli tuolloin viel\u00e4 salaisuus.<\/p>\n<p class=\"article-body mb-(--paragraph-margin-b) px-nof-16\">\u2013 H\u00e4nen henkil\u00f6llisyytens\u00e4 tulee olemaan kaikille yll\u00e4tys. Kukaan ei sit\u00e4 osaa arvata, h\u00e4n sanoi lehdelle.<\/p>\n<p class=\"article-body mb-(--paragraph-margin-b) px-nof-16\">Lue lis\u00e4\u00e4: <a class=\"underline underline-offset-[0.12em] [text-decoration-thickness:var(--generic-link-underline-thickness)] [text-decoration-color:var(--generic-link-underline-color)] [text-decoration-skip-ink:var(--generic-link-underline-skip-ink)] break-words\" href=\"https:\/\/www.is.fi\/viihde\/art-2000012241543.html\" rel=\"nofollow noopener\" target=\"_blank\">IL: Karoliina Tuominen l\u00f6ysi uuden ty\u00f6n<\/a><\/p>\n<p class=\"article-body mb-(--paragraph-margin-b) px-nof-16\">Tanskanen kertoi elokuussa joutuneensa ambulanssilla sairaalaan.<\/p>\n<p class=\"article-body mb-(--paragraph-margin-b) px-nof-16\">\u2013 Kovat vatsakivut, pari p\u00e4iv\u00e4\u00e4 oksentelua ja lopulta maailma alkoi py\u00f6ri\u00e4 silmiss\u00e4 kuin karuselli. En ole koskaan kokenut sellaista, h\u00e4n kertoi Instagramissa.<\/p>\n<p class=\"article-body mb-(--paragraph-margin-b) px-nof-16\">H\u00e4n ei kertonut julkaisussaan, mik\u00e4 lopulta paljastui kaiken syyksi.<\/p>\n<p class=\"article-body mb-(--paragraph-margin-b) px-nof-16\">\u2013 En k\u00e4y t\u00e4ss\u00e4 nyt tarkemmin l\u00e4pi tutkimuksia tai diagnooseja, mutta ehk\u00e4 kerron t\u00e4st\u00e4 joskus viel\u00e4 enemm\u00e4n, h\u00e4n kirjoitti.<\/p>\n","protected":false},"excerpt":{"rendered":"Ville Tanskanen aloittaa NRJ:ll\u00e4 Karoliina Tuomisen juontoparina. Ville Tanskanen vaihtaa NRJ:lle Suomir\u00e4pilt\u00e4. Kuva:\u00a0Niko Tiainen \/ Bauer Media Radiojuontaja&hellip;\n","protected":false},"author":2,"featured_media":341288,"comment_status":"","ping_status":"","sticky":false,"template":"","format":"standard","meta":{"footnotes":"","_share_on_mastodon":"0"},"categories":[132],"tags":[137,33,31,30,34,195,47,32,109],"class_list":["post-341287","post","type-post","status-publish","format-standard","has-post-thumbnail","category-musiikki","tag-entertainment","tag-fi","tag-finland","tag-finnish","tag-ilta-sanomat","tag-music","tag-musiikki","tag-suomi","tag-viihde"],"share_on_mastodon":{"url":"https:\/\/pubeurope.com\/@fi\/117212606343195210","error":""},"_links":{"self":[{"href":"https:\/\/www.europesays.com\/fi\/wp-json\/wp\/v2\/posts\/341287","targetHints":{"allow":["GET"]}}],"collection":[{"href":"https:\/\/www.europesays.com\/fi\/wp-json\/wp\/v2\/posts"}],"about":[{"href":"https:\/\/www.europesays.com\/fi\/wp-json\/wp\/v2\/types\/post"}],"author":[{"embeddable":true,"href":"https:\/\/www.europesays.com\/fi\/wp-json\/wp\/v2\/users\/2"}],"replies":[{"embeddable":true,"href":"https:\/\/www.europesays.com\/fi\/wp-json\/wp\/v2\/comments?post=341287"}],"version-history":[{"count":0,"href":"https:\/\/www.europesays.com\/fi\/wp-json\/wp\/v2\/posts\/341287\/revisions"}],"wp:featuredmedia":[{"embeddable":true,"href":"https:\/\/www.europesays.com\/fi\/wp-json\/wp\/v2\/media\/341288"}],"wp:attachment":[{"href":"https:\/\/www.europesays.com\/fi\/wp-json\/wp\/v2\/media?parent=341287"}],"wp:term":[{"taxonomy":"category","embeddable":true,"href":"https:\/\/www.europesays.com\/fi\/wp-json\/wp\/v2\/categories?post=341287"},{"taxonomy":"post_tag","embeddable":true,"href":"https:\/\/www.europesays.com\/fi\/wp-json\/wp\/v2\/tags?post=341287"}],"curies":[{"name":"wp","href":"https:\/\/api.w.org\/{rel}","templated":true}]}}