{"id":341325,"date":"2026-09-04T12:41:17","date_gmt":"2026-09-04T12:41:17","guid":{"rendered":"https:\/\/www.europesays.com\/fi\/341325\/"},"modified":"2026-09-04T12:41:17","modified_gmt":"2026-09-04T12:41:17","slug":"rintsikat-puetaan-nyt-nain-2000-luvun-villitys-on-taalla","status":"publish","type":"post","link":"https:\/\/www.europesays.com\/fi\/341325\/","title":{"rendered":"Rintsikat puetaan nyt n\u00e4in \u2013 2000-luvun villitys on t\u00e4\u00e4ll\u00e4"},"content":{"rendered":"<p>T\u00e4m\u00e4n hetken rohkein tyyli-ilmi\u00f6 nostaa rintaliivit suoraan asukokonaisuuden keski\u00f6\u00f6n.<\/p>\n<p><img decoding=\"async\" class=\"image image-show image-preview\" src=\"https:\/\/www.europesays.com\/fi\/wp-content\/uploads\/2026\/09\/020f86d7258da1374688bab4b3012b039236a4156933cb2c3e68cc08c7a60edd.jpg\" alt=\"\"\/><img decoding=\"async\" class=\"image image-show\" src=\"https:\/\/www.europesays.com\/fi\/wp-content\/uploads\/2026\/09\/1788525677_840_020f86d7258da1374688bab4b3012b039236a4156933cb2c3e68cc08c7a60edd.jpg\" alt=\"\"\/><\/p>\n<p>Rintaliivit n\u00e4kyiv\u00e4t katukuvassa K\u00f6\u00f6penhaminan muotiviikoilla elokuussa. Splash News \/ All Over Press<\/p>\n<p class=\"paragraph\">Rintaliivej\u00e4 ei en\u00e4\u00e4 piilotella, vaan ne saavat nyt olla n\u00e4kyv\u00e4 osa asukokonaisuutta.<\/p>\n<p class=\"paragraph\">Joskus rintaliivit itsess\u00e4\u00e4n ovat asu, julisti <a href=\"https:\/\/www.vogue.com\/article\/the-bra-is-the-outfit\" target=\"_blank\" rel=\"noopener nofollow\">muotilehti Vogue<\/a> elokuussa. Lehden mukaan n\u00e4kyv\u00e4t rintaliivit tuovat pukeutumiseen tekstuuria, kerroksellisuutta ja asennetta.<\/p>\n<p class=\"paragraph\">My\u00f6s muotisivusto <a href=\"https:\/\/www.whowhatwear.com\/fashion\/trends\/exposed-bra-trend-2026\" target=\"_blank\" rel=\"noopener nofollow\">Who What Wear<\/a> nosti kyseisen tyyli-ilmi\u00f6n esiin elokuun lopussa. Sen mukaan rintaliivien n\u00e4kyminen ammentaa 2000-luvun alun tyylist\u00e4, joka on taas ajankohtainen.<\/p>\n<p class=\"paragraph\">Kansainv\u00e4linen trendi n\u00e4kyy my\u00f6s Suomessa. Esimerkiksi vaikuttaja <strong>Elisa Taskula<\/strong> luotti tyyliin Flow-festivaalin asussaan.<\/p>\n<p class=\"paragraph\">Taskulan n\u00e4ytt\u00e4v\u00e4, punainen asukokonaisuus oli leikkis\u00e4: h\u00e4n puki verkkahousujen pariksi v\u00e4lj\u00e4n collegepaidan, jonka leikkaus j\u00e4tti liivit tyylin keski\u00f6\u00f6n.<\/p>\n<p>T\u00e4lt\u00e4 n\u00e4ytti vaikuttaja Elisa Taskulan asu Flow-festivaalilla. Elisa Taskula<\/p>\n<p class=\"paragraph\">Yhdysvaltalainen muotitoimittaja ja stylisti <strong>Gabriella Karefa-Johnson<\/strong> puolestaan on yhdist\u00e4nyt rintaliivit auki j\u00e4tettyyn kauluspaitaan ja pitsireunuksella koristeltuun hameeseen. Asu on samaan aikaan skarppi ja rohkea.<\/p>\n<p>Gabriella Karefa-Johnson. All Over Press<\/p>\n<p class=\"paragraph\">Moni tyylitietoinen yhdist\u00e4\u00e4 rintaliivit nyt my\u00f6s l\u00e4pikuultavaan paitaan tai mekkoon, mik\u00e4 tuo asuun astetta peitt\u00e4v\u00e4mm\u00e4n mutta silti kokeilevan ilmeen.<\/p>\n<p class=\"paragraph\">My\u00f6s muhkea takki n\u00e4kyvien alusvaatteiden parina tuo asukokonaisuuteen hauskaa kontrastia.<\/p>\n<p>K\u00f6\u00f6penhaminan muotiviikon k\u00e4vij\u00f6it\u00e4 elokuussa. Splash News \/ All Over Press<\/p>\n<p class=\"paragraph\">Trendi n\u00e4kyy vahvasti julkisuudesta tuttujen tyylitaiturien asuvalinnoissa. Brittilaulaja <strong>Charli XCX<\/strong> on tehnyt tyylist\u00e4 tavaramerkkins\u00e4 yhdist\u00e4m\u00e4ll\u00e4 pitsi- ja satiiniliivej\u00e4 esimerkiksi rentoihin farkkuihin ja nahkatakkiin.<\/p>\n<p class=\"paragraph\">Popt\u00e4hti <strong>Sabrina Carpenter<\/strong> taas kuvattiin kes\u00e4ll\u00e4 Pariisissa valkoisiin pitsirintaliiveihin ja v\u00e4lj\u00e4\u00e4n kauluspaitaan pukeutuneena.<\/p>\n<p>Laulaja Charli XCX valitsi kes\u00e4ll\u00e4 pitsiliivien kaveriksi skarpin jakkutakin. Tummanpuhuva tyyli sopii my\u00f6s syys- ja talvikaudelle. Splash News \/ All Over Press<\/p>\n<p>T\u00e4lt\u00e4 n\u00e4ytti laulaja ja n\u00e4yttelij\u00e4 Sabrina Carpenterin hempe\u00e4 kes\u00e4tyyli. All Over Press<\/p>\n<p>Slovakialaislaulaja Ad\u00e9la yhdisti kirkkaanv\u00e4riset rintaliivit l\u00e4pikuultavaan toppiin. All Over Press<\/p>\n","protected":false},"excerpt":{"rendered":"T\u00e4m\u00e4n hetken rohkein tyyli-ilmi\u00f6 nostaa rintaliivit suoraan asukokonaisuuden keski\u00f6\u00f6n. Rintaliivit n\u00e4kyiv\u00e4t katukuvassa K\u00f6\u00f6penhaminan muotiviikoilla elokuussa. Splash News \/&hellip;\n","protected":false},"author":2,"featured_media":341326,"comment_status":"","ping_status":"","sticky":false,"template":"","format":"standard","meta":{"footnotes":"","_share_on_mastodon":"0"},"categories":[130],"tags":[138,137,33,31,30,2351,1390,106,3013,47,32,2350,109],"class_list":["post-341325","post","type-post","status-publish","format-standard","has-post-thumbnail","category-viihde","tag-audio","tag-entertainment","tag-fi","tag-finland","tag-finnish","tag-kengat-ja-asusteet","tag-kuukausi","tag-muoti","tag-muotisuunnittelu","tag-musiikki","tag-suomi","tag-vaatekappaleet","tag-viihde"],"share_on_mastodon":{"url":"https:\/\/pubeurope.com\/@fi\/117212826362538269","error":""},"_links":{"self":[{"href":"https:\/\/www.europesays.com\/fi\/wp-json\/wp\/v2\/posts\/341325","targetHints":{"allow":["GET"]}}],"collection":[{"href":"https:\/\/www.europesays.com\/fi\/wp-json\/wp\/v2\/posts"}],"about":[{"href":"https:\/\/www.europesays.com\/fi\/wp-json\/wp\/v2\/types\/post"}],"author":[{"embeddable":true,"href":"https:\/\/www.europesays.com\/fi\/wp-json\/wp\/v2\/users\/2"}],"replies":[{"embeddable":true,"href":"https:\/\/www.europesays.com\/fi\/wp-json\/wp\/v2\/comments?post=341325"}],"version-history":[{"count":0,"href":"https:\/\/www.europesays.com\/fi\/wp-json\/wp\/v2\/posts\/341325\/revisions"}],"wp:featuredmedia":[{"embeddable":true,"href":"https:\/\/www.europesays.com\/fi\/wp-json\/wp\/v2\/media\/341326"}],"wp:attachment":[{"href":"https:\/\/www.europesays.com\/fi\/wp-json\/wp\/v2\/media?parent=341325"}],"wp:term":[{"taxonomy":"category","embeddable":true,"href":"https:\/\/www.europesays.com\/fi\/wp-json\/wp\/v2\/categories?post=341325"},{"taxonomy":"post_tag","embeddable":true,"href":"https:\/\/www.europesays.com\/fi\/wp-json\/wp\/v2\/tags?post=341325"}],"curies":[{"name":"wp","href":"https:\/\/api.w.org\/{rel}","templated":true}]}}