{"id":341333,"date":"2026-09-04T12:47:15","date_gmt":"2026-09-04T12:47:15","guid":{"rendered":"https:\/\/www.europesays.com\/fi\/341333\/"},"modified":"2026-09-04T12:47:15","modified_gmt":"2026-09-04T12:47:15","slug":"suomussalmella-tutkitaan-torkeita-metsastysrikoksia-emokarhu-joutui-metsastajien-saaliiksi-kotimaa","status":"publish","type":"post","link":"https:\/\/www.europesays.com\/fi\/341333\/","title":{"rendered":"Suomussalmella tutkitaan t\u00f6rkeit\u00e4 mets\u00e4stys\u00adrikoksia: emokarhu joutui mets\u00e4st\u00e4jien saaliiksi | Kotimaa"},"content":{"rendered":"<p class=\"aw__sc-1qwuw0s-0 aw__sc-1vg2sqm-0 epAWpq ecELkD yle__article__paragraph\">Ep\u00e4illyt rikokset tapahtuivat elokuussa. Toisessa alle vuoden ik\u00e4isen pentukarhun emo ammuttiin, toisessa k\u00e4ytettiin kielletty\u00e4 ravintohoukutinta karhunkaadossa.<\/p>\n<p><img decoding=\"async\" alt=\"Kyljell\u00e4\u00e4n auton lavalla makaavan kuolleen karhun tassu kynsineen.\" src=\"https:\/\/www.europesays.com\/fi\/wp-content\/uploads\/2026\/09\/1787214527.jpeg\" class=\"aw__sc-dklauk-0 LPzKX\"\/><\/p>\n<p>Avaa kuvien katselu<\/p>\n<p>Kaadettu karhu auton lavalla. Kuvituskuva. Kuva: Heikki Haapalainen \/ Yle<\/p>\n<p class=\"aw__sc-1qwuw0s-0 aw__sc-ngllmo-0 epAWpq fzYpjk yle__article__paragraph\">Kainuun rajavartioston alueella on ollut elokuussa nelj\u00e4 karhunmets\u00e4tykseen liittyv\u00e4\u00e4 mets\u00e4stysrikosta tai -rikkomusta.<\/p>\n<p class=\"aw__sc-1qwuw0s-0 aw__sc-ngllmo-0 epAWpq fzYpjk yle__article__paragraph\">Kaksi ep\u00e4illyist\u00e4 mets\u00e4stysrikoksista oli t\u00f6rkeit\u00e4, kummatkin niist\u00e4 Suomussalmella. Ensimm\u00e4isess\u00e4 tapauksessa ep\u00e4ill\u00e4\u00e4n, ett\u00e4 Suomussalmella kaadetulla naaraskarhulla olikin alle vuoden ik\u00e4inen karhunpentu.<\/p>\n<p class=\"aw__sc-1qwuw0s-0 aw__sc-ngllmo-0 epAWpq fzYpjk yle__article__paragraph\">Toisessa tapauksessa rajavartiosto ep\u00e4ilee, ett\u00e4 kaadetun karhun mets\u00e4styksess\u00e4 on k\u00e4ytetty kielletty\u00e4 ravintohoukutinta.<\/p>\n<p class=\"aw__sc-1qwuw0s-0 aw__sc-ngllmo-0 epAWpq fzYpjk yle__article__paragraph\">My\u00f6s Kuusamossa ep\u00e4ill\u00e4\u00e4n, ett\u00e4 karhua on mets\u00e4stettu ravintohoukutinta k\u00e4ytt\u00e4en. Asiaa tutkitaan mets\u00e4stysrikoksena. Rajavartiosta tapasi my\u00f6s kuusamolaisen miehen, joka kuljetti henkil\u00f6autolla ladattua ampua-asetta ilman suojusta.<\/p>\n<p class=\"aw__sc-1qwuw0s-0 aw__sc-ngllmo-0 epAWpq fzYpjk yle__article__paragraph\">Lis\u00e4ksi rajahenkil\u00f6st\u00f6 havaitsi elokuussa viisi liev\u00e4\u00e4 valtionrajarikosta, joissa kyse oli luvattomasta liikkumisesta rajavy\u00f6hykkeell\u00e4. Kaksi mets\u00e4styskoiraa k\u00e4vi Ven\u00e4j\u00e4n puolelle rajaa.<\/p>\n<p class=\"aw__sc-1qwuw0s-0 aw__sc-ngllmo-0 epAWpq fzYpjk yle__article__paragraph\">Irrallaan olevalla koiralla mets\u00e4st\u00e4minen on rajavy\u00f6hykkeell\u00e4 kielletty.<\/p>\n","protected":false},"excerpt":{"rendered":"Ep\u00e4illyt rikokset tapahtuivat elokuussa. Toisessa alle vuoden ik\u00e4isen pentukarhun emo ammuttiin, toisessa k\u00e4ytettiin kielletty\u00e4 ravintohoukutinta karhunkaadossa. Avaa kuvien&hellip;\n","protected":false},"author":2,"featured_media":341334,"comment_status":"","ping_status":"","sticky":false,"template":"","format":"standard","meta":{"footnotes":"","_share_on_mastodon":"0"},"categories":[5],"tags":[22,23,26,27,33,31,30,17,723,882,71,786,24,25,72,28,29,479,15,18,21,728,8107,32,13179,19,20,16],"class_list":["post-341333","post","type-post","status-publish","format-standard","has-post-thumbnail","category-otsikot","tag-breaking-news","tag-breakingnews","tag-featured-news","tag-featurednews","tag-fi","tag-finland","tag-finnish","tag-headlines","tag-kainuu","tag-karhu","tag-kotimaa","tag-kuusamo","tag-latest-news","tag-latestnews","tag-luonto","tag-main-news","tag-mainnews","tag-metsastys","tag-news","tag-otsikot","tag-paauutiset","tag-pohjois-pohjanmaa","tag-rajavartiostot","tag-suomi","tag-suomussalmi","tag-top-stories","tag-topstories","tag-uutiset"],"share_on_mastodon":{"url":"https:\/\/pubeurope.com\/@fi\/117212849749454295","error":""},"_links":{"self":[{"href":"https:\/\/www.europesays.com\/fi\/wp-json\/wp\/v2\/posts\/341333","targetHints":{"allow":["GET"]}}],"collection":[{"href":"https:\/\/www.europesays.com\/fi\/wp-json\/wp\/v2\/posts"}],"about":[{"href":"https:\/\/www.europesays.com\/fi\/wp-json\/wp\/v2\/types\/post"}],"author":[{"embeddable":true,"href":"https:\/\/www.europesays.com\/fi\/wp-json\/wp\/v2\/users\/2"}],"replies":[{"embeddable":true,"href":"https:\/\/www.europesays.com\/fi\/wp-json\/wp\/v2\/comments?post=341333"}],"version-history":[{"count":0,"href":"https:\/\/www.europesays.com\/fi\/wp-json\/wp\/v2\/posts\/341333\/revisions"}],"wp:featuredmedia":[{"embeddable":true,"href":"https:\/\/www.europesays.com\/fi\/wp-json\/wp\/v2\/media\/341334"}],"wp:attachment":[{"href":"https:\/\/www.europesays.com\/fi\/wp-json\/wp\/v2\/media?parent=341333"}],"wp:term":[{"taxonomy":"category","embeddable":true,"href":"https:\/\/www.europesays.com\/fi\/wp-json\/wp\/v2\/categories?post=341333"},{"taxonomy":"post_tag","embeddable":true,"href":"https:\/\/www.europesays.com\/fi\/wp-json\/wp\/v2\/tags?post=341333"}],"curies":[{"name":"wp","href":"https:\/\/api.w.org\/{rel}","templated":true}]}}