{"id":341347,"date":"2026-09-04T13:11:12","date_gmt":"2026-09-04T13:11:12","guid":{"rendered":"https:\/\/www.europesays.com\/fi\/341347\/"},"modified":"2026-09-04T13:11:12","modified_gmt":"2026-09-04T13:11:12","slug":"stubb-varoittaa-levittamasta-venalaista-propagandaa-uutissuomalainen","status":"publish","type":"post","link":"https:\/\/www.europesays.com\/fi\/341347\/","title":{"rendered":"Stubb varoittaa levitt\u00e4m\u00e4st\u00e4 ven\u00e4l\u00e4ist\u00e4 propagandaa | Uutissuomalainen"},"content":{"rendered":"<p>Presidentti Alexander Stubbin mukaan kaikilla suomalaisilla on vastuu siit\u00e4, ettei Ven\u00e4j\u00e4n propagandaa levitet\u00e4 eteenp\u00e4in. Stubbin mukaan kaikkien olisi t\u00e4rke\u00e4\u00e4 ymm\u00e4rt\u00e4\u00e4, ett\u00e4 Ven\u00e4j\u00e4n k\u00e4ym\u00e4n informaatiosodan tarkoituksena on aiheuttaa pelkoa ja ep\u00e4vakautta suomalaiseen yhteiskuntaan.<\/p>\n<p>Perinteisen median rooli on Stubbin mukaan noussut entist\u00e4 t\u00e4rke\u00e4mm\u00e4ksi tilanteessa, jossa v\u00e4\u00e4r\u00e4\u00e4 tietoa on teknologian kehitytty\u00e4 helpompi tuottaa ja vaikeampi tunnistaa.<\/p>\n<p>Stubb puhui Maanpuolustustiedotuksen suunnittelukunnan 50-vuotisjuhlaseminaarissa S\u00e4\u00e4tytalolla Helsingiss\u00e4.<\/p>\n","protected":false},"excerpt":{"rendered":"Presidentti Alexander Stubbin mukaan kaikilla suomalaisilla on vastuu siit\u00e4, ettei Ven\u00e4j\u00e4n propagandaa levitet\u00e4 eteenp\u00e4in. Stubbin mukaan kaikkien olisi&hellip;\n","protected":false},"author":2,"featured_media":341348,"comment_status":"","ping_status":"","sticky":false,"template":"","format":"standard","meta":{"footnotes":"","_share_on_mastodon":"0"},"categories":[14],"tags":[3406,22,23,26,27,33,31,30,17,104,24,25,28,29,15,18,21,142,637,886,888,887,32,19,20,56,16,59,60,61],"class_list":["post-341347","post","type-post","status-publish","format-standard","has-post-thumbnail","category-ulkomaat","tag-alexander-stubb","tag-breaking-news","tag-breakingnews","tag-featured-news","tag-featurednews","tag-fi","tag-finland","tag-finnish","tag-headlines","tag-helsinki","tag-latest-news","tag-latestnews","tag-main-news","tag-mainnews","tag-news","tag-otsikot","tag-paauutiset","tag-poliitikot","tag-politiikka","tag-puolueet","tag-suomalaiset-poliitikot","tag-suomen-politiikka","tag-suomi","tag-top-stories","tag-topstories","tag-ulkomaat","tag-uutiset","tag-world","tag-world-news","tag-worldnews"],"share_on_mastodon":{"url":"https:\/\/pubeurope.com\/@fi\/117212943754790305","error":""},"_links":{"self":[{"href":"https:\/\/www.europesays.com\/fi\/wp-json\/wp\/v2\/posts\/341347","targetHints":{"allow":["GET"]}}],"collection":[{"href":"https:\/\/www.europesays.com\/fi\/wp-json\/wp\/v2\/posts"}],"about":[{"href":"https:\/\/www.europesays.com\/fi\/wp-json\/wp\/v2\/types\/post"}],"author":[{"embeddable":true,"href":"https:\/\/www.europesays.com\/fi\/wp-json\/wp\/v2\/users\/2"}],"replies":[{"embeddable":true,"href":"https:\/\/www.europesays.com\/fi\/wp-json\/wp\/v2\/comments?post=341347"}],"version-history":[{"count":0,"href":"https:\/\/www.europesays.com\/fi\/wp-json\/wp\/v2\/posts\/341347\/revisions"}],"wp:featuredmedia":[{"embeddable":true,"href":"https:\/\/www.europesays.com\/fi\/wp-json\/wp\/v2\/media\/341348"}],"wp:attachment":[{"href":"https:\/\/www.europesays.com\/fi\/wp-json\/wp\/v2\/media?parent=341347"}],"wp:term":[{"taxonomy":"category","embeddable":true,"href":"https:\/\/www.europesays.com\/fi\/wp-json\/wp\/v2\/categories?post=341347"},{"taxonomy":"post_tag","embeddable":true,"href":"https:\/\/www.europesays.com\/fi\/wp-json\/wp\/v2\/tags?post=341347"}],"curies":[{"name":"wp","href":"https:\/\/api.w.org\/{rel}","templated":true}]}}