{"id":34135,"date":"2025-09-13T22:22:08","date_gmt":"2025-09-13T22:22:08","guid":{"rendered":"https:\/\/www.europesays.com\/fi\/34135\/"},"modified":"2025-09-13T22:22:08","modified_gmt":"2025-09-13T22:22:08","slug":"koira-hyokkasi-kolmen-ihmisen-kimppuun-raisiossa-koiran-omistajaa-ei-ole-viela-tavoitettu-uutisia-lyhyesti","status":"publish","type":"post","link":"https:\/\/www.europesays.com\/fi\/34135\/","title":{"rendered":"Koira hy\u00f6kk\u00e4si kolmen ihmisen kimppuun Raisiossa \u2013 koiran omistajaa ei ole viel\u00e4 tavoitettu | Uutisia lyhyesti"},"content":{"rendered":"<p class=\"aw-1gybjub aw-5vja16 cmIuaG zKETg yle__article__paragraph\">Nuorin uhreista oli 16-vuotias. Poliisi lopetti aggressiivisesti k\u00e4ytt\u00e4ytyneen koiran ampumalla.<\/p>\n<p><img decoding=\"async\" alt=\"Tapaus sattui Raisionkaarella l\u00e4hell\u00e4 Mets\u00e4syltyntien risteyst\u00e4.\" src=\"https:\/\/www.europesays.com\/fi\/wp-content\/uploads\/2025\/09\/39-14926046870ca04e6367.jpeg\" class=\"aw-1l9m598 hKVVvP\"\/><\/p>\n<p>Avaa kuvien katselu<\/p>\n<p>Kuva: Eino Kossila \/ Yle, Mapcreator<\/p>\n<p class=\"aw-1gybjub aw-1p7kakr cmIuaG fmSRng yle__article__paragraph\">Vapaana ollut koira hy\u00f6kk\u00e4si my\u00f6h\u00e4\u00e4n lauantai-iltana kolmen ihmisen kimppuun taajama-alueella Raisiossa. Kaksi uhreista sai vakavia ja kolmas lievempi\u00e4 vammoja, jotka kaikki vaativat sairaalahoitoa. Kenenk\u00e4\u00e4n vammat eiv\u00e4t kuitenkaan ole hengenvaarallisia.<\/p>\n<p class=\"aw-1gybjub aw-1p7kakr cmIuaG fmSRng yle__article__paragraph\">Nuorin uhreista oli 16-vuotias.<\/p>\n<p class=\"aw-1gybjub aw-1p7kakr cmIuaG fmSRng yle__article__paragraph\">Poliisi sai iltayhdentoista j\u00e4lkeen tiedon vapaana olevasta koirasta, joka oli hy\u00f6k\u00e4nnyt ihmisten kimppuun Raisionkaarella l\u00e4hell\u00e4 Mets\u00e4syltyntien risteyst\u00e4. Kun poliisi p\u00e4\u00e4si tapahtumpaikalle, oli koira oli edelleen aggressiivinen ja uhkaava. Poliisi lopetti koiran ampumalla.<\/p>\n<p class=\"aw-1gybjub aw-1p7kakr cmIuaG fmSRng yle__article__paragraph\">Koiran omistaja ei ollut paikalla, eik\u00e4 h\u00e4nt\u00e4 ollut tavoitettu viel\u00e4 puoli yhden aikoihin sunnuntain vastaisena y\u00f6n\u00e4, kertoi komisario <strong class=\"aw-ak79eh KyCXm yle__article__strong\">Marko Luotonen<\/strong> Lounais-Suomen poliisista Ylelle. Poliisilla on kuitenkin ep\u00e4ilys siit\u00e4, kuka omistaja on.<\/p>\n<p class=\"aw-1gybjub aw-1p7kakr cmIuaG fmSRng yle__article__paragraph\">Luotonen ei halua kommentoida koiran rotua, mutta kuvailee el\u00e4int\u00e4 isokokoiseksi.<\/p>\n<p class=\"aw-1gybjub aw-1p7kakr cmIuaG fmSRng yle__article__paragraph\">Poliisi on aloittanut asiassa esitutkinnan ja koiran omistajaa ep\u00e4ill\u00e4\u00e4n t\u00e4ll\u00e4 hetkell\u00e4 koiran vartioimatta j\u00e4tt\u00e4misest\u00e4 sek\u00e4 vammantuottamuksesta.<\/p>\n","protected":false},"excerpt":{"rendered":"Nuorin uhreista oli 16-vuotias. Poliisi lopetti aggressiivisesti k\u00e4ytt\u00e4ytyneen koiran ampumalla. Avaa kuvien katselu Kuva: Eino Kossila \/ Yle,&hellip;\n","protected":false},"author":2,"featured_media":34136,"comment_status":"","ping_status":"","sticky":false,"template":"","format":"standard","meta":{"footnotes":""},"categories":[12],"tags":[22,23,26,27,33,31,30,17,71,24,25,28,29,15,837,18,21,32,19,20,16],"class_list":{"0":"post-34135","1":"post","2":"type-post","3":"status-publish","4":"format-standard","5":"has-post-thumbnail","7":"category-suomi","8":"tag-breaking-news","9":"tag-breakingnews","10":"tag-featured-news","11":"tag-featurednews","12":"tag-fi","13":"tag-finland","14":"tag-finnish","15":"tag-headlines","16":"tag-kotimaa","17":"tag-latest-news","18":"tag-latestnews","19":"tag-main-news","20":"tag-mainnews","21":"tag-news","22":"tag-onnettomuudet","23":"tag-otsikot","24":"tag-paauutiset","25":"tag-suomi","26":"tag-top-stories","27":"tag-topstories","28":"tag-uutiset"},"share_on_mastodon":{"url":"","error":""},"_links":{"self":[{"href":"https:\/\/www.europesays.com\/fi\/wp-json\/wp\/v2\/posts\/34135","targetHints":{"allow":["GET"]}}],"collection":[{"href":"https:\/\/www.europesays.com\/fi\/wp-json\/wp\/v2\/posts"}],"about":[{"href":"https:\/\/www.europesays.com\/fi\/wp-json\/wp\/v2\/types\/post"}],"author":[{"embeddable":true,"href":"https:\/\/www.europesays.com\/fi\/wp-json\/wp\/v2\/users\/2"}],"replies":[{"embeddable":true,"href":"https:\/\/www.europesays.com\/fi\/wp-json\/wp\/v2\/comments?post=34135"}],"version-history":[{"count":0,"href":"https:\/\/www.europesays.com\/fi\/wp-json\/wp\/v2\/posts\/34135\/revisions"}],"wp:featuredmedia":[{"embeddable":true,"href":"https:\/\/www.europesays.com\/fi\/wp-json\/wp\/v2\/media\/34136"}],"wp:attachment":[{"href":"https:\/\/www.europesays.com\/fi\/wp-json\/wp\/v2\/media?parent=34135"}],"wp:term":[{"taxonomy":"category","embeddable":true,"href":"https:\/\/www.europesays.com\/fi\/wp-json\/wp\/v2\/categories?post=34135"},{"taxonomy":"post_tag","embeddable":true,"href":"https:\/\/www.europesays.com\/fi\/wp-json\/wp\/v2\/tags?post=34135"}],"curies":[{"name":"wp","href":"https:\/\/api.w.org\/{rel}","templated":true}]}}