{"id":341353,"date":"2026-09-04T13:25:15","date_gmt":"2026-09-04T13:25:15","guid":{"rendered":"https:\/\/www.europesays.com\/fi\/341353\/"},"modified":"2026-09-04T13:25:15","modified_gmt":"2026-09-04T13:25:15","slug":"rizz-cam-ilmio-alylaseilla-kuvataan-naisten-iskemista-videot-julkaistaan-somessa","status":"publish","type":"post","link":"https:\/\/www.europesays.com\/fi\/341353\/","title":{"rendered":"Rizz cam -ilmi\u00f6: \u00c4lylaseilla kuvataan naisten iskemist\u00e4, videot julkaistaan somessa"},"content":{"rendered":"<p>Moni nainen on joutunut pilkan kohteeksi sosiaalisessa mediassa uuden vempaimen v\u00e4\u00e4rink\u00e4yt\u00f6n vuoksi.<\/p>\n<p><img decoding=\"async\" src=\"https:\/\/www.europesays.com\/fi\/wp-content\/uploads\/2026\/09\/1788528315_442_468.jpg\" alt=\"Metan \u00e4lylaseja on myyty miljoonia.\" class=\"_Img_1rerz_1\" style=\"aspect-ratio:1920\/1080\" loading=\"eager\"\/><\/p>\n<p class=\"font-(family-name:--picture-caption-font-family) text-(length:--picture-caption-font-size) leading-(--picture-caption-leading) font-(--picture-caption-font-weight) text-(color:--picture-caption-color)\">Metan \u00e4lylaseja on myyty miljoonia. Kuva:\u00a0Carlos Barria \/ Reuters<\/p>\n<p>3.9. 8:31<\/p>\n<p>Lue tiivistelm\u00e4<\/p>\n<p class=\"article-body mb-(--paragraph-margin-b) px-nof-16 sndp-summary-bullet-point-font\">Niin kutsuttu rizz cam -ilmi\u00f6 uhkaa naisia: heit\u00e4 kuvataan \u00e4lylaseilla julkisilla paikoilla, ja videot julkaistaan sosiaalisessa mediassa.<\/p>\n<p class=\"article-body mb-(--paragraph-margin-b) px-nof-16 sndp-summary-bullet-point-font\">\u00c4lylasien merkitt\u00e4vin tarjoaja Meta kielt\u00e4\u00e4 loukkaavan sis\u00e4ll\u00f6n, mutta ei SVT:n mukaan puutu siihen tehokkaasti.<\/p>\n<p class=\"article-body mb-(--paragraph-margin-b) px-nof-16 sndp-summary-bullet-point-font\">Suomessa luvatta kuvatun kuvan julkaiseminen voi olla rikos, ja tietosuojavaltuutettu Anu Talus muistuttaa, ett\u00e4 ihmisill\u00e4 on oikeus tiet\u00e4\u00e4, jos heit\u00e4 kuvataan.<\/p>\n<p class=\"article-body mb-(--paragraph-margin-b) px-nof-16 sndp-summary-bullet-point-font\">EU:n tietosuojaviranomaiset ty\u00f6st\u00e4v\u00e4t parhaillaan yhteist\u00e4 linjausta \u00e4lylaseista ja tietosuojasta.<\/p>\n<p class=\"article-body mb-(--paragraph-margin-b) px-nof-16\">Naisia l\u00e4hestyt\u00e4\u00e4n julkisilla paikoilla, ja heist\u00e4 julkaistaan t\u00e4m\u00e4n j\u00e4lkeen videoita sosiaalisessa mediassa. Toiminnasta k\u00e4ytet\u00e4\u00e4n nimityst\u00e4 \u201drizz cam\u201d, Ruotsin yleisradio <a class=\"underline underline-offset-[0.12em] [text-decoration-thickness:var(--generic-link-underline-thickness)] [text-decoration-color:var(--generic-link-underline-color)] [text-decoration-skip-ink:var(--generic-link-underline-skip-ink)] break-words\" href=\"https:\/\/www.svt.se\/kultur\/innehall-skapat-med-metaglasogon-allt-vanligare-far-mer-visningar\" rel=\"nofollow noopener\" target=\"_blank\">SVT kertoo<\/a>.<\/p>\n<p class=\"article-body mb-(--paragraph-margin-b) px-nof-16\">Rizz viittaa englannin kielen sanaan charisma eli karisma. Ilmi\u00f6lle ovat antaneet vauhtia \u00e4lylasit, joilla kohdetta voidaan kuvata varsin huomaamattomasti.<\/p>\n<p class=\"article-body mb-(--paragraph-margin-b) px-nof-16\"><a class=\"underline underline-offset-[0.12em] [text-decoration-thickness:var(--generic-link-underline-thickness)] [text-decoration-color:var(--generic-link-underline-color)] [text-decoration-skip-ink:var(--generic-link-underline-skip-ink)] break-words\" href=\"https:\/\/edition.cnn.com\/2026\/02\/09\/world\/manfluencers-smart-glasses-intl\" rel=\"nofollow noopener\" target=\"_blank\">CNN kirjoitti<\/a> ilmi\u00f6st\u00e4 alkuvuonna. Er\u00e4s nainen esimerkiksi suostui antamaan tuntemattomalle miehelle puhelinnumeronsa juteltuaan h\u00e4nen kanssaan lentokent\u00e4ll\u00e4. Sen j\u00e4lkeen nainen l\u00f6ysi sosiaalisesta mediasta useita videoita, joissa mies yritti iske\u00e4 muita naisia lentokentill\u00e4.<\/p>\n<p class=\"article-body mb-(--paragraph-margin-b) px-nof-16\">Mies k\u00e4ytti kuvaamiseen \u00e4lylaseja. Nainen pyysi miest\u00e4 olemaan julkaisematta h\u00e4nest\u00e4 otettua videota. Pyynt\u00f6 kaikui kuuroille korville.<\/p>\n<p class=\"article-body mb-(--paragraph-margin-b) px-nof-16\">Videoista on tullut yleisi\u00e4 sosiaalisessa mediassa, ja niill\u00e4 voi olla tuhansia tai jopa miljoonia katselukertoja. Kommenteissa esiintyy toistuvasti naisvihaa.<\/p>\n<p class=\"article-body mb-(--paragraph-margin-b) px-nof-16\">Lue lis\u00e4\u00e4: <a class=\"underline underline-offset-[0.12em] [text-decoration-thickness:var(--generic-link-underline-thickness)] [text-decoration-color:var(--generic-link-underline-color)] [text-decoration-skip-ink:var(--generic-link-underline-skip-ink)] break-words\" href=\"https:\/\/www.is.fi\/digitoday\/tietoturva\/art-2000012108150.html\" rel=\"nofollow noopener\" target=\"_blank\">Nainen huomasi jotain j\u00e4rkytt\u00e4v\u00e4\u00e4 juuri ennen seksi\u00e4: \u201dKesti hetken tajuta\u201d<\/a><\/p>\n<p class=\"article-body mb-(--paragraph-margin-b) px-nof-16\">\u00c4lylasien merkitt\u00e4vin tarjoaja ja Facebookin ja Instagramin omistava Meta kielt\u00e4\u00e4 muodollisesti laseillaan kuvatun loukkaavan sis\u00e4ll\u00f6n. T\u00e4st\u00e4 huolimatta Metan alustoilta on SVT:n mukaan helppo l\u00f6yt\u00e4\u00e4 kielletty\u00e4 sis\u00e4lt\u00f6\u00e4 kuten rizz cam -videoita.<\/p>\n<p class=\"article-body mb-(--paragraph-margin-b) px-nof-16\">Metan tiedet\u00e4\u00e4n suhtautuvan v\u00e4linpit\u00e4m\u00e4tt\u00f6m\u00e4sti jopa sis\u00e4lt\u00f6\u00f6n, joka on ilmiselv\u00e4sti rikollista. Esimerkiksi Facebookissa esiintyy alati huijauksia, joiden ainoa tarkoitus on varastaa ihmisilt\u00e4 rahaa. Meta tekee huijauksilla kuitenkin rahaa, eik\u00e4 ole toistaiseksi hankkiutunut niist\u00e4 t\u00e4ysin eroon.<\/p>\n<p class=\"article-body mb-(--paragraph-margin-b) px-nof-16\">Lue lis\u00e4\u00e4: <a class=\"underline underline-offset-[0.12em] [text-decoration-thickness:var(--generic-link-underline-thickness)] [text-decoration-color:var(--generic-link-underline-color)] [text-decoration-skip-ink:var(--generic-link-underline-skip-ink)] break-words\" href=\"https:\/\/www.is.fi\/digitoday\/tietoturva\/art-2000011637441.html\" rel=\"nofollow noopener\" target=\"_blank\">Meta tienaa miljardeja huijauksilla, jotka ajavat ihmiset peri\u00adkatoon<\/a><\/p>\n<p class=\"article-body mb-(--paragraph-margin-b) px-nof-16\">Metan lasit n\u00e4ytt\u00e4v\u00e4t kuvatessa merkkivalon, mutta sen voi peitt\u00e4\u00e4. Yhti\u00f6n mukaan lasit kehottavat k\u00e4ytt\u00e4j\u00e4\u00e4 poistamaan tarran linssin p\u00e4\u00e4lt\u00e4 ennen valokuvien tai videon tallentamista, mutta koko valon voi my\u00f6s poistattaa ep\u00e4virallisin keinoin.<\/p>\n<p class=\"article-body mb-(--paragraph-margin-b) px-nof-16\">Suomessa kuvaaminen julkisella paikalla ilman lupaa on l\u00e4ht\u00f6kohtaisesti sallittua. Kuvan julkaiseminen on kuitenkin eri asia, lakiasiainpalvelu <a class=\"underline underline-offset-[0.12em] [text-decoration-thickness:var(--generic-link-underline-thickness)] [text-decoration-color:var(--generic-link-underline-color)] [text-decoration-skip-ink:var(--generic-link-underline-skip-ink)] break-words\" href=\"https:\/\/www.minilex.fi\/a\/yksityisyydensuoja-ja-valokuvaus\" rel=\"nofollow noopener\" target=\"_blank\">Minilex huomauttaa<\/a>.<\/p>\n<p class=\"article-body mb-(--paragraph-margin-b) px-nof-16\">Luvatta kuvatun kuvan julkaiseminen voi johtaa kunnianloukkaukseen tai yksityisel\u00e4m\u00e4\u00e4 loukkaavaan tiedon levitt\u00e4miseen.<\/p>\n<blockquote class=\"[font-style:var(--blockquote-font-style,italic)] pl-[calc(var(--nof-core-dimension-200)+var(--blockquote-border-width))] relative before:absolute before:left-0 before:h-full before:w-(--blockquote-border-width) before:border-l-(length:--blockquote-border-width) before:border-l-(color:--blockquote-border-color) before:-skew-y-(--blockquote-border-skew,0deg) blockquote\">\n<p class=\"article-body mb-nof-8 last:mb-(--blockquote-last-paragraph-margin)\">Henkil\u00f6, joka oikeudettomasti esitt\u00e4\u00e4 toisen yksityisel\u00e4m\u00e4st\u00e4 kuvan siten, ett\u00e4 teko on omiaan aiheuttamaan vahinkoa tai k\u00e4rsimyst\u00e4 loukatulle taikka h\u00e4neen kohdistuvaa halveksuntaa, voi syyllisty\u00e4 rikokseen.<\/p>\n<\/blockquote>\n<p class=\"article-body mb-(--paragraph-margin-b) px-nof-16\">Laki p\u00e4tee tietenkin my\u00f6s muihin kuin naisiin.<\/p>\n<blockquote class=\"[font-style:var(--blockquote-font-style,italic)] pl-[calc(var(--nof-core-dimension-200)+var(--blockquote-border-width))] relative before:absolute before:left-0 before:h-full before:w-(--blockquote-border-width) before:border-l-(length:--blockquote-border-width) before:border-l-(color:--blockquote-border-color) before:-skew-y-(--blockquote-border-skew,0deg) blockquote\">\n<p class=\"article-body mb-nof-8 last:mb-(--blockquote-last-paragraph-margin)\">Mik\u00e4li kuva sis\u00e4lt\u00e4\u00e4 jotain, joka voi aiheuttaa vahinkoa ja k\u00e4rsimyst\u00e4 uhrille, kuvan julkaiseminen voi olla rikos.<\/p>\n<\/blockquote>\n<p class=\"article-body mb-(--paragraph-margin-b) px-nof-16\">Viime k\u00e4dess\u00e4 oikeus ratkaisee, ovatko esimerkiksi tekaistut ja netiss\u00e4 julkaistut iskemisyritykset kohdettaan halventavia tai k\u00e4rsimyst\u00e4 aiheuttavia.<\/p>\n<p><img decoding=\"async\" src=\"https:\/\/www.europesays.com\/fi\/wp-content\/uploads\/2026\/09\/1788528315_862_468.jpg\" alt=\"Videoita on julkaistu vastoin naisten tahtoa. Arkistokuva.\" class=\"_Img_1rerz_1\" style=\"aspect-ratio:1920\/1080\" loading=\"eager\"\/><\/p>\n<p class=\"font-(family-name:--picture-caption-font-family) text-(length:--picture-caption-font-size) leading-(--picture-caption-leading) font-(--picture-caption-font-weight) text-(color:--picture-caption-color) picture-with-caption__caption picture-with-caption__caption--default-full\">Videoita on julkaistu vastoin naisten tahtoa. Arkistokuva. Kuva:\u00a0Colourbox<\/p>\n<p class=\"article-body mb-(--paragraph-margin-b) px-nof-16\">Tietosuojavaltuutetun toimiston mukaan EU:n tietosuojaviranomaiset ty\u00f6st\u00e4v\u00e4t paraikaa yhteist\u00e4 linjausta \u00e4lylaseista ja tietosuojasta, mink\u00e4 lis\u00e4ksi Tietosuojaneuvosto on tilannut asiantuntijoilta tutkimuksen \u00e4lylasien sosiaalisesta hyv\u00e4ksytt\u00e4vyydest\u00e4.<\/p>\n<p class=\"article-body mb-(--paragraph-margin-b) px-nof-16\">Lue lis\u00e4\u00e4: <a class=\"underline underline-offset-[0.12em] [text-decoration-thickness:var(--generic-link-underline-thickness)] [text-decoration-color:var(--generic-link-underline-color)] [text-decoration-skip-ink:var(--generic-link-underline-skip-ink)] break-words\" href=\"https:\/\/www.is.fi\/politiikka\/art-2000012203969.html\" rel=\"nofollow noopener\" target=\"_blank\">\u00c4lylaseille vaadittiin uutta lakia \u2013 ministeri: Ei tarvita<\/a><\/p>\n<p class=\"article-body mb-(--paragraph-margin-b) px-nof-16\">Lasien k\u00e4ytt\u00e4j\u00e4n on tunnettava tietosuojaan liittyv\u00e4t riskit ja s\u00e4\u00e4nn\u00f6t. Toimiston mukaan \u00e4lylaseilla kuvaaminen on henkil\u00f6tietojen k\u00e4sittely\u00e4. Jos \u00e4lylaseilla kuvataan julkisella paikalla ja videota jaetaan julkisesti internetiss\u00e4 tai sosiaalisessa mediassa, siihen sovelletaan l\u00e4ht\u00f6kohtaisesti tietosuojas\u00e4\u00e4ntely\u00e4.<\/p>\n<p class=\"article-body mb-(--paragraph-margin-b) px-nof-16\">\u2013 \u00c4lylaseilla kuvaamista ei voida suoraan verrata esimerkiksi puhelimen k\u00e4ytt\u00f6\u00f6n, koska lasit ovat huomaamattomia ja niill\u00e4 on mahdollista kuvata ihmisi\u00e4 heid\u00e4n tiet\u00e4m\u00e4tt\u00e4\u00e4n, tietosuojavaltuutettu <a class=\"font-bold underline-offset-[0.12em] [text-decoration:var(--person-link-text-decoration)] [text-decoration-color:var(--person-link-text-decoration-color)]!\" href=\"https:\/\/www.is.fi\/haku\/?query=Anu%20Talus\" rel=\"nofollow noopener\" target=\"_blank\">Anu Talus<\/a> sanoo tiedotteessa.<\/p>\n<p class=\"article-body mb-(--paragraph-margin-b) px-nof-16\">Taluksen mukaan ihmisill\u00e4 on oikeus tiet\u00e4\u00e4, jos heit\u00e4 kuvataan, ja esimerkiksi pyyt\u00e4\u00e4 kuviensa poistamista.<\/p>\n<p class=\"article-body mb-(--paragraph-margin-b) px-nof-16\">\u2013 Jatkuva, kaikkialle ulottuva kuvaaminen julkisella paikalla voidaan jossain tilanteissa jopa rinnastaa valvontaan.<\/p>\n","protected":false},"excerpt":{"rendered":"Moni nainen on joutunut pilkan kohteeksi sosiaalisessa mediassa uuden vempaimen v\u00e4\u00e4rink\u00e4yt\u00f6n vuoksi. Metan \u00e4lylaseja on myyty miljoonia. Kuva:\u00a0Carlos&hellip;\n","protected":false},"author":2,"featured_media":341354,"comment_status":"","ping_status":"","sticky":false,"template":"","format":"standard","meta":{"footnotes":"","_share_on_mastodon":"0"},"categories":[136],"tags":[407,137,33,31,30,34,408,32,109],"class_list":["post-341353","post","type-post","status-publish","format-standard","has-post-thumbnail","category-julkkikset","tag-celebrities","tag-entertainment","tag-fi","tag-finland","tag-finnish","tag-ilta-sanomat","tag-julkkikset","tag-suomi","tag-viihde"],"share_on_mastodon":{"url":"https:\/\/pubeurope.com\/@fi\/117212999284104716","error":""},"_links":{"self":[{"href":"https:\/\/www.europesays.com\/fi\/wp-json\/wp\/v2\/posts\/341353","targetHints":{"allow":["GET"]}}],"collection":[{"href":"https:\/\/www.europesays.com\/fi\/wp-json\/wp\/v2\/posts"}],"about":[{"href":"https:\/\/www.europesays.com\/fi\/wp-json\/wp\/v2\/types\/post"}],"author":[{"embeddable":true,"href":"https:\/\/www.europesays.com\/fi\/wp-json\/wp\/v2\/users\/2"}],"replies":[{"embeddable":true,"href":"https:\/\/www.europesays.com\/fi\/wp-json\/wp\/v2\/comments?post=341353"}],"version-history":[{"count":0,"href":"https:\/\/www.europesays.com\/fi\/wp-json\/wp\/v2\/posts\/341353\/revisions"}],"wp:featuredmedia":[{"embeddable":true,"href":"https:\/\/www.europesays.com\/fi\/wp-json\/wp\/v2\/media\/341354"}],"wp:attachment":[{"href":"https:\/\/www.europesays.com\/fi\/wp-json\/wp\/v2\/media?parent=341353"}],"wp:term":[{"taxonomy":"category","embeddable":true,"href":"https:\/\/www.europesays.com\/fi\/wp-json\/wp\/v2\/categories?post=341353"},{"taxonomy":"post_tag","embeddable":true,"href":"https:\/\/www.europesays.com\/fi\/wp-json\/wp\/v2\/tags?post=341353"}],"curies":[{"name":"wp","href":"https:\/\/api.w.org\/{rel}","templated":true}]}}