{"id":341359,"date":"2026-09-04T13:33:10","date_gmt":"2026-09-04T13:33:10","guid":{"rendered":"https:\/\/www.europesays.com\/fi\/341359\/"},"modified":"2026-09-04T13:33:10","modified_gmt":"2026-09-04T13:33:10","slug":"arttu-wiskari-hammastyi-pauliina-vaimon-sandaalit-kutistuivat-auringossa","status":"publish","type":"post","link":"https:\/\/www.europesays.com\/fi\/341359\/","title":{"rendered":"Arttu Wiskari h\u00e4mm\u00e4styi: Pauliina-vaimon sandaalit kutistuivat auringossa"},"content":{"rendered":"<p>            Matti Matikainen\n        <\/p>\n<p class=\"subtitle \">Laulaja on ihmetyst\u00e4 t\u00e4ynn\u00e4 sl\u00e4b\u00e4riyll\u00e4tyksen \u00e4\u00e4rell\u00e4.<\/p>\n<p class=\"article-content article-content-width !bg-background\"> t\u00f6rm\u00e4si vaimonsa  ostamien rantasandaalien erikoiseen k\u00e4yt\u00f6kseen. Selitys tossuoutoiluun l\u00f6ytyi omilta faneilta.<\/p>\n<p class=\"font-weight-bold m-font-weight-bold article-content article-content-width !bg-background\">Videolla Arttu vastaa Seiskan sarjatulikysymyksiin<\/p>\n<p class=\"article-content article-content-width !bg-background\">Vaikka aihe on n\u00e4enn\u00e4isen olematon, Arttu on ihmetyst\u00e4 t\u00e4ynn\u00e4 sl\u00e4b\u00e4ri\u00e4llistyksen \u00e4\u00e4rell\u00e4. Yll\u00e4ttyneisyyden m\u00e4\u00e4r\u00e4\u00e4 kuvaa se, ett\u00e4 torstaina (3.9.) h\u00e4n taipui jopa julkaisemaan Instagram-kelan aiheesta.<\/p>\n<p class=\"article-content article-content-width !bg-background\">\u2013 T\u00e4llaista en ole viel\u00e4 koskaan n\u00e4hnyt. Vaimo osti sl\u00e4b\u00e4rit Stadiumista Kreikan-reissulle, ja n\u00e4m\u00e4 olivat ensimm\u00e4isen p\u00e4iv\u00e4n vaimolle sopivaa koko. Tsiigatkaa, mit\u00e4 n\u00e4ille k\u00e4vi, Arttu aloittaa videonsa.<\/p>\n<p>        <a itemprop=\"url\" href=\"https:\/\/www.seiska.fi\/kotimaa\/arttu-wiskari-jatti-suomen-pahellisissa-puuhissa\/2250224\" rel=\"nofollow noopener\" target=\"_blank\"><\/p>\n<p>\nArttu Wiskari j\u00e4tti Suomen\n<\/p>\n<p class=\"section-date\">\n        <strong class=\"article-section\" data-section=\"kotimaa\"><br \/>\n            kotimaa<br \/>\n        <\/strong><br \/>\n        2.9. 12:30\n    <\/p>\n<p>Arttu Wiskari j\u00e4tti Suomen \u2013 pahellisissa puuhissa\n    <\/p>\n<p itemprop=\"description\" class=\"subtitle \">\n    Arttu l\u00e4hti nauttimaan lomalla.\n<\/p>\n<p>        <\/a><\/p>\n<p class=\"article-content article-content-width !bg-background\">H\u00e4n n\u00e4ytt\u00e4\u00e4 kokoa 39 olevaa rantasandaaliparia kameralle. Vasemman jalan sandaali on aivan kunnossa, mutta oikea on yht\u00e4kki\u00e4 k\u00e4yr\u00e4 kuin banaani ja kolme sentti\u00e4 toista pienempi.<\/p>\n<p class=\"article-content article-content-width !bg-background\">\u2013 En tied\u00e4 mit\u00e4 n\u00e4ille on tapahtunut, Arttu \u00e4imistelee.<\/p>\n<p class=\"article-content article-content-width !bg-background\">H\u00e4n selitt\u00e4\u00e4 vaimon k\u00e4velleen l\u00e4psyttimill\u00e4\u00e4n yhden ainokaisen p\u00e4iv\u00e4n rannalla. Muovisia jalkineita ei my\u00f6sk\u00e4\u00e4n ole heitetty grilliin tai edes j\u00e4tetty aurinkoon paahtumaan.<\/p>\n<p>Ei itkuvideota, ei sirkkelionnettomuutta<\/p>\n<p class=\"article-content article-content-width !bg-background\">Arttu erikseen korostaa, ettei ole halunnut tehd\u00e4 &#8221;itkuvideota&#8221;.<\/p>\n<p class=\"article-content article-content-width !bg-background\">\u2013 T\u00e4m\u00e4 on vain huomio, ett\u00e4 jeesus, mit\u00e4 shitti\u00e4 me nyky\u00e4\u00e4n ostamme. N\u00e4in se vain menee, h\u00e4n p\u00e4\u00e4tt\u00e4\u00e4 kelansa.<\/p>\n<p>        <a itemprop=\"url\" href=\"https:\/\/www.seiska.fi\/vain-seiskassa\/erikoiset-puuhat-rannalla-salakuvat-kaarijan-rantalomalta\/1593061\" rel=\"nofollow noopener\" target=\"_blank\"><\/p>\n<p>\nSalakuvat!\n<\/p>\n<p class=\"section-date\">\n        <strong class=\"article-section\" data-section=\"vain seiskassa\"><br \/>\n            vain seiskassa<br \/>\n        <\/strong><br \/>\n        27.1.2025 17:00\n    <\/p>\n<p>Erikoiset puuhat rannalla! Salakuvat K\u00e4\u00e4rij\u00e4n rantalomalta\n    <\/p>\n<p itemprop=\"description\" class=\"subtitle \">\n    K\u00e4\u00e4rij\u00e4 ottaa kaiken irti Thaimaan-lomastaan.\n<\/p>\n<p>        <\/a><\/p>\n<p class=\"article-content article-content-width !bg-background\">Paitsi ettei p\u00e4\u00e4t\u00e4.<\/p>\n<p class=\"article-content article-content-width !bg-background\">\u2013 Toisaalta, jos menett\u00e4\u00e4 varpaansa sirkkelionnettomuudessa, niin n\u00e4\u00e4 voi olla hyv\u00e4t. &#8230;No ei se toimi, Arttu toteaa.<\/p>\n<p>Mysteerin selitys<\/p>\n<p class=\"article-content article-content-width !bg-background\">Mit\u00e4 pienempi ja ihmeellisempi julkaisun aihe, sen varmemmin Instagramin kommenttikentt\u00e4 t\u00e4yttyy.<\/p>\n<p class=\"article-content article-content-width !bg-background\">Artun video on t\u00e4h\u00e4n menness\u00e4 ker\u00e4nnyt himpun alle satakunta vastausta. Arttu itsekin p\u00e4ivittelee asiaa kuluttajan\u00e4k\u00f6kulmasta ja pohtii ostoksen laatua. Faneilta tulee paitsi komppausta laatuteemassa, my\u00f6s selv\u00e4 vahvistus syylle.<\/p>\n<p class=\"article-content article-content-width !bg-background\">\u2013 Ihan kotisuomessaki aurinko kutistanu kahet sl\u00e4b\u00e4rit. Unohtunu portaille aurinkoo p\u00e4iv\u00e4ksi ni on eri kokoset kesken\u00e4\u00e4, yksi vastaus kuuluu.<\/p>\n<p>        <a itemprop=\"url\" href=\"https:\/\/www.seiska.fi\/ulkomaat\/muistatko-kirjankansi-ja-rintalihasmalli-fabion-pesee-autoja-kylpytakissa\/1836450\" rel=\"nofollow noopener\" target=\"_blank\"><\/p>\n<p>\nMuistatko ys\u00e4rimalli Fabion\n<\/p>\n<p class=\"section-date\">\n        <strong class=\"article-section\" data-section=\"ulkomaat\"><br \/>\n            ulkomaat<br \/>\n        <\/strong><br \/>\n        20.6.2025 19:00\n    <\/p>\n<p>Muistatko kirjankansi- ja rintalihasmalli Fabion? Pesee autoja kylpytakissa\n    <\/p>\n<p itemprop=\"description\" class=\"subtitle \">\n    Ys\u00e4rin liuhulettinen mallimies poseerasi yli tuhannessa romantiikkakirjan kannessa ja on nyt multimiljon\u00e4\u00e4ri.\n<\/p>\n<p>        <\/a><\/p>\n<p class=\"article-content article-content-width !bg-background\">L\u00e4mm\u00f6n vaikutus muovisl\u00e4b\u00e4reihi vahvistetaan monessa vastauksessa. L\u00e4mp\u00f6tilamuutokset eiv\u00e4t seuraajien mukaan ole rantal\u00e4psyttimien yst\u00e4vi\u00e4 \u2013 kumpaankaan suuntaan.<\/p>\n<p class=\"article-content article-content-width !bg-background\">\u2013 Mulle on k\u00e4ynyt sama, kylm\u00e4ss\u00e4&#8230; toinen vastaaja paljastaa.<\/p>\n<p>Kritiikki\u00e4 muotimerkeille<\/p>\n<p class=\"article-content article-content-width !bg-background\">Kaksi tunnettua sl\u00e4b\u00e4rimerkki\u00e4 saavat my\u00f6s pyyhkeit\u00e4.<\/p>\n<p class=\"article-content article-content-width !bg-background\">\u2013\u00a0Sama k\u00e4vi meill\u00e4 niille &#8221;kuuluisille&#8221; Happy Flopseille. Kutistui takapihan terassilla auringossa ainakin 2 kokoa.<\/p>\n<p class=\"article-content article-content-width !bg-background\">Muutama kes\u00e4 takaperin paljon kritiikki\u00e4 saaneisiin Happy Flopseihin viitataan useammassakin vastauksessa.<\/p>\n<p>        <a itemprop=\"url\" href=\"https:\/\/www.seiska.fi\/kotimaa\/nyt-puhuu-suomalaisjulkkisten-kanssa-mainostaneen-happy-flops-firman-johtaja-terveysasioilla-ei-ollut-tarkoitus-myyda\/1397602\" rel=\"nofollow noopener\" target=\"_blank\"><\/p>\n<p class=\"section-date\">\n        <strong class=\"article-section\" data-section=\"kotimaa\"><br \/>\n            kotimaa<br \/>\n        <\/strong><br \/>\n        8.7.2024 16:30\n    <\/p>\n<p>Nyt puhuu suomalaisjulkkisten kanssa mainostaneen Happy Flops -firman johtaja: &#8221;Terveysasioilla ei ollut tarkoitus myyd\u00e4&#8221;\n    <\/p>\n<p itemprop=\"description\" class=\"subtitle \">\n    Happy Flops -muovitossufirma sai kes\u00e4kuussa kosolti julkisuutta, kun sen k\u00e4ytt\u00e4m\u00e4t somevaikuttajat peruivat yhteisty\u00f6sopimuksiaan firman kanssa.\n<\/p>\n<p>        <\/a><\/p>\n<p class=\"article-content article-content-width !bg-background\">My\u00f6s tunnetut Crocsit saavat osansa useissa vastauksissa.<\/p>\n<p class=\"article-content article-content-width !bg-background\">\u2013\u00a0Saunassa saa tehty\u00e4 aikuisten crocseista lasten kokoa hyvin helposti.<\/p>\n<p class=\"article-content article-content-width !bg-background\">Happy Flopsien tapaan Crocsit mainitaan useasti, eik\u00e4 l\u00e4mm\u00f6n tarvitse olla saunaluokkaa, jotta muodonmuutoksia olisi tapahtunut.<\/p>\n<p class=\"article-content article-content-width !bg-background\">\u00a0Joku vastaajista my\u00f6s kertoo, ett\u00e4 rantasandaaleita ymm\u00e4rrett\u00e4v\u00e4mmin yli 40 asteen pitk\u00e4t l\u00e4mm\u00f6t ovat kumisaappaillekin myrkky\u00e4.<\/p>\n","protected":false},"excerpt":{"rendered":"Matti Matikainen Laulaja on ihmetyst\u00e4 t\u00e4ynn\u00e4 sl\u00e4b\u00e4riyll\u00e4tyksen \u00e4\u00e4rell\u00e4. t\u00f6rm\u00e4si vaimonsa ostamien rantasandaalien erikoiseen k\u00e4yt\u00f6kseen. Selitys tossuoutoiluun l\u00f6ytyi omilta&hellip;\n","protected":false},"author":2,"featured_media":341360,"comment_status":"","ping_status":"","sticky":false,"template":"","format":"standard","meta":{"footnotes":"","_share_on_mastodon":"0"},"categories":[130],"tags":[24434,30893,137,33,31,30,42083,16686,212,106,18570,5756,42082,42084,32,2677,42081,109],"class_list":["post-341359","post","type-post","status-publish","format-standard","has-post-thumbnail","category-viihde","tag-arttu-wiskari","tag-crocs","tag-entertainment","tag-fi","tag-finland","tag-finnish","tag-happyflops","tag-laatu","tag-lifestyle","tag-muoti","tag-pauliina","tag-pukeutuminen","tag-rantasandaalit","tag-sandaalit","tag-suomi","tag-tyyli","tag-varvassandaalit","tag-viihde"],"share_on_mastodon":{"url":"https:\/\/pubeurope.com\/@fi\/117213030212215925","error":""},"_links":{"self":[{"href":"https:\/\/www.europesays.com\/fi\/wp-json\/wp\/v2\/posts\/341359","targetHints":{"allow":["GET"]}}],"collection":[{"href":"https:\/\/www.europesays.com\/fi\/wp-json\/wp\/v2\/posts"}],"about":[{"href":"https:\/\/www.europesays.com\/fi\/wp-json\/wp\/v2\/types\/post"}],"author":[{"embeddable":true,"href":"https:\/\/www.europesays.com\/fi\/wp-json\/wp\/v2\/users\/2"}],"replies":[{"embeddable":true,"href":"https:\/\/www.europesays.com\/fi\/wp-json\/wp\/v2\/comments?post=341359"}],"version-history":[{"count":0,"href":"https:\/\/www.europesays.com\/fi\/wp-json\/wp\/v2\/posts\/341359\/revisions"}],"wp:featuredmedia":[{"embeddable":true,"href":"https:\/\/www.europesays.com\/fi\/wp-json\/wp\/v2\/media\/341360"}],"wp:attachment":[{"href":"https:\/\/www.europesays.com\/fi\/wp-json\/wp\/v2\/media?parent=341359"}],"wp:term":[{"taxonomy":"category","embeddable":true,"href":"https:\/\/www.europesays.com\/fi\/wp-json\/wp\/v2\/categories?post=341359"},{"taxonomy":"post_tag","embeddable":true,"href":"https:\/\/www.europesays.com\/fi\/wp-json\/wp\/v2\/tags?post=341359"}],"curies":[{"name":"wp","href":"https:\/\/api.w.org\/{rel}","templated":true}]}}