{"id":341363,"date":"2026-09-04T13:37:11","date_gmt":"2026-09-04T13:37:11","guid":{"rendered":"https:\/\/www.europesays.com\/fi\/341363\/"},"modified":"2026-09-04T13:37:11","modified_gmt":"2026-09-04T13:37:11","slug":"espanjassa-kolkuteltiin-uutta-syyskuun-lampoennatysta-457-astetta-uutisia-lyhyesti","status":"publish","type":"post","link":"https:\/\/www.europesays.com\/fi\/341363\/","title":{"rendered":"Espanjassa kolkuteltiin uutta syyskuun l\u00e4mp\u00f6enn\u00e4tyst\u00e4: 45,7 astetta | Uutisia lyhyesti"},"content":{"rendered":"<p class=\"aw__sc-1qwuw0s-0 aw__sc-ngllmo-0 epAWpq fzYpjk yle__article__paragraph\">Espanjassa mitattiin torstaina 45,7 asteen l\u00e4mp\u00f6, kertoo maan ilmatieteen laitos. Kyseess\u00e4 on syyskuun jaettu l\u00e4mp\u00f6enn\u00e4tys: kymmenen vuotta sitten oli yht\u00e4 kuumaa.<\/p>\n<p class=\"aw__sc-1qwuw0s-0 aw__sc-ngllmo-0 epAWpq fzYpjk yle__article__paragraph\">Molemmilla kerroilla lukema mitattiin etel\u00e4isell\u00e4 Andalusian alueella. Vuonna 2016 enn\u00e4tys syntyi Montoron kunnassa ja eilen El Granadon kunnassa.<\/p>\n<p class=\"aw__sc-1qwuw0s-0 aw__sc-ngllmo-0 epAWpq fzYpjk yle__article__paragraph\">Espanja on yksi maista, joita \u00e4\u00e4rimm\u00e4isen kuiva ja kuuma s\u00e4\u00e4 on kurittanut viime kuukausina. Siell\u00e4 on riehunut <a class=\"aw__sc-ngllmo-1 bTDnwX yle__article__link\" href=\"https:\/\/yle.fi\/a\/74-20241079\" role=\"link\" rel=\"nofollow noopener\" target=\"_blank\">pahoja mets\u00e4- ja maastopaloja<\/a>.<\/p>\n<p class=\"aw__sc-1qwuw0s-0 aw__sc-ngllmo-0 epAWpq fzYpjk yle__article__paragraph\">L\u00e4hde: AFP<\/p>\n","protected":false},"excerpt":{"rendered":"Espanjassa mitattiin torstaina 45,7 asteen l\u00e4mp\u00f6, kertoo maan ilmatieteen laitos. Kyseess\u00e4 on syyskuun jaettu l\u00e4mp\u00f6enn\u00e4tys: kymmenen vuotta sitten&hellip;\n","protected":false},"author":2,"featured_media":341364,"comment_status":"","ping_status":"","sticky":false,"template":"","format":"standard","meta":{"footnotes":"","_share_on_mastodon":"0"},"categories":[14],"tags":[26720,22,23,1819,26,27,33,31,30,17,1709,1096,24,25,28,29,15,18,21,710,32,19,20,56,16,59,60,61],"class_list":["post-341363","post","type-post","status-publish","format-standard","has-post-thumbnail","category-ulkomaat","tag-andalusia","tag-breaking-news","tag-breakingnews","tag-espanja","tag-featured-news","tag-featurednews","tag-fi","tag-finland","tag-finnish","tag-headlines","tag-helle","tag-ilmasto","tag-latest-news","tag-latestnews","tag-main-news","tag-mainnews","tag-news","tag-otsikot","tag-paauutiset","tag-saa","tag-suomi","tag-top-stories","tag-topstories","tag-ulkomaat","tag-uutiset","tag-world","tag-world-news","tag-worldnews"],"share_on_mastodon":{"url":"https:\/\/pubeurope.com\/@fi\/117213046055108907","error":""},"_links":{"self":[{"href":"https:\/\/www.europesays.com\/fi\/wp-json\/wp\/v2\/posts\/341363","targetHints":{"allow":["GET"]}}],"collection":[{"href":"https:\/\/www.europesays.com\/fi\/wp-json\/wp\/v2\/posts"}],"about":[{"href":"https:\/\/www.europesays.com\/fi\/wp-json\/wp\/v2\/types\/post"}],"author":[{"embeddable":true,"href":"https:\/\/www.europesays.com\/fi\/wp-json\/wp\/v2\/users\/2"}],"replies":[{"embeddable":true,"href":"https:\/\/www.europesays.com\/fi\/wp-json\/wp\/v2\/comments?post=341363"}],"version-history":[{"count":0,"href":"https:\/\/www.europesays.com\/fi\/wp-json\/wp\/v2\/posts\/341363\/revisions"}],"wp:featuredmedia":[{"embeddable":true,"href":"https:\/\/www.europesays.com\/fi\/wp-json\/wp\/v2\/media\/341364"}],"wp:attachment":[{"href":"https:\/\/www.europesays.com\/fi\/wp-json\/wp\/v2\/media?parent=341363"}],"wp:term":[{"taxonomy":"category","embeddable":true,"href":"https:\/\/www.europesays.com\/fi\/wp-json\/wp\/v2\/categories?post=341363"},{"taxonomy":"post_tag","embeddable":true,"href":"https:\/\/www.europesays.com\/fi\/wp-json\/wp\/v2\/tags?post=341363"}],"curies":[{"name":"wp","href":"https:\/\/api.w.org\/{rel}","templated":true}]}}