{"id":341365,"date":"2026-09-04T13:38:08","date_gmt":"2026-09-04T13:38:08","guid":{"rendered":"https:\/\/www.europesays.com\/fi\/341365\/"},"modified":"2026-09-04T13:38:08","modified_gmt":"2026-09-04T13:38:08","slug":"pam-ei-jatka-neuvotteluja-woltin-kanssa","status":"publish","type":"post","link":"https:\/\/www.europesays.com\/fi\/341365\/","title":{"rendered":"PAM ei jatka neuvotteluja Woltin kanssa"},"content":{"rendered":"<p>PAMin mukaan osapuolten kannat eiv\u00e4t ole l\u00e4hestyneet.<\/p>\n<p class=\"article-body mb-(--paragraph-margin-b) px-nof-16\">Palvelualojen ammattiliitto PAMin mukaan sen neuvottelut ruokal\u00e4hettien ty\u00f6ehdoista Woltin kanssa ovat vet\u00e4neet vesiper\u00e4n.<\/p>\n<p class=\"article-body mb-(--paragraph-margin-b) px-nof-16\">Neuvotteluja on k\u00e4yty kohta kolmen vuoden aikana.<\/p>\n<p class=\"article-body mb-(--paragraph-margin-b) px-nof-16\">\u2013\u2009Olemme niin kaukana toisistamme, ett\u00e4 neuvotteluja ei kannata jatkaa. Tyhj\u00e4n saa pyyt\u00e4m\u00e4tt\u00e4kin, PAMin sopimusp\u00e4\u00e4llikk\u00f6 <a class=\"font-bold underline-offset-[0.12em] [text-decoration:var(--person-link-text-decoration)] [text-decoration-color:var(--person-link-text-decoration-color)]!\" href=\"https:\/\/www.is.fi\/haku\/?query=Juha%20Ojala\" rel=\"nofollow noopener\" target=\"_blank\">Juha Ojala<\/a> sanoo tiedotteessa.<\/p>\n<p class=\"article-body mb-(--paragraph-margin-b) px-nof-16\">H\u00e4nen mukaansa Wolt ei ole koko aikana tuonut p\u00f6yt\u00e4\u00e4n esityst\u00e4, joka takaisi l\u00e4heteille el\u00e4miseen riitt\u00e4v\u00e4\u00e4 palkkaa.<\/p>\n<p class=\"article-body mb-(--paragraph-margin-b) px-nof-16\">\u2013 Toimituskohtaisen palkan pit\u00e4isi olla asiallinen ja odotusajalta pit\u00e4isi saada korvaus. Omista ty\u00f6v\u00e4lineist\u00e4 ja matkoista pit\u00e4isi my\u00f6s saada korvaus, toteaa my\u00f6s PAMin juristi <a class=\"font-bold underline-offset-[0.12em] [text-decoration:var(--person-link-text-decoration)] [text-decoration-color:var(--person-link-text-decoration-color)]!\" href=\"https:\/\/www.is.fi\/haku\/?query=Ronja%20Majander\" rel=\"nofollow noopener\" target=\"_blank\">Ronja Majander<\/a>.<\/p>\n<p class=\"article-body mb-(--paragraph-margin-b) px-nof-16\">\u2013 Pyrimme edelleen parantamaan l\u00e4hettien tilannetta. Mik\u00e4li muita vaihtoehtoja ei ole, haemme ratkaisuja oikeudesta.<\/p>\n<p class=\"article-body mb-(--paragraph-margin-b) px-nof-16\">Korkein hallinto-oikeus (KHO) p\u00e4\u00e4tti viime vuoden toukokuussa ennakkoratkaisussaan, ett\u00e4 Woltin ruokal\u00e4hetit ovat ty\u00f6suhteessa yritykseen. Wolt haki p\u00e4\u00e4t\u00f6ksen purkua, mutta KHO hylk\u00e4si hakemuksen t\u00e4m\u00e4n vuoden maaliskuussa.<\/p>\n<p class=\"article-body mb-(--paragraph-margin-b) px-nof-16\">Ty\u00f6ministeri <a class=\"font-bold underline-offset-[0.12em] [text-decoration:var(--person-link-text-decoration)] [text-decoration-color:var(--person-link-text-decoration-color)]!\" href=\"https:\/\/www.is.fi\/haku\/?query=Matias%20Marttinen\" rel=\"nofollow noopener\" target=\"_blank\">Matias Marttinen<\/a> (kok) totesi hein\u00e4kuussa Helsingin Sanomien haastattelussa, ett\u00e4 Woltille ty\u00f6skentelev\u00e4n ruokal\u00e4hetin pit\u00e4isi olla yleens\u00e4 ty\u00f6suhteessa.<\/p>\n<p class=\"article-body mb-(--paragraph-margin-b) px-nof-16\">N\u00e4in ei suurimmalla osalla l\u00e4heteist\u00e4 kuitenkaan ole, vaikka Wolt on palkannut uusia l\u00e4hettej\u00e4 ty\u00f6suhteeseen. Wolt on perustellut t\u00e4t\u00e4 esimerkiksi sill\u00e4, ett\u00e4 suuri osa l\u00e4heteist\u00e4 haluaa ty\u00f6skennell\u00e4 edelleen yritt\u00e4jin\u00e4.<\/p>\n","protected":false},"excerpt":{"rendered":"PAMin mukaan osapuolten kannat eiv\u00e4t ole l\u00e4hestyneet. Palvelualojen ammattiliitto PAMin mukaan sen neuvottelut ruokal\u00e4hettien ty\u00f6ehdoista Woltin kanssa ovat&hellip;\n","protected":false},"author":2,"featured_media":341366,"comment_status":"","ping_status":"","sticky":false,"template":"","format":"standard","meta":{"footnotes":"","_share_on_mastodon":"0"},"categories":[12],"tags":[22,23,26,27,33,31,30,17,34,24,25,28,29,15,18,21,32,19,20,16],"class_list":["post-341365","post","type-post","status-publish","format-standard","has-post-thumbnail","category-suomi","tag-breaking-news","tag-breakingnews","tag-featured-news","tag-featurednews","tag-fi","tag-finland","tag-finnish","tag-headlines","tag-ilta-sanomat","tag-latest-news","tag-latestnews","tag-main-news","tag-mainnews","tag-news","tag-otsikot","tag-paauutiset","tag-suomi","tag-top-stories","tag-topstories","tag-uutiset"],"share_on_mastodon":{"url":"https:\/\/pubeurope.com\/@fi\/117213050112536481","error":""},"_links":{"self":[{"href":"https:\/\/www.europesays.com\/fi\/wp-json\/wp\/v2\/posts\/341365","targetHints":{"allow":["GET"]}}],"collection":[{"href":"https:\/\/www.europesays.com\/fi\/wp-json\/wp\/v2\/posts"}],"about":[{"href":"https:\/\/www.europesays.com\/fi\/wp-json\/wp\/v2\/types\/post"}],"author":[{"embeddable":true,"href":"https:\/\/www.europesays.com\/fi\/wp-json\/wp\/v2\/users\/2"}],"replies":[{"embeddable":true,"href":"https:\/\/www.europesays.com\/fi\/wp-json\/wp\/v2\/comments?post=341365"}],"version-history":[{"count":0,"href":"https:\/\/www.europesays.com\/fi\/wp-json\/wp\/v2\/posts\/341365\/revisions"}],"wp:featuredmedia":[{"embeddable":true,"href":"https:\/\/www.europesays.com\/fi\/wp-json\/wp\/v2\/media\/341366"}],"wp:attachment":[{"href":"https:\/\/www.europesays.com\/fi\/wp-json\/wp\/v2\/media?parent=341365"}],"wp:term":[{"taxonomy":"category","embeddable":true,"href":"https:\/\/www.europesays.com\/fi\/wp-json\/wp\/v2\/categories?post=341365"},{"taxonomy":"post_tag","embeddable":true,"href":"https:\/\/www.europesays.com\/fi\/wp-json\/wp\/v2\/tags?post=341365"}],"curies":[{"name":"wp","href":"https:\/\/api.w.org\/{rel}","templated":true}]}}