{"id":341369,"date":"2026-09-04T13:40:12","date_gmt":"2026-09-04T13:40:12","guid":{"rendered":"https:\/\/www.europesays.com\/fi\/341369\/"},"modified":"2026-09-04T13:40:12","modified_gmt":"2026-09-04T13:40:12","slug":"joku-kippasi-jatekuormansa-liesjarven-kansallispuistoon-siivoukseen-uppoavat-eurot-ovat-pois-retkipaikkojen-hoidosta-kanta-hame","status":"publish","type":"post","link":"https:\/\/www.europesays.com\/fi\/341369\/","title":{"rendered":"Joku kippasi j\u00e4tekuormansa Liesj\u00e4rven kansallis\u00adpuistoon \u2013 siivoukseen uppoavat eurot ovat pois retkipaikkojen hoidosta | Kanta-H\u00e4me"},"content":{"rendered":"<p class=\"aw__sc-1qwuw0s-0 aw__sc-1vg2sqm-0 epAWpq ecELkD yle__article__paragraph\">Retkikohteiden roskaamisesta kertyy Mets\u00e4\u00adhallitukselle ylim\u00e4\u00e4r\u00e4isi\u00e4 kuluja. Jo yksitt\u00e4inen roska v\u00e4\u00e4r\u00e4ss\u00e4 paikassa voi aiheuttaa ison riesan.<\/p>\n<p>Liesj\u00e4rven kansallispuiston parkkipaikalle on kipattu kaikenlaista roskaa. Video: Dani Branthin \/ Yle<\/p>\n<p class=\"aw__sc-1qwuw0s-0 aw__sc-ngllmo-0 epAWpq fzYpjk yle__article__paragraph\">Liesj\u00e4rven kansallispuisto Tammelassa Kanta-H\u00e4meess\u00e4 on k\u00e4rsinyt t\u00e4n\u00e4 kes\u00e4n\u00e4 poikkeuksellisesta roskaamisesta.<\/p>\n<p class=\"aw__sc-1qwuw0s-0 aw__sc-ngllmo-0 epAWpq fzYpjk yle__article__paragraph\">Puiston parkkipaikalle, Kakkostien kupeeseen on kipattu muun muassa kodinkoneita, terassin kyll\u00e4stetyt j\u00e4telaudat, per\u00e4k\u00e4rryllinen omenoita ja jopa j\u00e4te\u00f6ljypurkkeja.<\/p>\n<p><img decoding=\"async\" alt=\"Kasa m\u00e4d\u00e4ntyneit\u00e4 ja homehtuneita omenia heinikossa.\" src=\"https:\/\/www.europesays.com\/fi\/wp-content\/uploads\/2026\/09\/1788347127.jpeg\" loading=\"lazy\" class=\"aw__sc-dklauk-0 LPzKX\"\/><\/p>\n<p>Avaa kuvien katselu<\/p>\n<p>Kansallispuiston parkkipaikalle kipatut omenat voivat levitt\u00e4\u00e4 muumiotautia puiston perinnetilan yli satavuotiaisiin omenapuihin.  Kuva: Dani Branthin \/ Yle<\/p>\n<p class=\"aw__sc-1qwuw0s-0 aw__sc-ngllmo-0 epAWpq fzYpjk yle__article__paragraph\">Elokuun lopulla puiston huoltoyritt\u00e4j\u00e4 ker\u00e4si esimerkiksi Kirkkolamminkankaalta per\u00e4k\u00e4rryllisen erilaista j\u00e4tett\u00e4.<\/p>\n<p class=\"aw__sc-1qwuw0s-0 aw__sc-ngllmo-0 epAWpq fzYpjk yle__article__paragraph\">Laskevan rahoituksen kanssa painivalle Mets\u00e4hallituksen luontopalveluille ylim\u00e4\u00e4r\u00e4iset siivousk\u00e4ynnit tuovat kuluja. Raha on poissa retkipaikkojen hoidosta.<\/p>\n<p class=\"aw__sc-1qwuw0s-0 aw__sc-ngllmo-0 epAWpq fzYpjk yle__article__paragraph\">Osa siivouksesta hoidetaan normaalien puiston huoltok\u00e4yntien yhteydess\u00e4. Suurempit\u00f6isten siivouksien laskut vaihtelevat muutamista satasista useampiin tuhansiin euroihin.<\/p>\n<p class=\"aw__sc-1qwuw0s-0 aw__sc-ngllmo-0 epAWpq fzYpjk yle__article__paragraph\">Mets\u00e4hallituksen luontopalvelujen virkistysk\u00e4yt\u00f6n asiantuntija <strong class=\"aw__sc-ngllmo-2 gdRrun yle__article__strong\">Anne Halla-Aho<\/strong> kertoo, ett\u00e4 esimerkiksi viime vuonna Torronsuon <a class=\"aw__sc-ngllmo-1 bTDnwX yle__article__link\" href=\"https:\/\/yle.fi\/a\/74-20173745\" role=\"link\" rel=\"nofollow noopener\" target=\"_blank\">kansallispuistoon kipatun j\u00e4tekasan<\/a> asianmukaisesta siivouksesta kertyi yli tuhannen euron lasku. H\u00e4n muistuttaa, ett\u00e4 kaikki n\u00e4m\u00e4 j\u00e4tteet olisi voinut vied\u00e4 maksutta oikeisiin paikkoihin.<\/p>\n<p><img decoding=\"async\" alt=\"Puretun terassin laudat lev\u00e4ll\u00e4\u00e4n mets\u00e4ss\u00e4.\" src=\"https:\/\/www.europesays.com\/fi\/wp-content\/uploads\/2026\/09\/1788507905.jpeg\" loading=\"lazy\" class=\"aw__sc-dklauk-0 LPzKX\"\/><\/p>\n<p>Avaa kuvien katselu<\/p>\n<p>S\u00e4hk\u00f6laitteita ottavat vastaan kaikki laitteita myyv\u00e4t liikkeet, ja pienen m\u00e4\u00e4r\u00e4n kestopuuta saa useimmilla alueilla vied\u00e4 ilmaiseksi j\u00e4teasemille. Liesj\u00e4rvell\u00e4 j\u00e4telaudat oli j\u00e4tetty mets\u00e4\u00e4n. Kuva: Mets\u00e4hallitusYhdest\u00e4 juomapullosta tuhansien eurojen lasku<\/p>\n<p class=\"aw__sc-1qwuw0s-0 aw__sc-ngllmo-0 epAWpq fzYpjk yle__article__paragraph\">Halla-ahon mukaan roskaamisesta aiheutuvat kulut voivat olla yksi syy siihen, ett\u00e4 Mets\u00e4hallitus otti syyskuun alussa k\u00e4ytt\u00f6\u00f6n <a class=\"aw__sc-ngllmo-1 bTDnwX yle__article__link\" href=\"https:\/\/yle.fi\/a\/74-20244014\" role=\"link\" rel=\"nofollow noopener\" target=\"_blank\">maksullisen pys\u00e4k\u00f6innin<\/a> nelj\u00e4ss\u00e4 kansallispuistossa ja yhdell\u00e4 suojelualueella.<\/p>\n<p class=\"aw__sc-1qwuw0s-0 aw__sc-ngllmo-0 epAWpq fzYpjk yle__article__paragraph\">Jo yksitt\u00e4inen roska v\u00e4\u00e4r\u00e4ss\u00e4 paikassa voi aiheuttaa paljon riesaa. Esimerkiksi Pyh\u00e4-Luoston kansallispuistossa vessan s\u00e4ili\u00f6t\u00e4 tyhjent\u00e4v\u00e4n imuauton letku meni tukkoon, kun s\u00e4ili\u00f6\u00f6n oli dumpattu 1,5 litran juomapullo. Yhdest\u00e4 muovipullosta aiheutui tuhansien eurojen lasku, kun imuauton laiteita jouduttiin korjaamaan ja tyhjennyst\u00e4 varten puistoon piti ajaa viel\u00e4 toinen keikka.<\/p>\n<p class=\"aw__sc-1qwuw0s-0 aw__sc-ngllmo-0 epAWpq fzYpjk yle__article__paragraph\">Joissain Mets\u00e4hallituksen kohteissa muoviroskaa on ollut vessaj\u00e4tteen seassa niin paljon, ett\u00e4 <a class=\"aw__sc-ngllmo-1 bTDnwX yle__article__link\" href=\"https:\/\/yle.fi\/a\/74-20129157\" role=\"link\" rel=\"nofollow noopener\" target=\"_blank\">kunnalliset j\u00e4tehuoltoyhti\u00f6t eiv\u00e4t en\u00e4\u00e4 suostuneet ottamaan sit\u00e4 vastaan<\/a>. Esimerkiksi Yl\u00e4-Lapista jouduttiin ajamaan noin vuoden p\u00e4iv\u00e4t lietett\u00e4 Ouluun, kun l\u00e4himm\u00e4t asemat eiv\u00e4t suostuneet ottamaan sit\u00e4 vastaan. Ylim\u00e4\u00e4r\u00e4isest\u00e4 ajosta kertyi kustannuksia tuhansia euroja.<\/p>\n<p class=\"aw__sc-1qwuw0s-0 aw__sc-ngllmo-0 epAWpq fzYpjk yle__article__paragraph\">Mets\u00e4hallituksen luontopalvelujen toteutusvastaava <strong class=\"aw__sc-ngllmo-2 gdRrun yle__article__strong\">Jarmo Asell<\/strong> kertoo, ett\u00e4 Lapin osalta tilanne saatiin lopulta ratkaistua, kun kunnalliselle j\u00e4teasemalle rakennettiin muoveille seula.<\/p>\n<p>Valtaosa retkeilij\u00f6ist\u00e4 k\u00e4ytt\u00e4ytyy asiallisesti<\/p>\n<p class=\"aw__sc-1qwuw0s-0 aw__sc-ngllmo-0 epAWpq fzYpjk yle__article__paragraph\">Halla-aho kertoo, ett\u00e4 Mets\u00e4hallitus teki Torronsuon j\u00e4tekasasta rikosilmoituksen. Se ei johtanut mihink\u00e4\u00e4n, koska poliisilla ei ollut mit\u00e4\u00e4n mihin tarttua. Poliisin mahdollisuudet selvitt\u00e4\u00e4 asiaa ovat rajalliset, jos roskaamisesta ei ole valvontakamerakuvaa tai tapaukselle ei ole silminn\u00e4kij\u00f6it\u00e4.<\/p>\n<p class=\"aw__sc-1qwuw0s-0 aw__sc-ngllmo-0 epAWpq fzYpjk yle__article__paragraph\">Halla-aho muistuttaa kuitenkin, ett\u00e4 yleens\u00e4 roskaaminen ei ole Liesj\u00e4rvell\u00e4 ongelma. Suuri osa retkeilij\u00f6ist\u00e4 on valveutuneita, eiv\u00e4tk\u00e4 j\u00e4t\u00e4 itsest\u00e4\u00e4n j\u00e4lki\u00e4 luontoon. Viime vuonna <a class=\"aw__sc-ngllmo-1 bTDnwX yle__article__link\" href=\"https:\/\/yle.fi\/a\/74-20205824\" role=\"link\" rel=\"nofollow noopener\" target=\"_blank\">Mets\u00e4hallituksen luontokohteilla vierailtiin yli 7,6 miljoonaa kertaa<\/a>, ja valtaosa k\u00e4vij\u00f6ist\u00e4 k\u00e4ytt\u00e4ytyy asiallisesti.<\/p>\n<p class=\"aw__sc-1qwuw0s-0 aw__sc-ngllmo-0 epAWpq fzYpjk yle__article__paragraph\">\u2013 Meill\u00e4 on tosi paljon ihania valveutuneita kansalaisia ja retkeilij\u00f6it\u00e4, jotka pit\u00e4v\u00e4t roskapussia mukanaan, kun he retkeilev\u00e4t ja ker\u00e4\u00e4v\u00e4t muitten j\u00e4tt\u00e4mi\u00e4 roskia. Mutta mielest\u00e4ni se pit\u00e4isi olla meid\u00e4n sis\u00e4syntyinen tieto kaikilla suomalaisilla, ett\u00e4 luontoa ei roskata.<\/p>\n","protected":false},"excerpt":{"rendered":"Retkikohteiden roskaamisesta kertyy Mets\u00e4\u00adhallitukselle ylim\u00e4\u00e4r\u00e4isi\u00e4 kuluja. Jo yksitt\u00e4inen roska v\u00e4\u00e4r\u00e4ss\u00e4 paikassa voi aiheuttaa ison riesan. Liesj\u00e4rven kansallispuiston parkkipaikalle&hellip;\n","protected":false},"author":2,"featured_media":341370,"comment_status":"","ping_status":"","sticky":false,"template":"","format":"standard","meta":{"footnotes":"","_share_on_mastodon":"0"},"categories":[117],"tags":[33,31,30,9573,1794,71,36753,72,1847,476,118,32,7898,119,477],"class_list":["post-341369","post","type-post","status-publish","format-standard","has-post-thumbnail","category-luonto","tag-fi","tag-finland","tag-finnish","tag-kansallispuistot","tag-kanta-hame","tag-kotimaa","tag-liesjarven-kansallispuisto","tag-luonto","tag-metsahallitus","tag-nature","tag-science","tag-suomi","tag-tammela","tag-tiede","tag-wildlife"],"share_on_mastodon":{"url":"https:\/\/pubeurope.com\/@fi\/117213058968507728","error":""},"_links":{"self":[{"href":"https:\/\/www.europesays.com\/fi\/wp-json\/wp\/v2\/posts\/341369","targetHints":{"allow":["GET"]}}],"collection":[{"href":"https:\/\/www.europesays.com\/fi\/wp-json\/wp\/v2\/posts"}],"about":[{"href":"https:\/\/www.europesays.com\/fi\/wp-json\/wp\/v2\/types\/post"}],"author":[{"embeddable":true,"href":"https:\/\/www.europesays.com\/fi\/wp-json\/wp\/v2\/users\/2"}],"replies":[{"embeddable":true,"href":"https:\/\/www.europesays.com\/fi\/wp-json\/wp\/v2\/comments?post=341369"}],"version-history":[{"count":0,"href":"https:\/\/www.europesays.com\/fi\/wp-json\/wp\/v2\/posts\/341369\/revisions"}],"wp:featuredmedia":[{"embeddable":true,"href":"https:\/\/www.europesays.com\/fi\/wp-json\/wp\/v2\/media\/341370"}],"wp:attachment":[{"href":"https:\/\/www.europesays.com\/fi\/wp-json\/wp\/v2\/media?parent=341369"}],"wp:term":[{"taxonomy":"category","embeddable":true,"href":"https:\/\/www.europesays.com\/fi\/wp-json\/wp\/v2\/categories?post=341369"},{"taxonomy":"post_tag","embeddable":true,"href":"https:\/\/www.europesays.com\/fi\/wp-json\/wp\/v2\/tags?post=341369"}],"curies":[{"name":"wp","href":"https:\/\/api.w.org\/{rel}","templated":true}]}}