{"id":341371,"date":"2026-09-04T13:58:13","date_gmt":"2026-09-04T13:58:13","guid":{"rendered":"https:\/\/www.europesays.com\/fi\/341371\/"},"modified":"2026-09-04T13:58:13","modified_gmt":"2026-09-04T13:58:13","slug":"valtteri-bottaksen-tallikaveri-katastrofi-auto-rajusti-seinaan","status":"publish","type":"post","link":"https:\/\/www.europesays.com\/fi\/341371\/","title":{"rendered":"Valtteri Bottaksen tallikaveri: katastrofi \u2013 auto rajusti sein\u00e4\u00e4n"},"content":{"rendered":"<p>Valtteri Bottas on taas vauhdissa. Tallikaverilla ei mennyt yht\u00e4 hyvin, kuin suomalaisella.<\/p>\n<p class=\"font-(family-name:--picture-caption-font-family) text-(length:--picture-caption-font-size) leading-(--picture-caption-leading) font-(--picture-caption-font-weight) text-(color:--picture-caption-color)\">Valtteri Bottaksella on omat tavaramerkkins\u00e4. Video:\u00a0Enni Lahtinen \/ IS<\/p>\n<p class=\"article-body mb-(--paragraph-margin-b) px-nof-16\">Formula 1 -sarjan suomalaist\u00e4hden <a class=\"font-bold underline-offset-[0.12em] [text-decoration:var(--person-link-text-decoration)] [text-decoration-color:var(--person-link-text-decoration-color)]!\" href=\"https:\/\/www.is.fi\/haku\/?query=Valtteri%20Bottaksen\" rel=\"nofollow noopener\" target=\"_blank\">Valtteri Bottaksen<\/a> Cadillac-tallin vaikeudet jatkuivat.<\/p>\n<p class=\"article-body mb-(--paragraph-margin-b) px-nof-16\">Bottas oli toki ensimm\u00e4isten vapaiden harjoitusten 20:s voittaen Aston Martinin <a class=\"font-bold underline-offset-[0.12em] [text-decoration:var(--person-link-text-decoration)] [text-decoration-color:var(--person-link-text-decoration-color)]!\" href=\"https:\/\/www.is.fi\/haku\/?query=Lance%20Strollin\" rel=\"nofollow noopener\" target=\"_blank\">Lance Strollin<\/a>, mutta toisen auton kanssa oli haasteita.<\/p>\n<p class=\"article-body mb-(--paragraph-margin-b) px-nof-16\"><a class=\"font-bold underline-offset-[0.12em] [text-decoration:var(--person-link-text-decoration)] [text-decoration-color:var(--person-link-text-decoration-color)]!\" href=\"https:\/\/www.is.fi\/haku\/?query=Sergio%20Perezin\" rel=\"nofollow noopener\" target=\"_blank\">Sergio Perezin<\/a> tilalla harjoituksissa ajanut yhdysvaltalaiskuski <a class=\"font-bold underline-offset-[0.12em] [text-decoration:var(--person-link-text-decoration)] [text-decoration-color:var(--person-link-text-decoration-color)]!\" href=\"https:\/\/www.is.fi\/haku\/?query=Colton%20Herta\" rel=\"nofollow noopener\" target=\"_blank\">Colton Herta<\/a> hyytyi kuumuudessa radan varteen jo alle 20 minuutin j\u00e4lkeen.<\/p>\n<p class=\"article-body mb-(--paragraph-margin-b) px-nof-16\">Hertalle todettiin radiossa kiihke\u00e4sti, ett\u00e4 \u201dauto on pakko pys\u00e4ytt\u00e4\u00e4\u201d. Cadillac ep\u00e4ili autossa hydraulista vikaa.<\/p>\n<p class=\"article-body mb-(--paragraph-margin-b) px-nof-16\">Hertan p\u00e4iv\u00e4 oli muutenkin murheellinen, sill\u00e4 h\u00e4n m\u00e4j\u00e4ytti autonsa sein\u00e4\u00e4n aamup\u00e4iv\u00e4ll\u00e4 F2-sarjan harjoituksissa.<\/p>\n<p class=\"article-body mb-(--paragraph-margin-b) px-nof-16\">Herta, 26, ajoi hieman leve\u00e4ksi keskinopeassa Lesmo 2 -mutkassa, jonka j\u00e4lkeen h\u00e4nen Hitechinsa l\u00e4hti tangentin suuntaan.<\/p>\n<p class=\"article-body mb-(--paragraph-margin-b) px-nof-16\">Herta oli kunnossa t\u00e4rskyn j\u00e4lkeen, mutta h\u00e4nen F2-koslansa otti huomattavasti osumaa.<\/p>\n<p class=\"article-body mb-(--paragraph-margin-b) px-nof-16\">Kotikisassaan ajavat Ferrarit s\u00e4v\u00e4yttiv\u00e4t viikonvaihteen avanneissa harjoituksissa.<\/p>\n<p class=\"article-body mb-(--paragraph-margin-b) px-nof-16\"><a class=\"font-bold underline-offset-[0.12em] [text-decoration:var(--person-link-text-decoration)] [text-decoration-color:var(--person-link-text-decoration-color)]!\" href=\"https:\/\/www.is.fi\/haku\/?query=Charles%20Leclerc\" rel=\"nofollow noopener\" target=\"_blank\">Charles Leclerc<\/a> vei k\u00e4rkisijan ja <a class=\"font-bold underline-offset-[0.12em] [text-decoration:var(--person-link-text-decoration)] [text-decoration-color:var(--person-link-text-decoration-color)]!\" href=\"https:\/\/www.is.fi\/haku\/?query=Lewis%20Hamilton\" rel=\"nofollow noopener\" target=\"_blank\">Lewis Hamilton<\/a> kakkostilan l\u00e4k\u00e4hdytt\u00e4v\u00e4ss\u00e4, yli 30 asteen helteess\u00e4. Radan l\u00e4mp\u00f6tila kohosi yli 50 asteeseen.<\/p>\n<p class=\"article-body mb-(--paragraph-margin-b) px-nof-16\">Cadillacin Herta ei ollut ainoa \u201dtulokaskuski\u201d, joka hypp\u00e4si p\u00e4iv\u00e4n avaussessiossa kokeneemman ratsun tilalle. Esimerkiksi Red Bullin <a class=\"font-bold underline-offset-[0.12em] [text-decoration:var(--person-link-text-decoration)] [text-decoration-color:var(--person-link-text-decoration-color)]!\" href=\"https:\/\/www.is.fi\/haku\/?query=Max%20Verstappen\" rel=\"nofollow noopener\" target=\"_blank\">Max Verstappen<\/a> ja Alpinen <a class=\"font-bold underline-offset-[0.12em] [text-decoration:var(--person-link-text-decoration)] [text-decoration-color:var(--person-link-text-decoration-color)]!\" href=\"https:\/\/www.is.fi\/haku\/?query=Pierre%20Gasly\" rel=\"nofollow noopener\" target=\"_blank\">Pierre Gasly<\/a> seurasivat treenej\u00e4 edustusjoukkueen verkka-asu p\u00e4\u00e4ll\u00e4\u00e4n.<\/p>\n<p class=\"article-body mb-(--paragraph-margin-b) px-nof-16\">Perjantain toiset harjoitukset k\u00e4ynnistyv\u00e4t Suomen aikaa kello 17.00.<\/p>\n<p class=\"article-body mb-(--paragraph-margin-b) px-nof-16\">Aika-ajot ovat ohjelmassa lauantaina kello 17.00, kutkuttava osakilpailu sunnuntaina kello 16.00.<\/p>\n<p>Formula 1<\/p>\n<p>Italia, 1. vapaat harjoitukset<\/p>\n<p class=\"article-body mb-(--paragraph-margin-b) px-nof-16\">1. Charles Leclerc, Ferrari 1.23,008<\/p>\n<p class=\"article-body mb-(--paragraph-margin-b) px-nof-16\">2. Lewis Hamilton, Ferrari +0,173 sekuntia<\/p>\n<p class=\"article-body mb-(--paragraph-margin-b) px-nof-16\">3. George Russell, Mercedes +0,304<\/p>\n<p class=\"article-body mb-(--paragraph-margin-b) px-nof-16\">4. Liam Lawson, Red Bull +0,425<\/p>\n<p class=\"article-body mb-(--paragraph-margin-b) px-nof-16\">5. Kimi Antonelli, Mercedes +0,636<\/p>\n<p class=\"article-body mb-(--paragraph-margin-b) px-nof-16\">6. Lando Norris, McLaren +0,711<\/p>\n<p class=\"article-body mb-(--paragraph-margin-b) px-nof-16\">7. Arvid Lindblad, Racing Bulls +0,794<\/p>\n<p class=\"article-body mb-(--paragraph-margin-b) px-nof-16\">&#8230;<\/p>\n<p class=\"article-body mb-(--paragraph-margin-b) px-nof-16\">20. Valtteri Bottas, Cadillac +2,976<\/p>\n","protected":false},"excerpt":{"rendered":"Valtteri Bottas on taas vauhdissa. Tallikaverilla ei mennyt yht\u00e4 hyvin, kuin suomalaisella. Valtteri Bottaksella on omat tavaramerkkins\u00e4. Video:\u00a0Enni&hellip;\n","protected":false},"author":2,"featured_media":341372,"comment_status":"","ping_status":"","sticky":false,"template":"","format":"standard","meta":{"footnotes":"","_share_on_mastodon":"0"},"categories":[158],"tags":[33,31,30,34,159,32,160],"class_list":["post-341371","post","type-post","status-publish","format-standard","has-post-thumbnail","category-urheilu","tag-fi","tag-finland","tag-finnish","tag-ilta-sanomat","tag-sports","tag-suomi","tag-urheilu"],"share_on_mastodon":{"url":"https:\/\/pubeurope.com\/@fi\/117213129244057170","error":""},"_links":{"self":[{"href":"https:\/\/www.europesays.com\/fi\/wp-json\/wp\/v2\/posts\/341371","targetHints":{"allow":["GET"]}}],"collection":[{"href":"https:\/\/www.europesays.com\/fi\/wp-json\/wp\/v2\/posts"}],"about":[{"href":"https:\/\/www.europesays.com\/fi\/wp-json\/wp\/v2\/types\/post"}],"author":[{"embeddable":true,"href":"https:\/\/www.europesays.com\/fi\/wp-json\/wp\/v2\/users\/2"}],"replies":[{"embeddable":true,"href":"https:\/\/www.europesays.com\/fi\/wp-json\/wp\/v2\/comments?post=341371"}],"version-history":[{"count":0,"href":"https:\/\/www.europesays.com\/fi\/wp-json\/wp\/v2\/posts\/341371\/revisions"}],"wp:featuredmedia":[{"embeddable":true,"href":"https:\/\/www.europesays.com\/fi\/wp-json\/wp\/v2\/media\/341372"}],"wp:attachment":[{"href":"https:\/\/www.europesays.com\/fi\/wp-json\/wp\/v2\/media?parent=341371"}],"wp:term":[{"taxonomy":"category","embeddable":true,"href":"https:\/\/www.europesays.com\/fi\/wp-json\/wp\/v2\/categories?post=341371"},{"taxonomy":"post_tag","embeddable":true,"href":"https:\/\/www.europesays.com\/fi\/wp-json\/wp\/v2\/tags?post=341371"}],"curies":[{"name":"wp","href":"https:\/\/api.w.org\/{rel}","templated":true}]}}