{"id":341373,"date":"2026-09-04T13:59:14","date_gmt":"2026-09-04T13:59:14","guid":{"rendered":"https:\/\/www.europesays.com\/fi\/341373\/"},"modified":"2026-09-04T13:59:14","modified_gmt":"2026-09-04T13:59:14","slug":"ulkonakokommentit-saivat-aikaan-kiivaan-keskustelun-suorassa-lahetyksessa","status":"publish","type":"post","link":"https:\/\/www.europesays.com\/fi\/341373\/","title":{"rendered":"Ulkon\u00e4k\u00f6kommentit saivat aikaan kiivaan keskustelun suorassa l\u00e4hetyksess\u00e4"},"content":{"rendered":"<p><strong class=\"typography-bold\">Julkisuudessa olevien naisten ulkon\u00e4\u00f6n kommentointi kiivastutti Huomenta Suomen keskustelussa.<\/strong><\/p>\n<p>Perjantaiaamuna <a class=\"cursor-pointer underline\" data-testid=\"internal-link\" role=\"link\" href=\"https:\/\/www.mtvuutiset.fi\/aihe\/huomenta-suomi\/1782400\" rel=\"nofollow noopener\" target=\"_blank\">Huomenta Suomi<\/a> -ohjelman Viihteen viikko -osiossa keskusteltiin muun muassa siit\u00e4, kuinka <a class=\"cursor-pointer underline\" data-testid=\"internal-link\" role=\"link\" href=\"https:\/\/www.mtvuutiset.fi\/aihe\/tanssii-tahtien-kanssa\/2839810\" rel=\"nofollow noopener\" target=\"_blank\">Tanssii T\u00e4htien Kanssa<\/a> -ohjelman uusi juontaja <a class=\"cursor-pointer underline\" data-testid=\"internal-link\" role=\"link\" href=\"https:\/\/www.mtvuutiset.fi\/aihe\/veronica-verho\/7250708\" rel=\"nofollow noopener\" target=\"_blank\"><strong class=\"typography-bold\">Veronica Verho<\/strong><\/a><strong class=\"typography-bold\"> <\/strong>on joutunut kuluvalla viikolla laajan ulkon\u00e4k\u00f6\u00f6n keskittyv\u00e4n kommentoinnin kohteeksi tatuointiensa vuoksi.\u00a0<\/p>\n<p>MTV Uutisten viihdetoimittaja <strong class=\"typography-bold\">Katja Lintunen <\/strong>totesi ettei osannut odottaa sit\u00e4, ett\u00e4 Verho saisi osakseen n\u00e4in rajua kritiikki\u00e4.\u00a0<\/p>\n<p>\u2013 Ensinn\u00e4k\u00e4\u00e4\u00e4n suorat TTK-l\u00e4hetykset eiv\u00e4t ole viel\u00e4 alkaneet, niin t\u00e4ss\u00e4 ei kritisoida mitenk\u00e4\u00e4n Veronican ammattitaitoa, vaan nyt menee ulkon\u00e4k\u00f6keskusteluun. Jos sit\u00e4 miettii laajemmin, niin onhan se ihan k\u00e4sitt\u00e4m\u00e4t\u00f6nt\u00e4, ett\u00e4 t\u00e4llaista k\u00e4yd\u00e4\u00e4n, Lintunen kommentoi.\u00a0<\/p>\n<p>Lintusen viihdetoimittajakollega <strong class=\"typography-bold\">Aino Haili <\/strong>komppasi ja totesi keskustelun aiheesta olevan &#8221;hyvin v\u00e4synytt\u00e4&#8221;.\u00a0<\/p>\n<p>\u2013 Se, ett\u00e4 joudutaan viel\u00e4 vuonna 2026 k\u00e4ym\u00e4\u00e4n t\u00e4llaista keskustelua. Me olemme kaikki my\u00f6s naisia ja olemme sellaisissa t\u00f6iss\u00e4, ett\u00e4 olemme my\u00f6s kaikki valitettavasti alttiita t\u00e4llaiselle kommentoinnille ja me olemme kaikki my\u00f6s varmasti kokeneet sit\u00e4, Haili totesi viitaten h\u00e4neen, Lintuseen sek\u00e4 Huomenta Suomen juontaja <strong class=\"typography-bold\">Shahin Doaguun<\/strong>.\u00a0<\/p>\n<p><strong class=\"typography-bold\">Lue my\u00f6s: <\/strong><a class=\"cursor-pointer underline\" data-testid=\"internal-link\" role=\"link\" href=\"https:\/\/www.mtvuutiset.fi\/artikkeli\/ttk-paljastus-aiheutti-veronica-verholle-viestitulvan-ei-koskaan-ennen-urani-aikana\/9385728\" rel=\"nofollow noopener\" target=\"_blank\"><strong class=\"typography-bold\">TTK-paljastus aiheutti Veronica Verholle viestitulvan: &#8221;Ei koskaan ennen urani aikana&#8221;<\/strong><\/a><\/p>\n<p>Haili muistutti, ett\u00e4 mik\u00e4li l\u00e4htee kritisoimaan tai haukkumaan toisen ulkon\u00e4k\u00f6\u00e4, sill\u00e4 todistaa vain yhden asian.\u00a0<\/p>\n<p>\u2013 Se ei osoita mit\u00e4\u00e4n muuta, kuin sen ihmisen oman pienuuden.\u00a0<\/p>\n<p>\u2013 Toisen ihmisen kehuminen ei maksa mit\u00e4\u00e4n, mutta sill\u00e4, ett\u00e4 l\u00e4htee haukkumaan ja lytt\u00e4\u00e4m\u00e4\u00e4n toista, niin sill\u00e4 voi olla tosi kova hinta, Haili jatkoi.\u00a0<\/p>\n<p>Toimittajat muistuttivat, etteiv\u00e4t miehetk\u00e4\u00e4n ole immuuneja ulkon\u00e4\u00f6n kommentoinnille, mutta naiset joutuvat paljon useammin sen kohteiksi julkisuudessa.\u00a0<\/p>\n<p>\u2013 Minua kiinnostaa tiet\u00e4\u00e4, ett\u00e4 mink\u00e4laiset ihmiset l\u00e4hett\u00e4v\u00e4t n\u00e4it\u00e4. Jos p\u00e4\u00e4t\u00e4t kirjoittaa nettiin kommentin tai l\u00e4hett\u00e4\u00e4 suoraan jollekin julkisuuden henkil\u00f6lle, niin mit\u00e4 p\u00e4\u00e4ss\u00e4si silloin liikkuu. Jos vaikka laittaisit minulle, ett\u00e4 &#8221;oletpa sin\u00e4 ruma&#8221;, niin mit\u00e4 mielihyv\u00e4\u00e4 saat siit\u00e4, Lintunen mietti.\u00a0<\/p>\n<p>Haili totesi, ett\u00e4 mik\u00e4li jollain on n\u00e4in paha olo, on olemassa kyll\u00e4 tahoja, joista l\u00f6ytyy apua pahan olon kanavoimiseen muilla tavoin.\u00a0<\/p>\n<p>\u2013 Miten ihmiset ovat voineet unohtaa k\u00e4yt\u00f6stavat, toimittaja summasi.\u00a0<\/p>\n<p><strong class=\"typography-bold\">Katso keskustelu yll\u00e4 olevalta videolta.\u00a0<\/strong><\/p>\n","protected":false},"excerpt":{"rendered":"Julkisuudessa olevien naisten ulkon\u00e4\u00f6n kommentointi kiivastutti Huomenta Suomen keskustelussa. Perjantaiaamuna Huomenta Suomi -ohjelman Viihteen viikko -osiossa keskusteltiin muun&hellip;\n","protected":false},"author":2,"featured_media":341374,"comment_status":"","ping_status":"","sticky":false,"template":"","format":"standard","meta":{"footnotes":"","_share_on_mastodon":"0"},"categories":[130],"tags":[137,33,31,30,32,109],"class_list":["post-341373","post","type-post","status-publish","format-standard","has-post-thumbnail","category-viihde","tag-entertainment","tag-fi","tag-finland","tag-finnish","tag-suomi","tag-viihde"],"share_on_mastodon":{"url":"https:\/\/pubeurope.com\/@fi\/117213132635743220","error":""},"_links":{"self":[{"href":"https:\/\/www.europesays.com\/fi\/wp-json\/wp\/v2\/posts\/341373","targetHints":{"allow":["GET"]}}],"collection":[{"href":"https:\/\/www.europesays.com\/fi\/wp-json\/wp\/v2\/posts"}],"about":[{"href":"https:\/\/www.europesays.com\/fi\/wp-json\/wp\/v2\/types\/post"}],"author":[{"embeddable":true,"href":"https:\/\/www.europesays.com\/fi\/wp-json\/wp\/v2\/users\/2"}],"replies":[{"embeddable":true,"href":"https:\/\/www.europesays.com\/fi\/wp-json\/wp\/v2\/comments?post=341373"}],"version-history":[{"count":0,"href":"https:\/\/www.europesays.com\/fi\/wp-json\/wp\/v2\/posts\/341373\/revisions"}],"wp:featuredmedia":[{"embeddable":true,"href":"https:\/\/www.europesays.com\/fi\/wp-json\/wp\/v2\/media\/341374"}],"wp:attachment":[{"href":"https:\/\/www.europesays.com\/fi\/wp-json\/wp\/v2\/media?parent=341373"}],"wp:term":[{"taxonomy":"category","embeddable":true,"href":"https:\/\/www.europesays.com\/fi\/wp-json\/wp\/v2\/categories?post=341373"},{"taxonomy":"post_tag","embeddable":true,"href":"https:\/\/www.europesays.com\/fi\/wp-json\/wp\/v2\/tags?post=341373"}],"curies":[{"name":"wp","href":"https:\/\/api.w.org\/{rel}","templated":true}]}}