{"id":341375,"date":"2026-09-04T14:02:17","date_gmt":"2026-09-04T14:02:17","guid":{"rendered":"https:\/\/www.europesays.com\/fi\/341375\/"},"modified":"2026-09-04T14:02:17","modified_gmt":"2026-09-04T14:02:17","slug":"stora-enso-irtisanoo-13-tyontekijaa-uimaharjusta-metsa","status":"publish","type":"post","link":"https:\/\/www.europesays.com\/fi\/341375\/","title":{"rendered":"Stora Enso irtisanoo 13 ty\u00f6ntekij\u00e4\u00e4 Uimaharjusta &#8211; Mets\u00e4"},"content":{"rendered":"<p>Torstaina p\u00e4\u00e4ttyneiden muutosneuvotteluiden piiriss\u00e4 olivat kaikki Uimaharjun yksik\u00f6n ty\u00f6ntekij\u00e4t eli noin 380 henkil\u00f6\u00e4.<\/p>\n<p><a class=\"ArticleImage-module-scss-module__sLOAyq__imageContainer\" href=\"https:\/\/www.europesays.com\/fi\/wp-content\/uploads\/2026\/09\/UUptEmwHF6Y2bGtasbFpxaD2xyw.jpg\"><img decoding=\"async\" src=\"https:\/\/www.europesays.com\/fi\/wp-content\/uploads\/2026\/09\/UUptEmwHF6Y2bGtasbFpxaD2xyw.jpg\" alt=\"Stora Ensolla on Joensuun Uimaharjussa Enocellin tehdas ja Uimaharjun saha.\" loading=\"lazy\"\/><\/a><\/p>\n<p>Stora Ensolla on Joensuun Uimaharjussa Enocellin tehdas ja Uimaharjun saha.\u00a0Kuva: Lari Lievonen<\/p>\n<p class=\"RichTextParagraph-module-scss-module__EA2ZEa__richTextParagraph undefined\">Stora Enso irtisanoo 13 ty\u00f6ntekij\u00e4\u00e4 Uimaharjun liiketoimintayksik\u00f6st\u00e4 muutosneuvottelujen p\u00e4\u00e4tteeksi. Lis\u00e4ksi kuusi m\u00e4\u00e4r\u00e4aikaista ty\u00f6suhdetta p\u00e4\u00e4ttyy ja 16 ty\u00f6ntekij\u00e4n teht\u00e4v\u00e4t muuttuvat.<\/p>\n<p class=\"RichTextParagraph-module-scss-module__EA2ZEa__richTextParagraph undefined\">Muutosneuvottelujen piiriss\u00e4 olivat kaikki Uimaharjun yksik\u00f6n ty\u00f6ntekij\u00e4t kaikissa eri henkil\u00f6st\u00f6ryhmiss\u00e4 eli noin 380 henkil\u00f6\u00e4. 2,5 viikkoa kest\u00e4neet neuvottelut p\u00e4\u00e4ttyiv\u00e4t torstaina. <\/p>\n<p class=\"RichTextParagraph-module-scss-module__EA2ZEa__richTextParagraph undefined\">Stora Ensolla on Joensuun Uimaharjussa sellutehdas ja saha. Yhti\u00f6 kertoo tiedotteessa, ett\u00e4 neuvottelujen tavoitteena oli parantaa kilpailukyky\u00e4 ja tehokkuutta sek\u00e4 l\u00f6yt\u00e4\u00e4 uusia ty\u00f6skentelytapoja ja hy\u00f6dynt\u00e4\u00e4 synergioita Uimaharjun liiketoimintayksik\u00f6n sis\u00e4ll\u00e4.<\/p>\n<p class=\"RichTextParagraph-module-scss-module__EA2ZEa__richTextParagraph undefined\">Neuvotteluiden alussa henkil\u00f6st\u00f6vaikutusten arvioitiin vastaavan enint\u00e4\u00e4n 35 henkil\u00f6n vuosittaista ty\u00f6panosta. Yhti\u00f6n mukaan henkil\u00f6st\u00f6vaikutukset onnistuttiin minimoimaan uusien toimintamallien ja t\u00f6iden j\u00e4rjestelyjen avulla.<\/p>\n<p class=\"RichTextParagraph-module-scss-module__EA2ZEa__richTextParagraph undefined\">Stora Enso kertoo tukevansa tuotannollisista ja taloudellista syist\u00e4 irtisanottavia henkil\u00f6it\u00e4 erilaisin tukitoimin, kuten ty\u00f6llist\u00e4mist\u00e4 edist\u00e4v\u00e4ll\u00e4 valmennuksella.<\/p>\n","protected":false},"excerpt":{"rendered":"Torstaina p\u00e4\u00e4ttyneiden muutosneuvotteluiden piiriss\u00e4 olivat kaikki Uimaharjun yksik\u00f6n ty\u00f6ntekij\u00e4t eli noin 380 henkil\u00f6\u00e4. Stora Ensolla on Joensuun Uimaharjussa&hellip;\n","protected":false},"author":2,"featured_media":341376,"comment_status":"","ping_status":"","sticky":false,"template":"","format":"standard","meta":{"footnotes":"","_share_on_mastodon":"0"},"categories":[76],"tags":[79,77,33,31,30,32,78],"class_list":["post-341375","post","type-post","status-publish","format-standard","has-post-thumbnail","category-talous","tag-business","tag-economy","tag-fi","tag-finland","tag-finnish","tag-suomi","tag-talous"],"share_on_mastodon":{"url":"https:\/\/pubeurope.com\/@fi\/117213145224522370","error":""},"_links":{"self":[{"href":"https:\/\/www.europesays.com\/fi\/wp-json\/wp\/v2\/posts\/341375","targetHints":{"allow":["GET"]}}],"collection":[{"href":"https:\/\/www.europesays.com\/fi\/wp-json\/wp\/v2\/posts"}],"about":[{"href":"https:\/\/www.europesays.com\/fi\/wp-json\/wp\/v2\/types\/post"}],"author":[{"embeddable":true,"href":"https:\/\/www.europesays.com\/fi\/wp-json\/wp\/v2\/users\/2"}],"replies":[{"embeddable":true,"href":"https:\/\/www.europesays.com\/fi\/wp-json\/wp\/v2\/comments?post=341375"}],"version-history":[{"count":0,"href":"https:\/\/www.europesays.com\/fi\/wp-json\/wp\/v2\/posts\/341375\/revisions"}],"wp:featuredmedia":[{"embeddable":true,"href":"https:\/\/www.europesays.com\/fi\/wp-json\/wp\/v2\/media\/341376"}],"wp:attachment":[{"href":"https:\/\/www.europesays.com\/fi\/wp-json\/wp\/v2\/media?parent=341375"}],"wp:term":[{"taxonomy":"category","embeddable":true,"href":"https:\/\/www.europesays.com\/fi\/wp-json\/wp\/v2\/categories?post=341375"},{"taxonomy":"post_tag","embeddable":true,"href":"https:\/\/www.europesays.com\/fi\/wp-json\/wp\/v2\/tags?post=341375"}],"curies":[{"name":"wp","href":"https:\/\/api.w.org\/{rel}","templated":true}]}}