{"id":341377,"date":"2026-09-04T14:03:09","date_gmt":"2026-09-04T14:03:09","guid":{"rendered":"https:\/\/www.europesays.com\/fi\/341377\/"},"modified":"2026-09-04T14:03:09","modified_gmt":"2026-09-04T14:03:09","slug":"afrikka-on-kyllastynyt-sita-kutistavaan-maailmankarttaan","status":"publish","type":"post","link":"https:\/\/www.europesays.com\/fi\/341377\/","title":{"rendered":"Afrikka on kyll\u00e4stynyt sit\u00e4 kutistavaan maailmankarttaan"},"content":{"rendered":"<p class=\"article-body mb-(--paragraph-margin-b) px-nof-16\">Afrikka n\u00e4ytt\u00e4\u00e4 yleisimmin k\u00e4ytetyll\u00e4 maailmankartalla Gr\u00f6nlannin kokoiselta. Todellisuudessa sen pinta-ala on noin 14-kertainen pohjoiseen saareen verrattuna.<\/p>\n<p class=\"article-body mb-(--paragraph-margin-b) px-nof-16\">Nyt Afrikan maat haluavat maanosan n\u00e4kyv\u00e4n maailmankartalla oikeassa mittakaavassa. Ne esitt\u00e4v\u00e4t YK:n yleiskokoukselle, ett\u00e4 maailman tulisi virallisesti luopua perinteisest\u00e4 Mercatorin karttaprojektiosta ja siirty\u00e4 k\u00e4ytt\u00e4m\u00e4\u00e4n karttaa, joka n\u00e4ytt\u00e4\u00e4 Afrikan koon tarkemmin.<\/p>\n<p class=\"article-body mb-(--paragraph-margin-b) px-nof-16\">Afrikan maat esitt\u00e4v\u00e4t vaihtoehdoksi Equal Earth -karttaprojektiota, jonka kansainv\u00e4linen <a class=\"underline underline-offset-[0.12em] [text-decoration-thickness:var(--generic-link-underline-thickness)] [text-decoration-color:var(--generic-link-underline-color)] [text-decoration-skip-ink:var(--generic-link-underline-skip-ink)] break-words\" href=\"https:\/\/equal-earth.com\/index.html\" rel=\"nofollow noopener\" target=\"_blank\">kartografiryhm\u00e4 <\/a>kehitti vuonna 2018. Se korjaa Mercatorin projektiossa esiintyvi\u00e4 v\u00e4\u00e4ristymi\u00e4, kuten Pohjois-Amerikan ja Euroopan pinta-alaa pienemm\u00e4ksi.<\/p>\n<p class=\"article-body mb-(--paragraph-margin-b) px-nof-16\">Equal Earth -projektiokaan ei pysty esitt\u00e4m\u00e4\u00e4n pallomaista maapalloa t\u00e4ysin v\u00e4\u00e4ristym\u00e4tt\u00f6m\u00e4n\u00e4 kaksiulotteisella kartalla. Karttaprojektioita maapallosta on olemassa yhteens\u00e4 noin 200.<\/p>\n<p class=\"article-body mb-(--paragraph-margin-b) px-nof-16\">YK:n yleiskokous k\u00e4sittelee asiaa perjantaina illalla Suomen aikaa. Esityksen asiasta teki L\u00e4nsi-Afrikassa sijaitseva Togo, ja sit\u00e4 tukee 54 muuta Afrikan unionin j\u00e4senvaltiota, <a class=\"underline underline-offset-[0.12em] [text-decoration-thickness:var(--generic-link-underline-thickness)] [text-decoration-color:var(--generic-link-underline-color)] [text-decoration-skip-ink:var(--generic-link-underline-skip-ink)] break-words\" href=\"https:\/\/www.sabcnews.com\/sabcnews\/africa-takes-correct-the-map-campaign-to-un-general-assembly\/?utm_source=chatgpt.com\" rel=\"nofollow noopener\" target=\"_blank\">kertoo <\/a>etel\u00e4afrikkalainen yleisradioyhti\u00f6 SABC.<\/p>\n<p class=\"article-body mb-(--paragraph-margin-b) px-nof-16\">\u201dPid\u00e4n hyvin perusteltuna, ett\u00e4 siirtyisimme p\u00e4\u00e4s\u00e4\u00e4nt\u00f6isesti Equal Earth -projektion k\u00e4ytt\u00f6\u00f6n, jotta kartan kautta v\u00e4littyisi totuudenmukaisempi kuva maanosien ja valtioiden laajuudesta\u201d, sanoo soveltavan digitaalisen paikkatietotutkimuksen professori <a class=\"font-bold underline-offset-[0.12em] [text-decoration:var(--person-link-text-decoration)] [text-decoration-color:var(--person-link-text-decoration-color)]!\" href=\"https:\/\/www.hs.fi\/haku\/?query=Niina%20K%C3%A4yhk%C3%B6\" rel=\"nofollow noopener\" target=\"_blank\">Niina K\u00e4yhk\u00f6 <\/a>Turun yliopistosta.<\/p>\n<p class=\"article-body mb-(--paragraph-margin-b) px-nof-16\">K\u00e4yhk\u00f6n mukaan totuudenmukainen esitystapa on hyv\u00e4 l\u00e4ht\u00f6kohta sille, etteiv\u00e4t ihmiset rakenna v\u00e4\u00e4ri\u00e4 poliittisia mielikuvia maailmasta.<\/p>\n<p><img decoding=\"async\" src=\"https:\/\/www.europesays.com\/fi\/wp-content\/uploads\/2026\/09\/1788530589_201_468.jpg\" alt=\"Mercatorin karttaprojektio on per\u00e4isin 1500-luvulta, jolloin sen oli tarkoitus palvella merenkulkua.\" class=\"_Img_1rerz_1\" style=\"aspect-ratio:1920\/939\" loading=\"eager\"\/><\/p>\n<p class=\"font-(family-name:--picture-caption-font-family) text-(length:--picture-caption-font-size) leading-(--picture-caption-leading) font-(--picture-caption-font-weight) text-(color:--picture-caption-color) picture-with-caption__caption picture-with-caption__caption--default-full\">Mercatorin karttaprojektio on per\u00e4isin 1500-luvulta, jolloin sen oli tarkoitus palvella merenkulkua. Kuva:\u00a0Strebe \/ Wikimedia Commons<\/p>\n<p><img decoding=\"async\" src=\"https:\/\/www.europesays.com\/fi\/wp-content\/uploads\/2026\/09\/1788530589_167_468.jpg\" alt=\"Afrikan unioni esitt\u00e4\u00e4, ett\u00e4 YK ottaisi k\u00e4ytt\u00f6\u00f6n Equal Earth -karttaprojektion maailmasta.\" class=\"_Img_1rerz_1\" style=\"aspect-ratio:1920\/939\" loading=\"eager\"\/><\/p>\n<p class=\"font-(family-name:--picture-caption-font-family) text-(length:--picture-caption-font-size) leading-(--picture-caption-leading) font-(--picture-caption-font-weight) text-(color:--picture-caption-color) picture-with-caption__caption picture-with-caption__caption--default-full\">Afrikan unioni esitt\u00e4\u00e4, ett\u00e4 YK ottaisi k\u00e4ytt\u00f6\u00f6n Equal Earth -karttaprojektion maailmasta. Kuva:\u00a0Strebe \/ Wikimedia Commons<\/p>\n<p class=\"article-body mb-(--paragraph-margin-b) px-nof-16\">Flaamilainen maantieteilij\u00e4 ja matemaatikko <a class=\"font-bold underline-offset-[0.12em] [text-decoration:var(--person-link-text-decoration)] [text-decoration-color:var(--person-link-text-decoration-color)]!\" href=\"https:\/\/www.hs.fi\/haku\/?query=Gerardus%20Mercator\" rel=\"nofollow noopener\" target=\"_blank\">Gerardus Mercator <\/a>kehitti edelleen yleisimmin k\u00e4ytetyn karttaprojektion vuonna 1569 merenkulkuun.<\/p>\n<p class=\"article-body mb-(--paragraph-margin-b) px-nof-16\">Mercatorin karttaversio pyrkii s\u00e4ilytt\u00e4m\u00e4\u00e4n kulmat ja paikalliset muodot, mik\u00e4 helpottaa suunnistamista. Samalla pinta-alat v\u00e4\u00e4ristyv\u00e4t voimakkaasti maapallon napa-alueilla.<\/p>\n<p class=\"article-body mb-(--paragraph-margin-b) px-nof-16\">Afrikan maiden vaatimusta tukee #CorrectTheMap-kampanja, jonka kansainv\u00e4linen kartografiryhm\u00e4 kehitti vuonna 2018. Se korjaa Mercatorin projektiossa esiintyvi\u00e4 v\u00e4\u00e4ristymi\u00e4.<\/p>\n<p class=\"article-body mb-(--paragraph-margin-b) px-nof-16\">Togon viranomaiset toivovat, ett\u00e4 jos asiasta \u00e4\u00e4nestet\u00e4\u00e4n, k\u00e4visi samoin kuin toisessa Afrikan unionin tukemassa YK-p\u00e4\u00e4t\u00f6ksess\u00e4 aiemmin t\u00e4n\u00e4 vuonna, <a class=\"underline underline-offset-[0.12em] [text-decoration-thickness:var(--generic-link-underline-thickness)] [text-decoration-color:var(--generic-link-underline-color)] [text-decoration-skip-ink:var(--generic-link-underline-skip-ink)] break-words\" href=\"https:\/\/www.theguardian.com\/world\/2026\/sep\/04\/un-vote-world-map-mercator-equal-earth-africa\" rel=\"nofollow noopener\" target=\"_blank\">kertoo<\/a> the Guardian.<\/p>\n<p class=\"article-body mb-(--paragraph-margin-b) px-nof-16\">Maaliskuussa YK:ssa hyv\u00e4ksyttiin <a class=\"underline underline-offset-[0.12em] [text-decoration-thickness:var(--generic-link-underline-thickness)] [text-decoration-color:var(--generic-link-underline-color)] [text-decoration-skip-ink:var(--generic-link-underline-skip-ink)] break-words\" href=\"https:\/\/www.theguardian.com\/news\/2026\/mar\/25\/un-votes-slave-trade-gravest-crime-against-humanity-reparatory-justice\" rel=\"nofollow noopener\" target=\"_blank\">Ghanan esitt\u00e4m\u00e4 p\u00e4\u00e4t\u00f6slauselma<\/a>, jossa Afrikasta suuntautuvaa transatlanttista orjakauppaa kuvattiin \u201dvakavimmaksi rikokseksi ihmisyytt\u00e4 vastaan\u201d. Sen puolesta \u00e4\u00e4nesti 123 valtiota. Kolme valtiota \u00e4\u00e4nesti vastaan ja 52 pid\u00e4tt\u00e4ytyi \u00e4\u00e4nest\u00e4m\u00e4st\u00e4.<\/p>\n<p class=\"article-body mb-(--paragraph-margin-b) px-nof-16\">Erilaisten maailmankarttojen esitt\u00e4mien pinta-alojen suhteiden vaikutus maailmanpoliittisiin p\u00e4\u00e4t\u00f6ksiin on kiistaton.<\/p>\n<p class=\"article-body mb-(--paragraph-margin-b) px-nof-16\">Esimerkiksi Yhdysvaltain presidentti <a class=\"font-bold underline-offset-[0.12em] [text-decoration:var(--person-link-text-decoration)] [text-decoration-color:var(--person-link-text-decoration-color)]!\" href=\"https:\/\/www.hs.fi\/haku\/?query=Donald%20Trump\" rel=\"nofollow noopener\" target=\"_blank\">Donald Trump<\/a> <a class=\"underline underline-offset-[0.12em] [text-decoration-thickness:var(--generic-link-underline-thickness)] [text-decoration-color:var(--generic-link-underline-color)] [text-decoration-skip-ink:var(--generic-link-underline-skip-ink)] break-words\" href=\"https:\/\/www.ft.com\/content\/ab276ef0-1224-4c09-bc31-959a5cc50d39?syn-25a6b1a6=1\" rel=\"nofollow noopener\" target=\"_blank\">on kertonut<\/a> \u201drakastavansa karttoja\u201d, kun h\u00e4n alkoi haaveilla Gr\u00f6nlannin saamisesta Yhdysvaltojen hallintaan.<\/p>\n<p class=\"article-body mb-(--paragraph-margin-b) px-nof-16\">\u201dOlen aina sanonut, katsokaa t\u00e4m\u00e4n [Gr\u00f6nlannin] kokoa. Se on massiivinen ja sen pit\u00e4isi olla osa Yhdysvaltoja\u201d, h\u00e4n sanoi toimittajalle vuonna 2021 Valkoisessa talossa.<\/p>\n<p class=\"article-body mb-(--paragraph-margin-b) px-nof-16\">Aivan maapallon etel\u00e4kolkassa on my\u00f6s saarivaltio, joka on karttojen julkaisijoille katkera.<\/p>\n<p class=\"article-body mb-(--paragraph-margin-b) px-nof-16\">Uusi-Seelanti j\u00e4tet\u00e4\u00e4n usein kokonaan pois maailmankartasta, koska se sijoittuu Eurooppaan keskitetyss\u00e4 esityksess\u00e4 aivan oikeaan alakulmaan. Tosin <a class=\"underline underline-offset-[0.12em] [text-decoration-thickness:var(--generic-link-underline-thickness)] [text-decoration-color:var(--generic-link-underline-color)] [text-decoration-skip-ink:var(--generic-link-underline-skip-ink)] break-words\" href=\"https:\/\/www.theguardian.com\/world\/2018\/may\/02\/jacinda-ardern-asks-why-new-zealand-is-left-off-world-maps-in-new-tourism-campaign?utm_source=chatgpt.com\" rel=\"nofollow noopener\" target=\"_blank\">se on tehnyt<\/a> maailmasta puuttumisestaan my\u00f6s vitsin.<\/p>\n<p class=\"nof-ui-body-medium break-words mb-(--paragraph-margin-b) px-nof-16\">Oikaisu 4. syyskuuta kello 16.53: Jutusta korjattu v\u00e4ite, ett\u00e4 Uusi-Seelanti sijoittuisi Mercatorin projektion mukaisessa kartassa aivan vasempaan alakulmaan. Todellisuudessa se sijoittuu oikeaan alakulmaan. Lis\u00e4ksi t\u00e4smennetty kohtaa, jossa sanottiin Ghanan p\u00e4\u00e4t\u00f6slauselman nimitt\u00e4v\u00e4n orjakauppaa \u201dvakavimmaksi rikokseksi ihmisyytt\u00e4 vastaan\u201d. P\u00e4\u00e4t\u00f6slauselmassa puhuttiin nimenomaan transatlanttisesta Afrikasta suuntautuvasta orjakaupasta.<\/p>\n","protected":false},"excerpt":{"rendered":"Afrikka n\u00e4ytt\u00e4\u00e4 yleisimmin k\u00e4ytetyll\u00e4 maailmankartalla Gr\u00f6nlannin kokoiselta. Todellisuudessa sen pinta-ala on noin 14-kertainen pohjoiseen saareen verrattuna. Nyt Afrikan&hellip;\n","protected":false},"author":2,"featured_media":341378,"comment_status":"","ping_status":"","sticky":false,"template":"","format":"standard","meta":{"footnotes":"","_share_on_mastodon":"0"},"categories":[14],"tags":[22,23,26,27,33,31,30,17,46,24,25,28,29,15,18,21,32,19,20,56,16,59,60,61],"class_list":["post-341377","post","type-post","status-publish","format-standard","has-post-thumbnail","category-ulkomaat","tag-breaking-news","tag-breakingnews","tag-featured-news","tag-featurednews","tag-fi","tag-finland","tag-finnish","tag-headlines","tag-helsingin-sanomat","tag-latest-news","tag-latestnews","tag-main-news","tag-mainnews","tag-news","tag-otsikot","tag-paauutiset","tag-suomi","tag-top-stories","tag-topstories","tag-ulkomaat","tag-uutiset","tag-world","tag-world-news","tag-worldnews"],"share_on_mastodon":{"url":"https:\/\/pubeurope.com\/@fi\/117213148730978455","error":""},"_links":{"self":[{"href":"https:\/\/www.europesays.com\/fi\/wp-json\/wp\/v2\/posts\/341377","targetHints":{"allow":["GET"]}}],"collection":[{"href":"https:\/\/www.europesays.com\/fi\/wp-json\/wp\/v2\/posts"}],"about":[{"href":"https:\/\/www.europesays.com\/fi\/wp-json\/wp\/v2\/types\/post"}],"author":[{"embeddable":true,"href":"https:\/\/www.europesays.com\/fi\/wp-json\/wp\/v2\/users\/2"}],"replies":[{"embeddable":true,"href":"https:\/\/www.europesays.com\/fi\/wp-json\/wp\/v2\/comments?post=341377"}],"version-history":[{"count":0,"href":"https:\/\/www.europesays.com\/fi\/wp-json\/wp\/v2\/posts\/341377\/revisions"}],"wp:featuredmedia":[{"embeddable":true,"href":"https:\/\/www.europesays.com\/fi\/wp-json\/wp\/v2\/media\/341378"}],"wp:attachment":[{"href":"https:\/\/www.europesays.com\/fi\/wp-json\/wp\/v2\/media?parent=341377"}],"wp:term":[{"taxonomy":"category","embeddable":true,"href":"https:\/\/www.europesays.com\/fi\/wp-json\/wp\/v2\/categories?post=341377"},{"taxonomy":"post_tag","embeddable":true,"href":"https:\/\/www.europesays.com\/fi\/wp-json\/wp\/v2\/tags?post=341377"}],"curies":[{"name":"wp","href":"https:\/\/api.w.org\/{rel}","templated":true}]}}