{"id":341379,"date":"2026-09-04T14:04:14","date_gmt":"2026-09-04T14:04:14","guid":{"rendered":"https:\/\/www.europesays.com\/fi\/341379\/"},"modified":"2026-09-04T14:04:14","modified_gmt":"2026-09-04T14:04:14","slug":"alexander-stubbilta-vakava-varoitus-ja-heti-peraan-vetoomus-suomalaisille","status":"publish","type":"post","link":"https:\/\/www.europesays.com\/fi\/341379\/","title":{"rendered":"Alexander Stubbilta vakava varoitus \u2013 Ja heti per\u00e4\u00e4n vetoomus suomalaisille"},"content":{"rendered":"<p>Tasavallan presidentti Alexander Stubb m\u00e4\u00e4ritteli perjantaina, mik\u00e4 on keskeisin turvallisuusuhka Suomelle. \u201dSe on nimenomaan Ven\u00e4j\u00e4\u201d, h\u00e4n kiteytti.<\/p>\n<p class=\"paragraph\">Tasavallan presidentti <strong>Alexander Stubb<\/strong> esitti perjantaina iltap\u00e4iv\u00e4ll\u00e4 arvionsa, millainen uhka Ven\u00e4j\u00e4 on Suomelle.<\/p>\n<p class=\"paragraph\">\u2013 V\u00e4lit\u00f6nt\u00e4 sotilaallista vaaraa ei ole, mutta jos pit\u00e4isi m\u00e4\u00e4ritell\u00e4 Suomen keskeisin turvallisuusuhka, se on nimenomaan Ven\u00e4j\u00e4, Stubb sanoi.<\/p>\n<p class=\"paragraph\">H\u00e4nelt\u00e4 kysyttiin Ven\u00e4j\u00e4n-uhasta Maanpuolustustiedotuksen suunnittelukunnan MTS:n 50-vuotisjuhlaseminaarissa.<\/p>\n<p class=\"paragraph\">Presidentti Stubb perusteli pitk\u00e4sti, miksi Ven\u00e4j\u00e4 on turvallisuusuhka Suomelle.<\/p>\n<p class=\"paragraph\">\u2013 Se pohjautuu puhtaasti sek\u00e4 sotilaalliseen ett\u00e4 ulko- ja turvallisuuspoliittiseen analyysiin Ven\u00e4j\u00e4n toimista Ukrainassa ja Ven\u00e4j\u00e4n kielenk\u00e4yt\u00f6st\u00e4, h\u00e4n aloitti.<\/p>\n<p class=\"paragraph\">Tiedustelutiedot antavat tukea arviolle Ven\u00e4j\u00e4st\u00e4 uhkana Suomelle ja suomalaisille.<\/p>\n<p class=\"paragraph\">\u2013 Tiedustelun ja muun v\u00e4lityksell\u00e4 me n\u00e4emme, mit\u00e4 tapahtuu meid\u00e4n rajallamme ja millaista sotilaallista infrastruktuuria Ven\u00e4j\u00e4 siihen rakentaa. Olemme hyvin tietoisia Leningradin puolustusalueesta. Olemme hyvin tietoisia Murmanskin alueen ydinaseista ja niin edesp\u00e4in, Stubb sanoi.<\/p>\n<p><img decoding=\"async\" class=\"image image-show image-preview\" src=\"https:\/\/www.europesays.com\/fi\/wp-content\/uploads\/2026\/09\/0c39a9fe1a9664bda1e888ab6355bc4a2e9d7749cfa9ead7a1d9070f4f0e85a8.jpg\" alt=\"\"\/><img decoding=\"async\" class=\"image image-show\" src=\"https:\/\/www.europesays.com\/fi\/wp-content\/uploads\/2026\/09\/1788530654_14_0c39a9fe1a9664bda1e888ab6355bc4a2e9d7749cfa9ead7a1d9070f4f0e85a8.jpg\" alt=\"\"\/><\/p>\n<p>Tasavallan presidentti Alexander Stubbin mukaan suomalaisilta vaaditaan nyt kahta asiaa: tukea Ukrainalle ja \u201dkognitiivista kapasiteettia pysy\u00e4 rauhallisena\u201d. Miia Sir\u00e9n<\/p>\n<p>Vetoomus suomalaisille<\/p>\n<p class=\"paragraph\">Heti per\u00e4\u00e4n Stubb esitti kaikille suomalaisille vetoomuksen. Suomen Nato-puolustus on vahva, eik\u00e4 Ven\u00e4j\u00e4n sotapropagandaa pit\u00e4isi omilla toimilla levitt\u00e4\u00e4 suomalaisessa yhteiskunnassa.<\/p>\n<p class=\"paragraph\">Arvoon nousevat siis perinteiset suomalaiset hyveet.<\/p>\n<p class=\"paragraph\">\u2013 J\u00e4lleen kerran n\u00e4ihin pit\u00e4\u00e4 suhtautua maltilla ja rauhassa. Kansainv\u00e4lisess\u00e4 keskustelussa menn\u00e4\u00e4n aika usein laukalle siit\u00e4, kuka on seuraava. Me emme n\u00e4e mit\u00e4\u00e4n indikaatiota siit\u00e4, ett\u00e4 olisi seuraava. Ven\u00e4j\u00e4 on t\u00e4ll\u00e4 hetkell\u00e4 hyvin keskittynyt Ukrainan rintamalle. Sill\u00e4 ei k\u00e4yt\u00e4nn\u00f6ss\u00e4 ole kapasiteettia irrottaa sielt\u00e4 mit\u00e4\u00e4n, Stubb arvioi.<\/p>\n<p>Stubb kuvattuna juhlaseminaarissa. Lauri Nurmi<\/p>\n<p>Varoitus Ven\u00e4j\u00e4n iskuista<\/p>\n<p class=\"paragraph\">Presidentti varoitti siit\u00e4, ett\u00e4 Ven\u00e4j\u00e4 yritt\u00e4\u00e4 tehd\u00e4 Nato-maissa sotilaallisiin iskuihin rinnastuvia sabotaasi-iskuja, joissa ven\u00e4l\u00e4iset k\u00e4ytt\u00e4v\u00e4t r\u00e4j\u00e4hteit\u00e4.<\/p>\n<p class=\"paragraph\">\u2013 [Ven\u00e4j\u00e4] tulee varmasti tekem\u00e4\u00e4n Leipzigin kaltaisia hybridi-iskuja ja sabotaasi-iskuja my\u00f6s tulevaisuudessa.<\/p>\n<p class=\"paragraph\">Ven\u00e4j\u00e4\u00e4n kytk\u00f6ksiss\u00e4 olevia miehi\u00e4 ep\u00e4ill\u00e4\u00e4n Saksassa yrityksest\u00e4 r\u00e4j\u00e4ytt\u00e4\u00e4 kuljetuslentokone.<\/p>\n<p class=\"paragraph\">\u2013 Suomalainen rauhallisuus ja maltti ovat t\u00e4ss\u00e4kin tilanteessa valttia, Stubb t\u00e4hdensi.<\/p>\n<p class=\"paragraph\">Presidentti ei kierrellyt sit\u00e4, ett\u00e4 vallitseva todellisuus on ik\u00e4v\u00e4 ja uhat pitk\u00e4kestoisia.<\/p>\n<p class=\"paragraph\">\u2013 T\u00e4m\u00e4 on se uusi normaali, h\u00e4n kiteytti.<\/p>\n<p class=\"paragraph\">Porvoon ulkosaaristosta l\u00f6ytynytt\u00e4 ven\u00e4l\u00e4ist\u00e4 droonia Stubb pit\u00e4\u00e4 esimerkkin\u00e4 \u201duudesta normaalista\u201d.<\/p>\n<p class=\"paragraph\">\u2013 Nyt tutkimme t\u00e4m\u00e4n droonin perinpohjaisesti. Mist\u00e4 se on tullut ja mit\u00e4 informaatiota se pit\u00e4\u00e4 sis\u00e4ll\u00e4\u00e4n? T\u00e4m\u00e4ntyyppisi\u00e4 tapauksia me tulemme tulevaisuudessa n\u00e4kem\u00e4\u00e4n. Niihin pit\u00e4\u00e4 valitettavasti tottua enemm\u00e4n, h\u00e4n arvioi.<\/p>\n<p>Valmius toimia<\/p>\n<p class=\"paragraph\">Stubb kertoi, ett\u00e4 h\u00e4n on puolustusvoimien ylip\u00e4\u00e4llikk\u00f6n\u00e4 koko ajan akuutin tilannekuvan \u00e4\u00e4rell\u00e4.<\/p>\n<p class=\"paragraph\">\u2013 Itse sain tiedon, kuten aina, reaaliaikaisesti t\u00e4st\u00e4 droonista, ja sen j\u00e4lkeen Puolustusvoimat teki tarvittavat toimenpiteet. Modernissa sodank\u00e4ynniss\u00e4, varsinkin meid\u00e4n kaltaisellamme rajavaltiolla, pit\u00e4\u00e4 olla valmius toimia n\u00e4iss\u00e4.<\/p>\n<p class=\"paragraph\">Presidentti pit\u00e4\u00e4 my\u00f6nteisen\u00e4, ett\u00e4 ven\u00e4l\u00e4iset kertoivat suomalaisille droonista. Parhaillaan viranomaiset arvioivat, onko Ven\u00e4j\u00e4n versio tapahtuneesta totta vai ei.<\/p>\n<p class=\"paragraph\">\u2013 T\u00e4ss\u00e4 tapauksessahan me saimme varoituksen ven\u00e4l\u00e4isilt\u00e4 etuk\u00e4teen, ett\u00e4 t\u00e4llainen drooni on harhautunut Suomen ilmatilaan, mik\u00e4 on my\u00f6s osoitus siit\u00e4, ett\u00e4 kommunikaatiokanavat edelleen toimivat, Stubb pohti.<\/p>\n<p class=\"paragraph\">Ylip\u00e4\u00e4llik\u00f6n mukaan suomalaisilta vaaditaan nyt kahta asiaa: tukea Ukrainalle ja \u201dkognitiivista kapasiteettia pysy\u00e4 rauhallisena\u201d.<\/p>\n<p class=\"paragraph\">\u2013 Aika paljon meid\u00e4n huoltovarmuudestamme ja kokonaisturvallisuudestamme liittyy t\u00e4n\u00e4 p\u00e4iv\u00e4n\u00e4 siihen, miten me henkisesti kykenemme el\u00e4m\u00e4\u00e4n t\u00e4ss\u00e4 uudessa maailmassa, Stubb painotti.<\/p>\n","protected":false},"excerpt":{"rendered":"Tasavallan presidentti Alexander Stubb m\u00e4\u00e4ritteli perjantaina, mik\u00e4 on keskeisin turvallisuusuhka Suomelle. \u201dSe on nimenomaan Ven\u00e4j\u00e4\u201d, h\u00e4n kiteytti. Tasavallan&hellip;\n","protected":false},"author":2,"featured_media":341380,"comment_status":"","ping_status":"","sticky":false,"template":"","format":"standard","meta":{"footnotes":"","_share_on_mastodon":"0"},"categories":[12],"tags":[35,22,23,26,27,33,31,30,17,24,25,28,29,15,18,21,142,637,2535,887,32,19,20,2534,16],"class_list":["post-341379","post","type-post","status-publish","format-standard","has-post-thumbnail","category-suomi","tag-24h","tag-breaking-news","tag-breakingnews","tag-featured-news","tag-featurednews","tag-fi","tag-finland","tag-finnish","tag-headlines","tag-latest-news","tag-latestnews","tag-main-news","tag-mainnews","tag-news","tag-otsikot","tag-paauutiset","tag-poliitikot","tag-politiikka","tag-puolustuspolitiikka","tag-suomen-politiikka","tag-suomi","tag-top-stories","tag-topstories","tag-turvallisuuspolitiikka","tag-uutiset"],"share_on_mastodon":{"url":"https:\/\/pubeurope.com\/@fi\/117213152493232828","error":""},"_links":{"self":[{"href":"https:\/\/www.europesays.com\/fi\/wp-json\/wp\/v2\/posts\/341379","targetHints":{"allow":["GET"]}}],"collection":[{"href":"https:\/\/www.europesays.com\/fi\/wp-json\/wp\/v2\/posts"}],"about":[{"href":"https:\/\/www.europesays.com\/fi\/wp-json\/wp\/v2\/types\/post"}],"author":[{"embeddable":true,"href":"https:\/\/www.europesays.com\/fi\/wp-json\/wp\/v2\/users\/2"}],"replies":[{"embeddable":true,"href":"https:\/\/www.europesays.com\/fi\/wp-json\/wp\/v2\/comments?post=341379"}],"version-history":[{"count":0,"href":"https:\/\/www.europesays.com\/fi\/wp-json\/wp\/v2\/posts\/341379\/revisions"}],"wp:featuredmedia":[{"embeddable":true,"href":"https:\/\/www.europesays.com\/fi\/wp-json\/wp\/v2\/media\/341380"}],"wp:attachment":[{"href":"https:\/\/www.europesays.com\/fi\/wp-json\/wp\/v2\/media?parent=341379"}],"wp:term":[{"taxonomy":"category","embeddable":true,"href":"https:\/\/www.europesays.com\/fi\/wp-json\/wp\/v2\/categories?post=341379"},{"taxonomy":"post_tag","embeddable":true,"href":"https:\/\/www.europesays.com\/fi\/wp-json\/wp\/v2\/tags?post=341379"}],"curies":[{"name":"wp","href":"https:\/\/api.w.org\/{rel}","templated":true}]}}