{"id":341381,"date":"2026-09-04T14:05:17","date_gmt":"2026-09-04T14:05:17","guid":{"rendered":"https:\/\/www.europesays.com\/fi\/341381\/"},"modified":"2026-09-04T14:05:17","modified_gmt":"2026-09-04T14:05:17","slug":"rydmanin-sosiaalityon-tutkimukselta-leikkaamat-rahat-siirretaan-sosiaalityon-tutkimukseen","status":"publish","type":"post","link":"https:\/\/www.europesays.com\/fi\/341381\/","title":{"rendered":"Rydmanin sosiaality\u00f6n tutkimukselta leikkaamat rahat siirret\u00e4\u00e4n sosiaality\u00f6n tutkimukseen"},"content":{"rendered":"<p class=\"article-body mb-(--paragraph-margin-b) px-nof-16\">Hallitus p\u00e4\u00e4tti siirt\u00e4\u00e4 nelj\u00e4 miljoonaa euroa k\u00e4ytt\u00e4m\u00e4t\u00f6nt\u00e4 sosiaality\u00f6n tutkimusrahoitusta Suomen Akatemialle. P\u00e4\u00e4t\u00f6s tehtiin t\u00e4ll\u00e4 viikolla budjettiriihess\u00e4.<\/p>\n<p class=\"article-body mb-(--paragraph-margin-b) px-nof-16\">HS:n tietojen mukaan rahat my\u00f6nnet\u00e4\u00e4n Suomen Akatemialle sosiaality\u00f6n tutkimukseen k\u00e4ytett\u00e4v\u00e4ksi.<\/p>\n<p class=\"article-body mb-(--paragraph-margin-b) px-nof-16\">Kes\u00e4kuussa sosiaali- ja terveysministeri <a class=\"font-bold underline-offset-[0.12em] [text-decoration:var(--person-link-text-decoration)] [text-decoration-color:var(--person-link-text-decoration-color)]!\" href=\"https:\/\/www.hs.fi\/haku\/?query=Wille%20Rydman\" rel=\"nofollow noopener\" target=\"_blank\">Wille Rydman<\/a> (ps) <a class=\"underline underline-offset-[0.12em] [text-decoration-thickness:var(--generic-link-underline-thickness)] [text-decoration-color:var(--generic-link-underline-color)] [text-decoration-skip-ink:var(--generic-link-underline-skip-ink)] break-words\" href=\"https:\/\/www.hs.fi\/politiikka\/art-2000012099359.html\" rel=\"nofollow noopener\" target=\"_blank\">ilmoitti,<\/a> ett\u00e4 sosiaality\u00f6n yliopistolliseen tutkimukseen my\u00f6nnet\u00e4\u00e4n vain nelj\u00e4 miljoonaa euroa. Tutkimukseen oli alun perin budjetoitu kahdeksan miljoonaa euroa.<\/p>\n<p class=\"article-body mb-(--paragraph-margin-b) px-nof-16\">Ministeri Rydman perusteli kes\u00e4kuussa budjettileikkausta valtiontalouden huonolla tilalla. Nyt j\u00e4ljelle j\u00e4\u00e4neet nelj\u00e4 miljoonaa euroa kuitenkin annetaan Suomen Akatemialle. K\u00e4yt\u00e4nn\u00f6ss\u00e4 Rydmanin sosiaality\u00f6n tutkimukselta leikkaamat rahat siirret\u00e4\u00e4n sosiaality\u00f6n tutkimukseen.<\/p>\n<p class=\"article-body mb-(--paragraph-margin-b) px-nof-16\">Kyse ei siis olisikaan leikkauksesta, vaan rahojen siirt\u00e4misest\u00e4 toisaalle, mutta samaan tarkoitukseen.<\/p>\n<p class=\"article-body mb-(--paragraph-margin-b) px-nof-16\">Kehysriihikirjauksen mukaan \u201dk\u00e4ytt\u00e4m\u00e4tt\u00e4 j\u00e4\u00e4neet 4 miljoonaa euroa sosiaality\u00f6n tutkimuksen rahoitusta osoitetaan Suomen Akatemialle vuoden 2026 lis\u00e4talousarviossa\u201d.<\/p>\n<p class=\"article-body mb-(--paragraph-margin-b) px-nof-16\">P\u00e4\u00e4t\u00f6ksen Suomen Akatemialle osoitetun lis\u00e4rahoituksen kohdentamisesta sosiaality\u00f6n tutkimukseen teki HS:n tietojen mukaan tiede- ja kulttuuriministeri <a class=\"font-bold underline-offset-[0.12em] [text-decoration:var(--person-link-text-decoration)] [text-decoration-color:var(--person-link-text-decoration-color)]!\" href=\"https:\/\/www.hs.fi\/haku\/?query=Mari-Leena%20Talvitie\" rel=\"nofollow noopener\" target=\"_blank\">Mari-Leena Talvitie<\/a> (kok).<\/p>\n<p class=\"article-body mb-(--paragraph-margin-b) px-nof-16\">Suomen Akatemian vaikuttavuuden ja tiedepolitiikan yksik\u00f6n johtaja <a class=\"font-bold underline-offset-[0.12em] [text-decoration:var(--person-link-text-decoration)] [text-decoration-color:var(--person-link-text-decoration-color)]!\" href=\"https:\/\/www.hs.fi\/haku\/?query=Floora%20Ruokonen\" rel=\"nofollow noopener\" target=\"_blank\">Floora Ruokonen<\/a> vahvistaa HS:lle, ett\u00e4 tieto rahoituksesta tuli uutisena my\u00f6s virastolle. Virastossa odotetaan lis\u00e4ohjeistusta rahan k\u00e4ytt\u00f6kohteista.<\/p>\n<p class=\"article-body mb-(--paragraph-margin-b) px-nof-16\">Rydmanin omavaltaisena pidetty toimintatapa on her\u00e4tt\u00e4nyt runsasta vastustusta yliopistomaailmassa. Useat suomalaiset yliopistot ovat ilmoittaneet valittavansa hylk\u00e4ysp\u00e4\u00e4t\u00f6ksist\u00e4 hallinto-oikeuteen.<\/p>\n<p class=\"article-body mb-(--paragraph-margin-b) px-nof-16\">Kes\u00e4kuussa Rydman p\u00e4\u00e4tti jakaa rahoitusta yhdeks\u00e4lle hankkeelle. Virkaesityksen ja vertaisarvioinnin perusteella rahoitusta esitettiin 18 hankkeelle.<\/p>\n<p class=\"article-body mb-(--paragraph-margin-b) px-nof-16\">\u201dEp\u00e4ilem\u00e4tt\u00e4 ministerille ep\u00e4tyypilliseen tapaan pyysin luettavaksi mainittujen hankkeiden tutkimussuunnitelmat ja k\u00e4vin ne l\u00e4pi. Jos en pystynyt vakuuttumaan tutkimushankkeen perusteltavuudesta vallitsevassa valtiontalouden tilanteessa, p\u00e4\u00e4tin hyl\u00e4t\u00e4 rahoitushakemuksen\u201d, Rydman perusteli valintojaan.<\/p>\n<p class=\"article-body mb-(--paragraph-margin-b) px-nof-16\">Kokoomuslaiset ministerit, kuten Mari-Leena Talvitie, <a class=\"underline underline-offset-[0.12em] [text-decoration-thickness:var(--generic-link-underline-thickness)] [text-decoration-color:var(--generic-link-underline-color)] [text-decoration-skip-ink:var(--generic-link-underline-skip-ink)] break-words\" href=\"https:\/\/www.hs.fi\/politiikka\/art-2000012116390.html\" rel=\"nofollow noopener\" target=\"_blank\">ilmaisivat<\/a> tuoreeltaan tyytym\u00e4tt\u00f6myytens\u00e4 Rydmanin tutkimusrahoitusp\u00e4\u00e4t\u00f6ksiin. Sosiaaliturvaministeri <a class=\"font-bold underline-offset-[0.12em] [text-decoration:var(--person-link-text-decoration)] [text-decoration-color:var(--person-link-text-decoration-color)]!\" href=\"https:\/\/www.hs.fi\/haku\/?query=Karoliina%20Partanen\" rel=\"nofollow noopener\" target=\"_blank\">Karoliina Partanen<\/a> (kok) kertoi hein\u00e4kuussa HS:lle, ett\u00e4 kokoomus ei hyv\u00e4ksy Rydmanin perusteluita rahoituksen v\u00e4hent\u00e4miselle.<\/p>\n<p class=\"article-body mb-(--paragraph-margin-b) px-nof-16\">\u201dTiedeyhteis\u00f6n on saatava olla vapaa ja riippumaton. Nyt vaikuttaa silt\u00e4, ett\u00e4 ministeri Rydmanin p\u00e4\u00e4t\u00f6kset eiv\u00e4t noudata n\u00e4it\u00e4 periaatteita. H\u00e4n on itse kertonut lukeneensa ja perehtyneens\u00e4 hakemuksiin ja sit\u00e4 kautta ohjannut poliittisesti, millaista tutkimusta tehd\u00e4\u00e4n\u201d, Partanen sanoi.<\/p>\n<p class=\"article-body mb-(--paragraph-margin-b) px-nof-16\">Rydman vastasi hein\u00e4kuussa kokoomusministereille, ett\u00e4 rahoitusp\u00e4\u00e4t\u00f6ksi\u00e4 ei muuteta.<\/p>\n","protected":false},"excerpt":{"rendered":"Hallitus p\u00e4\u00e4tti siirt\u00e4\u00e4 nelj\u00e4 miljoonaa euroa k\u00e4ytt\u00e4m\u00e4t\u00f6nt\u00e4 sosiaality\u00f6n tutkimusrahoitusta Suomen Akatemialle. P\u00e4\u00e4t\u00f6s tehtiin t\u00e4ll\u00e4 viikolla budjettiriihess\u00e4. HS:n tietojen&hellip;\n","protected":false},"author":2,"featured_media":341382,"comment_status":"","ping_status":"","sticky":false,"template":"","format":"standard","meta":{"footnotes":"","_share_on_mastodon":"0"},"categories":[5],"tags":[22,23,26,27,33,31,30,17,46,24,25,28,29,15,18,21,32,19,20,16],"class_list":["post-341381","post","type-post","status-publish","format-standard","has-post-thumbnail","category-otsikot","tag-breaking-news","tag-breakingnews","tag-featured-news","tag-featurednews","tag-fi","tag-finland","tag-finnish","tag-headlines","tag-helsingin-sanomat","tag-latest-news","tag-latestnews","tag-main-news","tag-mainnews","tag-news","tag-otsikot","tag-paauutiset","tag-suomi","tag-top-stories","tag-topstories","tag-uutiset"],"share_on_mastodon":{"url":"https:\/\/pubeurope.com\/@fi\/117213156274672605","error":""},"_links":{"self":[{"href":"https:\/\/www.europesays.com\/fi\/wp-json\/wp\/v2\/posts\/341381","targetHints":{"allow":["GET"]}}],"collection":[{"href":"https:\/\/www.europesays.com\/fi\/wp-json\/wp\/v2\/posts"}],"about":[{"href":"https:\/\/www.europesays.com\/fi\/wp-json\/wp\/v2\/types\/post"}],"author":[{"embeddable":true,"href":"https:\/\/www.europesays.com\/fi\/wp-json\/wp\/v2\/users\/2"}],"replies":[{"embeddable":true,"href":"https:\/\/www.europesays.com\/fi\/wp-json\/wp\/v2\/comments?post=341381"}],"version-history":[{"count":0,"href":"https:\/\/www.europesays.com\/fi\/wp-json\/wp\/v2\/posts\/341381\/revisions"}],"wp:featuredmedia":[{"embeddable":true,"href":"https:\/\/www.europesays.com\/fi\/wp-json\/wp\/v2\/media\/341382"}],"wp:attachment":[{"href":"https:\/\/www.europesays.com\/fi\/wp-json\/wp\/v2\/media?parent=341381"}],"wp:term":[{"taxonomy":"category","embeddable":true,"href":"https:\/\/www.europesays.com\/fi\/wp-json\/wp\/v2\/categories?post=341381"},{"taxonomy":"post_tag","embeddable":true,"href":"https:\/\/www.europesays.com\/fi\/wp-json\/wp\/v2\/tags?post=341381"}],"curies":[{"name":"wp","href":"https:\/\/api.w.org\/{rel}","templated":true}]}}