{"id":341383,"date":"2026-09-04T14:06:13","date_gmt":"2026-09-04T14:06:13","guid":{"rendered":"https:\/\/www.europesays.com\/fi\/341383\/"},"modified":"2026-09-04T14:06:13","modified_gmt":"2026-09-04T14:06:13","slug":"helsinki-muuttaa-metsanhoitoa-lahopuu-saa-jaada-maastoon-paikalliset","status":"publish","type":"post","link":"https:\/\/www.europesays.com\/fi\/341383\/","title":{"rendered":"Helsinki muuttaa mets\u00e4nhoitoa \u2013 lahopuu saa j\u00e4\u00e4d\u00e4 maastoon | Paikalliset"},"content":{"rendered":"<p>Helsinki uudistaa metsien hoitoa koskevia ty\u00f6ohjeita, kaupunki kertoo tiedotteessa.<\/p>\n<p>Merkitt\u00e4v\u00e4 muutos aiempaan mets\u00e4nhoitoon verrattuna on se, ett\u00e4 Helsingin metsien annetaan jatkossa aiempaa enemm\u00e4n vanheta luonnollisesti, ja maastoon j\u00e4tet\u00e4\u00e4n lahopuuta luonnon monimuotoisuuden lis\u00e4\u00e4miseksi.<\/p>\n<p>Tavoitteena on kaupungin mukaan eri-ik\u00e4isist\u00e4 ja -lajisista puista koostuvia metsi\u00e4, jotka kest\u00e4v\u00e4t paremmin my\u00f6s ilmastonmuutoksen vaikutuksia.<\/p>\n<p>Kaupunki kertoo tiedotteessa, ett\u00e4 erityisesti kuusivaltaisissa metsiss\u00e4 lis\u00e4t\u00e4\u00e4n v\u00e4hitellen muiden puulajien m\u00e4\u00e4r\u00e4\u00e4, sill\u00e4 l\u00e4mpenev\u00e4 ilmasto kasvattaa muun muassa kirjanpainajan aiheuttamien tuhojen riski\u00e4.<\/p>\n<p>Mets\u00e4nhoidossa huomioidaan my\u00f6s kaupungin kasvu ja ulkoilun lis\u00e4\u00e4ntyminen. Hoidettavat mets\u00e4t sijaitsevat p\u00e4\u00e4asiassa asuinalueiden l\u00e4hell\u00e4 sek\u00e4 t\u00e4rkeill\u00e4 ulkoilu- ja virkistysalueilla.<\/p>\n<p>Kaupungin uusi metsien hoitoa koskeva ty\u00f6ohje on n\u00e4ht\u00e4vill\u00e4 31. elokuuta\u201327. syyskuuta. Asukkaat voivat antaa siit\u00e4 palautetta n\u00e4ht\u00e4vill\u00e4olon aikana.<\/p>\n<p>Luonnon- ja maisemanhoitosuunnitelmia laaditaan eri alueille noin kymmenen vuoden v\u00e4lein yhteisty\u00f6ss\u00e4 asukkaiden kanssa. Niiss\u00e4 m\u00e4\u00e4ritell\u00e4\u00e4n muun muassa puuston harvennukset ja istutukset.<\/p>\n<p>Kaupunki j\u00e4rjest\u00e4\u00e4 16. syyskuuta kaikille avoimen maastok\u00e4velyn Kannelm\u00e4ess\u00e4. K\u00e4velyll\u00e4 esitell\u00e4\u00e4n Helsingin metsien hoitoa k\u00e4yt\u00e4nn\u00f6n esimerkkien avulla. L\u00e4ht\u00f6 on kello 17 Kannelm\u00e4en Nesteen pys\u00e4k\u00f6intipaikalta.<\/p>\n","protected":false},"excerpt":{"rendered":"Helsinki uudistaa metsien hoitoa koskevia ty\u00f6ohjeita, kaupunki kertoo tiedotteessa. Merkitt\u00e4v\u00e4 muutos aiempaan mets\u00e4nhoitoon verrattuna on se, ett\u00e4 Helsingin&hellip;\n","protected":false},"author":2,"featured_media":341384,"comment_status":"","ping_status":"","sticky":false,"template":"","format":"standard","meta":{"footnotes":"","_share_on_mastodon":"0"},"categories":[117],"tags":[821,33,31,30,104,961,72,3200,476,118,32,119,477,534,709],"class_list":["post-341383","post","type-post","status-publish","format-standard","has-post-thumbnail","category-luonto","tag-eramaat","tag-fi","tag-finland","tag-finnish","tag-helsinki","tag-luonnonsuojelu","tag-luonto","tag-metsa","tag-nature","tag-science","tag-suomi","tag-tiede","tag-wildlife","tag-ymparisto-ja-luonto","tag-ymparistoasiat"],"share_on_mastodon":{"url":"https:\/\/pubeurope.com\/@fi\/117213159894257597","error":""},"_links":{"self":[{"href":"https:\/\/www.europesays.com\/fi\/wp-json\/wp\/v2\/posts\/341383","targetHints":{"allow":["GET"]}}],"collection":[{"href":"https:\/\/www.europesays.com\/fi\/wp-json\/wp\/v2\/posts"}],"about":[{"href":"https:\/\/www.europesays.com\/fi\/wp-json\/wp\/v2\/types\/post"}],"author":[{"embeddable":true,"href":"https:\/\/www.europesays.com\/fi\/wp-json\/wp\/v2\/users\/2"}],"replies":[{"embeddable":true,"href":"https:\/\/www.europesays.com\/fi\/wp-json\/wp\/v2\/comments?post=341383"}],"version-history":[{"count":0,"href":"https:\/\/www.europesays.com\/fi\/wp-json\/wp\/v2\/posts\/341383\/revisions"}],"wp:featuredmedia":[{"embeddable":true,"href":"https:\/\/www.europesays.com\/fi\/wp-json\/wp\/v2\/media\/341384"}],"wp:attachment":[{"href":"https:\/\/www.europesays.com\/fi\/wp-json\/wp\/v2\/media?parent=341383"}],"wp:term":[{"taxonomy":"category","embeddable":true,"href":"https:\/\/www.europesays.com\/fi\/wp-json\/wp\/v2\/categories?post=341383"},{"taxonomy":"post_tag","embeddable":true,"href":"https:\/\/www.europesays.com\/fi\/wp-json\/wp\/v2\/tags?post=341383"}],"curies":[{"name":"wp","href":"https:\/\/api.w.org\/{rel}","templated":true}]}}