{"id":341385,"date":"2026-09-04T14:24:14","date_gmt":"2026-09-04T14:24:14","guid":{"rendered":"https:\/\/www.europesays.com\/fi\/341385\/"},"modified":"2026-09-04T14:24:14","modified_gmt":"2026-09-04T14:24:14","slug":"ankea-vastaus-ylelta-ei-ole-maastohiihtoa","status":"publish","type":"post","link":"https:\/\/www.europesays.com\/fi\/341385\/","title":{"rendered":"Ankea vastaus Ylelt\u00e4: Ei ole maastohiihtoa"},"content":{"rendered":"<p><img decoding=\"async\" class=\"image image-show image-preview\" src=\"https:\/\/www.europesays.com\/fi\/wp-content\/uploads\/2026\/09\/2ee662266b96fc97a8e19c0c672cf5caddc4d6a1edea5178b268ef4491ff906a.jpg\" alt=\"\"\/><img decoding=\"async\" class=\"image image-show\" src=\"https:\/\/www.europesays.com\/fi\/wp-content\/uploads\/2026\/09\/1788531852_826_2ee662266b96fc97a8e19c0c672cf5caddc4d6a1edea5178b268ef4491ff906a.jpg\" alt=\"\"\/><\/p>\n<p>Viel\u00e4 ei tiedet\u00e4, n\u00e4ytt\u00e4\u00e4k\u00f6 Yle Iivo Niskasen hiihtoja maailmancupissa tulevalla kaudella. Pasi Liesimaa<\/p>\n<p class=\"paragraph\">Iltalehti kysyi perjantaina Yleisradiolta, n\u00e4ytt\u00e4\u00e4k\u00f6 mediayhti\u00f6 tulevana talvena maastohiihdon maailmancupin kisoja tai muiden Kansainv\u00e4lisen hiihtoliiton Fisin alaisten lajien maailmancupin kisoja.<\/p>\n<p class=\"paragraph\">N\u00e4it\u00e4 lajeja ovat muun muassa m\u00e4kihyppy, yhdistetty ja alppihiihto.<\/p>\n<p class=\"paragraph\">P\u00e4iv\u00e4n vastaus on suomalaisille ankea.<\/p>\n<p class=\"paragraph\">\u2013 Vastaan kaikkeen kysym\u00e4\u00e4si n\u00e4in: Meill\u00e4 ei ole t\u00e4ll\u00e4 hetkell\u00e4 sopimusta Viaplayn kanssa n\u00e4ist\u00e4 kisoista. Kuten jo aiemmin olen tainnut sanoa, niin 100-vuotias Yle on tehnyt hiihtoa aina, joten olemme kyll\u00e4 hiihdosta kiinnostuneita jatkossakin.<\/p>\n<p class=\"paragraph\">\u2013 Muutoin en voi asiaa t\u00e4ss\u00e4 kohtaa kommentoida, sanoo Ylen urheiluoikeuksista vastaava <strong>Riku Saaranluoma<\/strong>.<\/p>\n<p class=\"paragraph\">Vastaus kattaa my\u00f6s Rukan ja Salpaussel\u00e4n maailmancupit sek\u00e4 Levin alppihiihdon maailmancupin marraskuussa.<\/p>\n<p>Suomen kisat<\/p>\n<p>Jasmi Joensuun ja muiden maastohiiht\u00e4jien kausi k\u00e4ynnistyy marraskuun lopulla Rukalla. Jussi Saarinen<\/p>\n<p class=\"paragraph\">Tosin sellainen tilanne olisi erikoinen, ettei maailmancup-viikonlopun j\u00e4rjest\u00e4v\u00e4 maa n\u00e4ytt\u00e4isi sen tapahtumia kotimarkkinallaan.<\/p>\n<p class=\"paragraph\">\u2013 Jos ihan tiukalle asia menisi, niin Kansainv\u00e4lisell\u00e4 hiihtoliitolla lienee sen verran puskuria, ett\u00e4 t\u00e4m\u00e4 asia j\u00e4rjestyisi, sanoo er\u00e4s kokenut tv-urheilun ammattilainen.<\/p>\n<p class=\"paragraph\">My\u00f6s hiihdon Suomen cupin n\u00e4kyminen tulevana talvena Ylen kanavilla tai miss\u00e4\u00e4n muuallakaan on t\u00e4ll\u00e4 p\u00e4iv\u00e4m\u00e4\u00e4r\u00e4ll\u00e4 ep\u00e4varmaa.<\/p>\n<p>Vain Viaplay<\/p>\n<p>Niko Kyt\u00f6saho kuuluu Suomen miesten m\u00e4kimaajoukkueeseen. AOP<\/p>\n<p class=\"paragraph\">Viaplay omistaa maastohiihdonkin maailmancupin mediaoikeudet vuosille 2026\u20132030, kun se solmi Kansainv\u00e4lisen hiihto- ja lumilautaliiton (Fis) kanssa yhteispohjoismaisen sopimuksen.<\/p>\n<p class=\"paragraph\">Kumppanuus sis\u00e4lt\u00e4\u00e4 maastohiihdon, yhdistetyn, m\u00e4kihypyn, alppihiihdon, lumilautailun sek\u00e4 freestylen maailmancupeja.<\/p>\n<p class=\"paragraph\">Viaplay on ollut kyseisten tv-oikeuksien omistaja jo vuosien ajan. Aiemmin yhti\u00f6 on alilisensioinut kisojen oikeuksia Yleisradiolle.<\/p>\n<p class=\"paragraph\">Sit\u00e4 kansa odottanee nytkin.<\/p>\n<p>Lokakuussa alkaa<\/p>\n<p>Eduard Hallberg aloittanee kautensa lokakuussa S\u00f6ldenin maailmancupin suurpujottelukisassa. AOP<\/p>\n<p class=\"paragraph\">Fisin talvilajien maailmancup k\u00e4ynnistyy alppihiihdon S\u00f6ldenin kisaviikonlopulla 25.\u201326. lokakuuta. It\u00e4vallassa naiset ja miehet laskevat suurpujottelua.<\/p>\n<p class=\"paragraph\">Levill\u00e4 avataan pujottelun cup-kaudet 14.\u201315. marraskuuta.<\/p>\n<p class=\"paragraph\">Maastohiiht\u00e4j\u00e4t, m\u00e4kihypp\u00e4\u00e4j\u00e4t ja yhdistetyn t\u00e4hdet p\u00e4\u00e4sev\u00e4t maailmancup-pisteiden jahtiin ensimm \u00e4isen kerran Rukalla 27.\u201329. marraskuuta.<\/p>\n<p class=\"paragraph\">T\u00e4m\u00e4n p\u00e4iv\u00e4n tiedon mukaan vaikuttaa silt\u00e4, ett\u00e4 helmikuussa Ruotsin Falunissa k\u00e4yt\u00e4v\u00e4t pohjoismaisten hiihtolajien MM-kisat ovat ainoa lumilajien kokonaisuus, jonka Yle kansalle esitt\u00e4\u00e4.<\/p>\n<p class=\"paragraph\">Asia voi toki viel\u00e4 muuttua, sill\u00e4 Iltalehden saaman tiedon mukaan alilisensiointisopimusta Viaplayn ja Ylen v\u00e4lill\u00e4 koskien tietty\u00e4 m\u00e4\u00e4r\u00e4\u00e4 maailmancupin kisaviikonloppuja rustataan kulisseissa hyv\u00e4\u00e4 vauhtia.<\/p>\n<p class=\"paragraph\">Muita mediayhti\u00f6it\u00e4 ei neuvottelup\u00f6yd\u00e4ss\u00e4 ole viime aikoina ollut.<\/p>\n<p><a href=\"https:\/\/www.iltalehti.fi\/telkku\/?utm_source=iltalehti.fi&amp;utm_medium=almainternal&amp;utm_campaign=urheilu_artikkelibanneri&amp;utm_content=banner_612_a\" rel=\"nofollow noopener\" target=\"_blank\"><img decoding=\"async\" src=\"https:\/\/www.europesays.com\/fi\/wp-content\/uploads\/2026\/09\/1788531854_236_7ef604e47d46ca174b7df4149bd3557dbde56a86d520f8e1b2125548b0a2e03a.png\" alt=\"TV-ohjelmat t\u00e4n\u00e4\u00e4n, TV-opas\"\/><\/a><\/p>\n","protected":false},"excerpt":{"rendered":"Viel\u00e4 ei tiedet\u00e4, n\u00e4ytt\u00e4\u00e4k\u00f6 Yle Iivo Niskasen hiihtoja maailmancupissa tulevalla kaudella. Pasi Liesimaa Iltalehti kysyi perjantaina Yleisradiolta, n\u00e4ytt\u00e4\u00e4k\u00f6&hellip;\n","protected":false},"author":2,"featured_media":341386,"comment_status":"","ping_status":"","sticky":false,"template":"","format":"standard","meta":{"footnotes":"","_share_on_mastodon":"0"},"categories":[158],"tags":[35,33,31,30,2096,41,3318,2668,159,32,1145,160],"class_list":["post-341385","post","type-post","status-publish","format-standard","has-post-thumbnail","category-urheilu","tag-24h","tag-fi","tag-finland","tag-finnish","tag-hiihtolajit","tag-liikunta-ja-urheilu","tag-maastohiihto","tag-pohjoismaiset-hiihtolajit","tag-sports","tag-suomi","tag-talviurheilu","tag-urheilu"],"share_on_mastodon":{"url":"https:\/\/pubeurope.com\/@fi\/117213231384829023","error":""},"_links":{"self":[{"href":"https:\/\/www.europesays.com\/fi\/wp-json\/wp\/v2\/posts\/341385","targetHints":{"allow":["GET"]}}],"collection":[{"href":"https:\/\/www.europesays.com\/fi\/wp-json\/wp\/v2\/posts"}],"about":[{"href":"https:\/\/www.europesays.com\/fi\/wp-json\/wp\/v2\/types\/post"}],"author":[{"embeddable":true,"href":"https:\/\/www.europesays.com\/fi\/wp-json\/wp\/v2\/users\/2"}],"replies":[{"embeddable":true,"href":"https:\/\/www.europesays.com\/fi\/wp-json\/wp\/v2\/comments?post=341385"}],"version-history":[{"count":0,"href":"https:\/\/www.europesays.com\/fi\/wp-json\/wp\/v2\/posts\/341385\/revisions"}],"wp:featuredmedia":[{"embeddable":true,"href":"https:\/\/www.europesays.com\/fi\/wp-json\/wp\/v2\/media\/341386"}],"wp:attachment":[{"href":"https:\/\/www.europesays.com\/fi\/wp-json\/wp\/v2\/media?parent=341385"}],"wp:term":[{"taxonomy":"category","embeddable":true,"href":"https:\/\/www.europesays.com\/fi\/wp-json\/wp\/v2\/categories?post=341385"},{"taxonomy":"post_tag","embeddable":true,"href":"https:\/\/www.europesays.com\/fi\/wp-json\/wp\/v2\/tags?post=341385"}],"curies":[{"name":"wp","href":"https:\/\/api.w.org\/{rel}","templated":true}]}}