{"id":341387,"date":"2026-09-04T14:25:12","date_gmt":"2026-09-04T14:25:12","guid":{"rendered":"https:\/\/www.europesays.com\/fi\/341387\/"},"modified":"2026-09-04T14:25:12","modified_gmt":"2026-09-04T14:25:12","slug":"robin-packalen-julkaisi-kuvan-hanen-ja-aura-puolisonsa-haista","status":"publish","type":"post","link":"https:\/\/www.europesays.com\/fi\/341387\/","title":{"rendered":"Robin Packalen julkaisi kuvan h\u00e4nen ja Aura-puolisonsa h\u00e4ist\u00e4"},"content":{"rendered":"<p>Robin Packalen julkaisi h\u00e4\u00e4kuvan alle kuukausi naimisiinmenon j\u00e4lkeen.<\/p>\n<p><img decoding=\"async\" class=\"image image-show image-preview\" src=\"https:\/\/www.europesays.com\/fi\/wp-content\/uploads\/2026\/09\/1c47d6c39f96f77fb44cc99c62e72c1cc53176a5a682b1294c395d7a47a52223.jpg\" alt=\"\"\/><img decoding=\"async\" class=\"image image-show\" src=\"https:\/\/www.europesays.com\/fi\/wp-content\/uploads\/2026\/09\/1788531912_169_1c47d6c39f96f77fb44cc99c62e72c1cc53176a5a682b1294c395d7a47a52223.jpg\" alt=\"\"\/><\/p>\n<p>Robin Packalen meni naimisiin elokuussa. Roosa Br\u00f6ijer<\/p>\n<p class=\"paragraph\">Laulaja <strong>Robin Packalen<\/strong>, 28, julkaisi Instagramissa kuvia elokuulta. Julkaisussa on my\u00f6s kuva Robinin ja puolisonsa <a href=\"https:\/\/www.iltalehti.fi\/henkilot\/Aura Ansaharju\" class=\"article-link-person-page\" rel=\"nofollow noopener\" target=\"_blank\">Aura Ansaharjun<\/a> h\u00e4ist\u00e4, jotka muun muassa <a href=\"https:\/\/www.seiska.fi\/vain-seiskassa\/seiska-paljastaa-robin-packalenin-haista-uutta-tietoa\/2237354\" target=\"_blank\" rel=\"noopener nofollow\">Seiskan<\/a> ja <a href=\"https:\/\/www.uuno.fi\/robin-packalen-villit-salahaat\/\" target=\"_blank\" rel=\"noopener nofollow\">Uunon<\/a> mukaan j\u00e4rjestettiin lauantaina 16. elokuuta.<\/p>\n<p class=\"paragraph\">Karusellijulkaisun toisessa kuvassa Robin ja Aura k\u00e4velev\u00e4t nurmikolla mets\u00e4maisemissa. Heill\u00e4 on sel\u00e4t kameraan p\u00e4in. Aura pitelee oikeassa k\u00e4dess\u00e4\u00e4n valkoistaa h\u00e4\u00e4mekkonsa helmaa ja vasemmassa valkoista h\u00e4\u00e4kimppua.<\/p>\n<p class=\"paragraph\">Robinilla puolestaan on yll\u00e4\u00e4n tumma puku ja tavaramerkist\u00e4\u00e4n poiketen samanv\u00e4riset mustat keng\u00e4t. Robin on aiemmin tunnettu siit\u00e4, ett\u00e4 h\u00e4nell\u00e4 on eriparikeng\u00e4t. Toisessa kuvassa hymyilev\u00e4 Robin siistii pukunsa hihaa ja esittelee rannekelloaan.<\/p>\n<p class=\"paragraph\">Mik\u00e4li linkki ei n\u00e4y, voit katsoa julkaisun <a href=\"https:\/\/www.instagram.com\/p\/Dc3bbvVEgMQ\/?img_index=2\" rel=\"noopener nofollow\" target=\"_blank\">t\u00e4\u00e4lt\u00e4<\/a>.<\/p>\n<p class=\"paragraph\">Packalen <a href=\"https:\/\/www.iltalehti.fi\/tv-ja-leffat\/f6862e40-8cf5-49ce-9d87-a9345b24e54f\" rel=\"nofollow noopener\" target=\"_blank\">vahvisti h\u00e4\u00e4huhut <\/a>MTV:n Huomenta Suomen suorassa l\u00e4hetyksess\u00e4 21. elokuuta. Packalen kommentoi l\u00e4hetyksess\u00e4 lyhyesti h\u00e4\u00e4juhlan tunnelmia.<\/p>\n<p class=\"paragraph\">\u2013 Ai, joo! Voi onnitella. Kyll\u00e4, oli el\u00e4m\u00e4ni, hienoin p\u00e4iv\u00e4. Kaikki meni hienosti, kiitos paljon, Packalen kommentoi.<\/p>\n<p class=\"paragraph\">Elokuun aikana Auran Instagram-nimimerkki vaihtui Aura Packaleniksi.<\/p>\n<p class=\"paragraph\">Robin ja Aura Packalen esiintyiv\u00e4t ensimm\u00e4ist\u00e4 kertaa julkisesti joulukuussa 2025 Linnan juhlissa, joskin sis\u00e4\u00e4n tullessa Packalen suojasi herrasmiehen elkein seuralaistaan sateenvarjolla Presidentinlinnan ulkopuolella. Itsen\u00e4isyysp\u00e4iv\u00e4\u00e4 juhlineen morsiamen vasemmassa nimett\u00f6m\u00e4ss\u00e4 kimmelsi n\u00e4ytt\u00e4v\u00e4 isokokoinen timantti. Se n\u00e4kyi kameroille parin k\u00e4ttelyiden aikana.<\/p>\n<p>Robin Packalen ja Aura-puoliso n\u00e4htiin Linnan juhlissa viime vuonna. Roosa Br\u00f6ijer<\/p>\n<p><script async src=\"\/\/www.instagram.com\/embed.js\"><\/script><\/p>\n","protected":false},"excerpt":{"rendered":"Robin Packalen julkaisi h\u00e4\u00e4kuvan alle kuukausi naimisiinmenon j\u00e4lkeen. Robin Packalen meni naimisiin elokuussa. Roosa Br\u00f6ijer Laulaja Robin Packalen,&hellip;\n","protected":false},"author":2,"featured_media":341388,"comment_status":"","ping_status":"","sticky":false,"template":"","format":"standard","meta":{"footnotes":"","_share_on_mastodon":"0"},"categories":[130],"tags":[35,138,137,33,31,30,3674,763,47,32,397,484,109],"class_list":["post-341387","post","type-post","status-publish","format-standard","has-post-thumbnail","category-viihde","tag-24h","tag-audio","tag-entertainment","tag-fi","tag-finland","tag-finnish","tag-juhla-ja-vapaapaivat","tag-kulttuuri-ja-viihde","tag-musiikki","tag-suomi","tag-taide","tag-taiteellinen-ilmaisu-ja-mediat","tag-viihde"],"share_on_mastodon":{"url":"https:\/\/pubeurope.com\/@fi\/117213234765817332","error":""},"_links":{"self":[{"href":"https:\/\/www.europesays.com\/fi\/wp-json\/wp\/v2\/posts\/341387","targetHints":{"allow":["GET"]}}],"collection":[{"href":"https:\/\/www.europesays.com\/fi\/wp-json\/wp\/v2\/posts"}],"about":[{"href":"https:\/\/www.europesays.com\/fi\/wp-json\/wp\/v2\/types\/post"}],"author":[{"embeddable":true,"href":"https:\/\/www.europesays.com\/fi\/wp-json\/wp\/v2\/users\/2"}],"replies":[{"embeddable":true,"href":"https:\/\/www.europesays.com\/fi\/wp-json\/wp\/v2\/comments?post=341387"}],"version-history":[{"count":0,"href":"https:\/\/www.europesays.com\/fi\/wp-json\/wp\/v2\/posts\/341387\/revisions"}],"wp:featuredmedia":[{"embeddable":true,"href":"https:\/\/www.europesays.com\/fi\/wp-json\/wp\/v2\/media\/341388"}],"wp:attachment":[{"href":"https:\/\/www.europesays.com\/fi\/wp-json\/wp\/v2\/media?parent=341387"}],"wp:term":[{"taxonomy":"category","embeddable":true,"href":"https:\/\/www.europesays.com\/fi\/wp-json\/wp\/v2\/categories?post=341387"},{"taxonomy":"post_tag","embeddable":true,"href":"https:\/\/www.europesays.com\/fi\/wp-json\/wp\/v2\/tags?post=341387"}],"curies":[{"name":"wp","href":"https:\/\/api.w.org\/{rel}","templated":true}]}}