{"id":341389,"date":"2026-09-04T14:28:24","date_gmt":"2026-09-04T14:28:24","guid":{"rendered":"https:\/\/www.europesays.com\/fi\/341389\/"},"modified":"2026-09-04T14:28:24","modified_gmt":"2026-09-04T14:28:24","slug":"pesakarhut-perusti-kaksi-uutta-osakeyhtiota","status":"publish","type":"post","link":"https:\/\/www.europesays.com\/fi\/341389\/","title":{"rendered":"Pes\u00e4karhut perusti kaksi uutta osakeyhti\u00f6t\u00e4"},"content":{"rendered":"<p>PK Entertainment oy:n osakeanti alkoi jo perjantaina. Tavoitteena on v\u00e4hint\u00e4\u00e4n 200\u00a0000 ja enint\u00e4\u00e4n 260\u00a0000 euron potti.<\/p>\n<p><img decoding=\"async\" src=\"https:\/\/www.europesays.com\/fi\/wp-content\/uploads\/2026\/09\/1788532104_887_468.jpg\" alt=\"Vesa Saine kertoi, millaisella kaavalla Pes\u00e4karhut 2.0 -versiota py\u00f6ritet\u00e4\u00e4n.\" class=\"_Img_1rerz_1\" style=\"aspect-ratio:1920\/1303\" loading=\"eager\"\/><\/p>\n<p class=\"font-(family-name:--picture-caption-font-family) text-(length:--picture-caption-font-size) leading-(--picture-caption-leading) font-(--picture-caption-font-weight) text-(color:--picture-caption-color)\">Vesa Saine kertoi, millaisella kaavalla Pes\u00e4karhut 2.0 -versiota py\u00f6ritet\u00e4\u00e4n. Kuva:\u00a0Kari Saha<\/p>\n<p class=\"article-body mb-(--paragraph-margin-b) px-nof-16\">Pori<\/p>\n<p class=\"article-body mb-(--paragraph-margin-b) px-nof-16\">Porissa jokainen y\u00f6el\u00e4m\u00e4ss\u00e4 k\u00e4ynyt tuntee PK:n.<\/p>\n<p class=\"article-body mb-(--paragraph-margin-b) px-nof-16\">Patentti- ja rekisterihallituksen uusien yritysten listalta l\u00f6ytyy Poriin perustettu uusi yhti\u00f6 PK Entertainment oy.<\/p>\n<p class=\"article-body mb-(--paragraph-margin-b) px-nof-16\">Ravintola Punainen Kukko, eli PK on viihdytt\u00e4nyt juhlijoita jo vuosikymmeni\u00e4. Uuden yhti\u00f6n nimi voisi ensiajatuksella her\u00e4tt\u00e4\u00e4 kysymyksen, onko legendaarisen PK:n omistus vaihtumassa.<\/p>\n","protected":false},"excerpt":{"rendered":"PK Entertainment oy:n osakeanti alkoi jo perjantaina. Tavoitteena on v\u00e4hint\u00e4\u00e4n 200\u00a0000 ja enint\u00e4\u00e4n 260\u00a0000 euron potti. Vesa Saine&hellip;\n","protected":false},"author":2,"featured_media":341390,"comment_status":"","ping_status":"","sticky":false,"template":"","format":"standard","meta":{"footnotes":"","_share_on_mastodon":"0"},"categories":[76],"tags":[79,77,33,31,30,80,32,78],"class_list":["post-341389","post","type-post","status-publish","format-standard","has-post-thumbnail","category-talous","tag-business","tag-economy","tag-fi","tag-finland","tag-finnish","tag-satakunnan-kansa","tag-suomi","tag-talous"],"share_on_mastodon":{"url":"https:\/\/pubeurope.com\/@fi\/117213247334567769","error":""},"_links":{"self":[{"href":"https:\/\/www.europesays.com\/fi\/wp-json\/wp\/v2\/posts\/341389","targetHints":{"allow":["GET"]}}],"collection":[{"href":"https:\/\/www.europesays.com\/fi\/wp-json\/wp\/v2\/posts"}],"about":[{"href":"https:\/\/www.europesays.com\/fi\/wp-json\/wp\/v2\/types\/post"}],"author":[{"embeddable":true,"href":"https:\/\/www.europesays.com\/fi\/wp-json\/wp\/v2\/users\/2"}],"replies":[{"embeddable":true,"href":"https:\/\/www.europesays.com\/fi\/wp-json\/wp\/v2\/comments?post=341389"}],"version-history":[{"count":0,"href":"https:\/\/www.europesays.com\/fi\/wp-json\/wp\/v2\/posts\/341389\/revisions"}],"wp:featuredmedia":[{"embeddable":true,"href":"https:\/\/www.europesays.com\/fi\/wp-json\/wp\/v2\/media\/341390"}],"wp:attachment":[{"href":"https:\/\/www.europesays.com\/fi\/wp-json\/wp\/v2\/media?parent=341389"}],"wp:term":[{"taxonomy":"category","embeddable":true,"href":"https:\/\/www.europesays.com\/fi\/wp-json\/wp\/v2\/categories?post=341389"},{"taxonomy":"post_tag","embeddable":true,"href":"https:\/\/www.europesays.com\/fi\/wp-json\/wp\/v2\/tags?post=341389"}],"curies":[{"name":"wp","href":"https:\/\/api.w.org\/{rel}","templated":true}]}}