{"id":341391,"date":"2026-09-04T14:29:09","date_gmt":"2026-09-04T14:29:09","guid":{"rendered":"https:\/\/www.europesays.com\/fi\/341391\/"},"modified":"2026-09-04T14:29:09","modified_gmt":"2026-09-04T14:29:09","slug":"jemenin-pahin-yhteenotto-vuosiin-kertovat-lahteet-afplle-uutisia-lyhyesti","status":"publish","type":"post","link":"https:\/\/www.europesays.com\/fi\/341391\/","title":{"rendered":"Jemenin pahin yhteenotto vuosiin, kertovat l\u00e4hteet AFP:lle | Uutisia lyhyesti"},"content":{"rendered":"<p>15:47\u2022P\u00e4ivitetty 16:02<\/p>\n<p class=\"aw__sc-1qwuw0s-0 aw__sc-ngllmo-0 epAWpq fzYpjk yle__article__paragraph\">Yli 120 ihmist\u00e4 on kuollut Jemenin pahimmissa huthi-yhteenotoissa vuosiin, kertovat l\u00e4hteet AFP:lle.<\/p>\n<p class=\"aw__sc-1qwuw0s-0 aw__sc-ngllmo-0 epAWpq fzYpjk yle__article__paragraph\">Jemenin huthit aloittivat etenemisen Bab al-Mandabin salmelle, joka on strategisesti t\u00e4rke\u00e4 p\u00e4iv\u00e4 sitten.<\/p>\n<p class=\"aw__sc-1qwuw0s-0 aw__sc-ngllmo-0 epAWpq fzYpjk yle__article__paragraph\">Jemenil\u00e4inen sotilasviranomainen, joka puhui nimett\u00f6m\u00e4n\u00e4, kertoi AFP:lle, ett\u00e4 66 h\u00e4nen miest\u00e4\u00e4n oli saanut surmansa, kun taas huthien l\u00e4hipiiriss\u00e4 olevat l\u00e4\u00e4ketieteelliset ja sotilaalliset l\u00e4hteet kertoivat, ett\u00e4 v\u00e4hint\u00e4\u00e4n 62 taistelijaa oli kuollut.<\/p>\n<p class=\"aw__sc-1qwuw0s-0 aw__sc-ngllmo-0 epAWpq fzYpjk yle__article__paragraph\">Huthit ovat Jemeniss\u00e4 toimiva aseellinen, poliittinen ja uskonnollinen liike, joka k\u00e4y Pohjois-Jemeniss\u00e4 sissisotaa maan hallitusta vastaan. Jemen on k\u00e4yt\u00e4nn\u00f6ss\u00e4 jakautunut kiistan vuoksi. Huthit ovat \u0161iiamuslimeja kuten valtaosa iranilaisista.<\/p>\n<p class=\"aw__sc-1qwuw0s-0 aw__sc-ngllmo-0 epAWpq fzYpjk yle__article__paragraph\">Saudi-Arabia tukee Sanaan hallitusta, Iran taas tukee 1990-luvulla perustetun ryhm\u00e4n osaksi niin kutsuttua \u201dvastarinnan akselia\u201d.<\/p>\n<p class=\"aw__sc-1qwuw0s-0 aw__sc-ngllmo-0 epAWpq fzYpjk yle__article__paragraph\">Jemenin kiistelev\u00e4t osapuolet sopivat aselevon vuonna 2022<\/p>\n<p class=\"aw__sc-1qwuw0s-0 aw__sc-ngllmo-0 epAWpq fzYpjk yle__article__paragraph\">L\u00e4hde. AFP<\/p>\n","protected":false},"excerpt":{"rendered":"15:47\u2022P\u00e4ivitetty 16:02 Yli 120 ihmist\u00e4 on kuollut Jemenin pahimmissa huthi-yhteenotoissa vuosiin, kertovat l\u00e4hteet AFP:lle. Jemenin huthit aloittivat etenemisen&hellip;\n","protected":false},"author":2,"featured_media":341392,"comment_status":"","ping_status":"","sticky":false,"template":"","format":"standard","meta":{"footnotes":"","_share_on_mastodon":"0"},"categories":[14],"tags":[22,23,26,27,33,31,30,17,24,25,28,29,15,18,21,32,19,20,56,16,59,60,61],"class_list":["post-341391","post","type-post","status-publish","format-standard","has-post-thumbnail","category-ulkomaat","tag-breaking-news","tag-breakingnews","tag-featured-news","tag-featurednews","tag-fi","tag-finland","tag-finnish","tag-headlines","tag-latest-news","tag-latestnews","tag-main-news","tag-mainnews","tag-news","tag-otsikot","tag-paauutiset","tag-suomi","tag-top-stories","tag-topstories","tag-ulkomaat","tag-uutiset","tag-world","tag-world-news","tag-worldnews"],"share_on_mastodon":{"url":"https:\/\/pubeurope.com\/@fi\/117213250492176868","error":""},"_links":{"self":[{"href":"https:\/\/www.europesays.com\/fi\/wp-json\/wp\/v2\/posts\/341391","targetHints":{"allow":["GET"]}}],"collection":[{"href":"https:\/\/www.europesays.com\/fi\/wp-json\/wp\/v2\/posts"}],"about":[{"href":"https:\/\/www.europesays.com\/fi\/wp-json\/wp\/v2\/types\/post"}],"author":[{"embeddable":true,"href":"https:\/\/www.europesays.com\/fi\/wp-json\/wp\/v2\/users\/2"}],"replies":[{"embeddable":true,"href":"https:\/\/www.europesays.com\/fi\/wp-json\/wp\/v2\/comments?post=341391"}],"version-history":[{"count":0,"href":"https:\/\/www.europesays.com\/fi\/wp-json\/wp\/v2\/posts\/341391\/revisions"}],"wp:featuredmedia":[{"embeddable":true,"href":"https:\/\/www.europesays.com\/fi\/wp-json\/wp\/v2\/media\/341392"}],"wp:attachment":[{"href":"https:\/\/www.europesays.com\/fi\/wp-json\/wp\/v2\/media?parent=341391"}],"wp:term":[{"taxonomy":"category","embeddable":true,"href":"https:\/\/www.europesays.com\/fi\/wp-json\/wp\/v2\/categories?post=341391"},{"taxonomy":"post_tag","embeddable":true,"href":"https:\/\/www.europesays.com\/fi\/wp-json\/wp\/v2\/tags?post=341391"}],"curies":[{"name":"wp","href":"https:\/\/api.w.org\/{rel}","templated":true}]}}