{"id":341393,"date":"2026-09-04T14:30:15","date_gmt":"2026-09-04T14:30:15","guid":{"rendered":"https:\/\/www.europesays.com\/fi\/341393\/"},"modified":"2026-09-04T14:30:15","modified_gmt":"2026-09-04T14:30:15","slug":"anne-brunilan-poika-on-kuollut-41-vuotiaana","status":"publish","type":"post","link":"https:\/\/www.europesays.com\/fi\/341393\/","title":{"rendered":"Anne Brunilan poika on kuollut 41-vuotiaana"},"content":{"rendered":"<p>Anne Brunila on syv\u00e4sti kiitollinen kaikista ihanista vuosista, jotka h\u00e4n sai jakaa poikansa kanssa.<\/p>\n<p><img decoding=\"async\" src=\"https:\/\/www.europesays.com\/fi\/wp-content\/uploads\/2026\/09\/1788532214_784_468.jpg\" alt=\"Anne Brunila tunnetaan talousel\u00e4m\u00e4n suurena vaikuttajana. H\u00e4n on kertonut poikansa tarinan el\u00e4m\u00e4kerrassaan sek\u00e4 haastatteluissa.\" class=\"_Img_1rerz_1\" style=\"aspect-ratio:1920\/1080\" loading=\"eager\"\/><\/p>\n<p class=\"font-(family-name:--picture-caption-font-family) text-(length:--picture-caption-font-size) leading-(--picture-caption-leading) font-(--picture-caption-font-weight) text-(color:--picture-caption-color)\">Anne Brunila tunnetaan talousel\u00e4m\u00e4n suurena vaikuttajana. H\u00e4n on kertonut poikansa tarinan el\u00e4m\u00e4kerrassaan sek\u00e4 haastatteluissa. Kuva:\u00a0Anna Huovinen<\/p>\n<p class=\"article-body mb-(--paragraph-margin-b) px-nof-16\">Kauppatieteiden tohtori <a class=\"font-bold underline-offset-[0.12em] [text-decoration:var(--person-link-text-decoration)] [text-decoration-color:var(--person-link-text-decoration-color)]!\" href=\"https:\/\/www.is.fi\/haku\/?query=Anne%20Brunilan\" rel=\"nofollow noopener\" target=\"_blank\">Anne Brunilan <\/a>poika <a class=\"font-bold underline-offset-[0.12em] [text-decoration:var(--person-link-text-decoration)] [text-decoration-color:var(--person-link-text-decoration-color)]!\" href=\"https:\/\/www.is.fi\/haku\/?query=Oskari%20Saloranta\" rel=\"nofollow noopener\" target=\"_blank\">Oskari Saloranta<\/a> on kuollut 41-vuotiaana.<\/p>\n<p class=\"article-body mb-(--paragraph-margin-b) px-nof-16\">Suomen vaikutusvaltaisimmaksi p\u00e4\u00e4tt\u00e4j\u00e4naiseksi vuonna 2014 valittu Brunila kertoo asiasta englanniksi <a class=\"underline underline-offset-[0.12em] [text-decoration-thickness:var(--generic-link-underline-thickness)] [text-decoration-color:var(--generic-link-underline-color)] [text-decoration-skip-ink:var(--generic-link-underline-skip-ink)] break-words\" href=\"https:\/\/www.instagram.com\/p\/Dc3LNssN9VM\/\" rel=\"nofollow noopener\" target=\"_blank\">Instagram<\/a>-p\u00e4ivityksess\u00e4\u00e4n.<\/p>\n<p class=\"article-body mb-(--paragraph-margin-b) px-nof-16\">Brunila kertoo, ett\u00e4 h\u00e4nen poikansa syd\u00e4n pys\u00e4htyi 3. syyskuuta 2026 vajaan viikon kest\u00e4neen vaikean taistelun j\u00e4lkeen. H\u00e4nen mukaansa Oskari tuli vakavasti sairaaksi covidin j\u00e4lkeen, mutta pysyi iloisena ja positiivisena.<\/p>\n<p class=\"article-body mb-(--paragraph-margin-b) px-nof-16\">Brunila kertoo olevansa syv\u00e4sti kiitollinen kaikista ihanista vuosista, jotka h\u00e4n sai jakaa poikansa kanssa.<\/p>\n<p class=\"article-body mb-(--paragraph-margin-b) px-nof-16\">\u2013 Monissa haastatteluissa olen sanonut, ett\u00e4 Oskari oli paras opettaja, joka minulla on ollut el\u00e4m\u00e4ss\u00e4ni, Anne Brunila kertoo p\u00e4ivityksess\u00e4\u00e4n.<\/p>\n<p><img decoding=\"async\" src=\"https:\/\/www.europesays.com\/fi\/wp-content\/uploads\/2026\/09\/1788532215_430_468.jpg\" alt=\"Anne Brunilan poikaa alettiin tutkia, kun h\u00e4n oli 3,5 viikkoa vanha. Kaikki ei ollut kunnossa.\" class=\"_Img_1rerz_1\" style=\"aspect-ratio:1280\/1920\" loading=\"eager\"\/><\/p>\n<p class=\"font-(family-name:--picture-caption-font-family) text-(length:--picture-caption-font-size) leading-(--picture-caption-leading) font-(--picture-caption-font-weight) text-(color:--picture-caption-color) picture-with-caption__caption picture-with-caption__caption--default-full\">Anne Brunilan poikaa alettiin tutkia, kun h\u00e4n oli 3,5 viikkoa vanha. Kaikki ei ollut kunnossa. Kuva:\u00a0Anna Huovinen<\/p>\n<p class=\"article-body mb-(--paragraph-margin-b) px-nof-16\">Fortumin ja Mets\u00e4teollisuuden johtoteht\u00e4viss\u00e4 ty\u00f6skennellyt Anne Brunila on kertonut haastatteluissa ja omassa el\u00e4m\u00e4kerrassaan Kuka olisi uskonut (Tammi 2020) poikansa el\u00e4m\u00e4ntarinan.<\/p>\n<p class=\"article-body mb-(--paragraph-margin-b) px-nof-16\"><a class=\"underline underline-offset-[0.12em] [text-decoration-thickness:var(--generic-link-underline-thickness)] [text-decoration-color:var(--generic-link-underline-color)] [text-decoration-skip-ink:var(--generic-link-underline-skip-ink)] break-words\" href=\"https:\/\/www.is.fi\/taloussanomat\/art-2000006647967.html\" rel=\"nofollow noopener\" target=\"_blank\">Ilta-Sanomat<\/a> kertoi syyskuussa 2020, ett\u00e4 Oskari oli 3,5 viikkoa vanha, kun h\u00e4n alkoi kyl\u00e4ss\u00e4 voida huonosti ja oksensi useamman kerran. P\u00e4\u00e4sty\u00e4\u00e4n Klaukkalasta takaisin Helsinkiin Brunila huomasi, ett\u00e4 vauvan oikea puoli alkoi nyki\u00e4 ja kieli v\u00e4p\u00e4tti suusta.<\/p>\n<p class=\"article-body mb-(--paragraph-margin-b) px-nof-16\">Sairaalassa Brunilaa ensin moitittiin siit\u00e4, ettei t\u00e4m\u00e4 ollut nesteytt\u00e4nyt oksennustaudista k\u00e4rsiv\u00e4\u00e4 vauvaa. Jonkin ajan p\u00e4\u00e4st\u00e4 kuitenkin k\u00e4vi ilmi, ett\u00e4 vauvalla oli aivokuume.<\/p>\n<p class=\"article-body mb-(--paragraph-margin-b) px-nof-16\">Aivokuumeen syy ei koskaan selvinnyt, mutta l\u00e4\u00e4k\u00e4rit arvelivat sen johtuneen jostain pitk\u00e4vaikutteisesta viruksesta, joka voi olla vastasyntyneelle kohtalokas mutta vanhemmille lapsille ja aikuisille tavallinen flunssa.<\/p>\n<p class=\"article-body mb-(--paragraph-margin-b) px-nof-16\">Aluksi pel\u00e4ttiin, ettei lapsi selvi\u00e4 sairaudesta ja t\u00e4lle annettiin h\u00e4t\u00e4kaste. Oskari kuitenkin selvisi, mutta oli selv\u00e4\u00e4, ett\u00e4 aivokuume oli aiheuttanut pysyvi\u00e4 vaurioita.<\/p>\n<p class=\"article-body mb-(--paragraph-margin-b) px-nof-16\">Lokakuussa 2020 Anne Brunila kertoi <a class=\"underline underline-offset-[0.12em] [text-decoration-thickness:var(--generic-link-underline-thickness)] [text-decoration-color:var(--generic-link-underline-color)] [text-decoration-skip-ink:var(--generic-link-underline-skip-ink)] break-words\" href=\"https:\/\/www.is.fi\/menaiset\/ihmiset-ja-suhteet\/art-2000006667529.html\" rel=\"nofollow noopener\" target=\"_blank\">Me Naisille,<\/a> ett\u00e4 Oskarin lapsuutta ja nuoruutta leimasi pysyv\u00e4 ep\u00e4tietoisuus sek\u00e4 ep\u00e4varmuus siit\u00e4, millaista Oskarin el\u00e4m\u00e4st\u00e4 tulisi.<\/p>\n<p class=\"article-body mb-(--paragraph-margin-b) px-nof-16\">\u2013 Totuin siihen, koska muutakaan vaihtoehtoa ei ollut. Piti konkreettisesti oppia el\u00e4m\u00e4\u00e4n p\u00e4iv\u00e4 kerrallaan. Kun tuli ongelma, oli l\u00f6ydett\u00e4v\u00e4 ratkaisu vain siihen eik\u00e4 mietti\u00e4 seurauksia tai mit\u00e4 t\u00e4m\u00e4n j\u00e4lkeen, Brunila sanoi.<\/p>\n<p class=\"article-body mb-(--paragraph-margin-b) px-nof-16\">\u2013 Ei kannata murehtia sellaista, mist\u00e4 ei voi tiet\u00e4\u00e4. Min\u00e4kin olisin surrut hirve\u00e4sti turhia asioita. El\u00e4m\u00e4 on ollut paljon, paljon parempaa kuin mit\u00e4 siit\u00e4 olisi pahimmillaan voinut tulla, Brunila sanoi Me Naisille.<\/p>\n<p class=\"article-body mb-(--paragraph-margin-b) px-nof-16\">Koulun Oskari aloitti Sylvia-kodin koulussa ja teini-ik\u00e4isen\u00e4 h\u00e4n muutti sen asuinyhteis\u00f6\u00f6n. Annelle pojasta p\u00e4\u00e4st\u00e4minen oli kova paikka. P\u00e4\u00e4t\u00f6s vei puoli vuotta.<\/p>\n<p class=\"article-body mb-(--paragraph-margin-b) px-nof-16\">My\u00f6hemmin Oskari muutti s\u00e4\u00e4ti\u00f6n yll\u00e4pit\u00e4m\u00e4\u00e4n asuinyhteis\u00f6\u00f6n ja vietti \u00e4itins\u00e4 luona lomat sek\u00e4 usein viikonloput.<\/p>\n<p class=\"article-body mb-(--paragraph-margin-b) px-nof-16\">Syyskuussa 2025 Brunila kertoi <a class=\"underline underline-offset-[0.12em] [text-decoration-thickness:var(--generic-link-underline-thickness)] [text-decoration-color:var(--generic-link-underline-color)] [text-decoration-skip-ink:var(--generic-link-underline-skip-ink)] break-words\" href=\"https:\/\/www.gloria.fi\/artikkeli\/ihmiset\/olemme-liiaksi-kiinni-erilaisissa-haluissa-mieliteoissa-asemissa-ja-vallassa\" rel=\"nofollow noopener\" target=\"_blank\">Gloria-lehdess\u00e4<\/a> surreensa sit\u00e4, ett\u00e4 h\u00e4nen poikansa sairastui vauvana ja h\u00e4n tiesi sen olevan peruuttamatonta.<\/p>\n<p class=\"article-body mb-(--paragraph-margin-b) px-nof-16\">\u2013 H\u00e4n ei voisi menn\u00e4 yliopistoon eik\u00e4 naimisiin, ei saada lapsia eik\u00e4 merkityksellist\u00e4 ty\u00f6t\u00e4. Ajattelin, ettei h\u00e4nest\u00e4 siksi voisi koskaan tulla onnellista.<\/p>\n<p class=\"article-body mb-(--paragraph-margin-b) px-nof-16\">\u2013 Mutta Oskari oli ja on joka hetki onnellinen kaikesta siit\u00e4, mit\u00e4 on. H\u00e4n ei odota jotain muuta erilaista ja parempaa. Tajusin, ett\u00e4 olen surrut tyhmi\u00e4, koska minulle oli t\u00e4rkeint\u00e4, ett\u00e4 lapseni oli onnellinen. H\u00e4n on maailman kiltein, yst\u00e4v\u00e4llisin, onnellisin ja iloisin ihminen, Brunila kertoi Gloriassa.<\/p>\n<p><script async src=\"\/\/www.instagram.com\/embed.js\"><\/script><\/p>\n","protected":false},"excerpt":{"rendered":"Anne Brunila on syv\u00e4sti kiitollinen kaikista ihanista vuosista, jotka h\u00e4n sai jakaa poikansa kanssa. Anne Brunila tunnetaan talousel\u00e4m\u00e4n&hellip;\n","protected":false},"author":2,"featured_media":341394,"comment_status":"","ping_status":"","sticky":false,"template":"","format":"standard","meta":{"footnotes":"","_share_on_mastodon":"0"},"categories":[12],"tags":[22,23,26,27,33,31,30,17,34,24,25,28,29,15,18,21,32,19,20,16],"class_list":["post-341393","post","type-post","status-publish","format-standard","has-post-thumbnail","category-suomi","tag-breaking-news","tag-breakingnews","tag-featured-news","tag-featurednews","tag-fi","tag-finland","tag-finnish","tag-headlines","tag-ilta-sanomat","tag-latest-news","tag-latestnews","tag-main-news","tag-mainnews","tag-news","tag-otsikot","tag-paauutiset","tag-suomi","tag-top-stories","tag-topstories","tag-uutiset"],"share_on_mastodon":{"url":"https:\/\/pubeurope.com\/@fi\/117213254983696431","error":""},"_links":{"self":[{"href":"https:\/\/www.europesays.com\/fi\/wp-json\/wp\/v2\/posts\/341393","targetHints":{"allow":["GET"]}}],"collection":[{"href":"https:\/\/www.europesays.com\/fi\/wp-json\/wp\/v2\/posts"}],"about":[{"href":"https:\/\/www.europesays.com\/fi\/wp-json\/wp\/v2\/types\/post"}],"author":[{"embeddable":true,"href":"https:\/\/www.europesays.com\/fi\/wp-json\/wp\/v2\/users\/2"}],"replies":[{"embeddable":true,"href":"https:\/\/www.europesays.com\/fi\/wp-json\/wp\/v2\/comments?post=341393"}],"version-history":[{"count":0,"href":"https:\/\/www.europesays.com\/fi\/wp-json\/wp\/v2\/posts\/341393\/revisions"}],"wp:featuredmedia":[{"embeddable":true,"href":"https:\/\/www.europesays.com\/fi\/wp-json\/wp\/v2\/media\/341394"}],"wp:attachment":[{"href":"https:\/\/www.europesays.com\/fi\/wp-json\/wp\/v2\/media?parent=341393"}],"wp:term":[{"taxonomy":"category","embeddable":true,"href":"https:\/\/www.europesays.com\/fi\/wp-json\/wp\/v2\/categories?post=341393"},{"taxonomy":"post_tag","embeddable":true,"href":"https:\/\/www.europesays.com\/fi\/wp-json\/wp\/v2\/tags?post=341393"}],"curies":[{"name":"wp","href":"https:\/\/api.w.org\/{rel}","templated":true}]}}