{"id":341395,"date":"2026-09-04T14:31:12","date_gmt":"2026-09-04T14:31:12","guid":{"rendered":"https:\/\/www.europesays.com\/fi\/341395\/"},"modified":"2026-09-04T14:31:12","modified_gmt":"2026-09-04T14:31:12","slug":"zelenskyi-venaja-iski-ukrainan-turvallisuuspalvelun-paamajaan","status":"publish","type":"post","link":"https:\/\/www.europesays.com\/fi\/341395\/","title":{"rendered":"Zelenskyi: Ven\u00e4j\u00e4 iski Ukrainan turvallisuuspalvelun p\u00e4\u00e4majaan"},"content":{"rendered":"<p class=\"article-body mb-(--paragraph-margin-b) px-nof-16\">Ven\u00e4j\u00e4 iski droonilla Ukrainan turvallisuus\u00adpalvelu SBU:n p\u00e4\u00e4majaan Kiovassa, kertoo Ukrainan presidentti <a class=\"font-bold underline-offset-[0.12em] [text-decoration:var(--person-link-text-decoration)] [text-decoration-color:var(--person-link-text-decoration-color)]!\" href=\"https:\/\/www.hs.fi\/haku\/?query=Volodymyr%20Zelenskyi\" rel=\"nofollow noopener\" target=\"_blank\">Volodymyr Zelenskyi<\/a> X-viestipalvelussa perjantaina.<\/p>\n<p class=\"article-body mb-(--paragraph-margin-b) px-nof-16\">Presidentin mukaan drooni oli suunnattu suoraan turvallisuus\u00adpalvelun p\u00e4\u00e4llik\u00f6n toimistoon. SBU:n p\u00e4\u00e4maja sijaitsee Kiovan ydinkeskustassa Pyh\u00e4n Sofian katedraalia vastap\u00e4\u00e4t\u00e4.<\/p>\n<p class=\"article-body mb-(--paragraph-margin-b) px-nof-16\">Zelenskyi kertoo ohjeistaneensa turvallisuuspalvelua vastaamaan iskuun sopivalla tavalla, mahdollisuuksien mukaan iskua peilaten.<\/p>\n<p class=\"article-body mb-(--paragraph-margin-b) px-nof-16\">My\u00f6s turvallisuuspalvelun l\u00e4hell\u00e4 oleva ravintola vahingoittui iskussa.<\/p>\n<p class=\"article-body mb-(--paragraph-margin-b) px-nof-16\">Kiovassa annettiin ilmah\u00e4lytys noin kello 15. Noin puoli tuntia my\u00f6hemmin kaupungin keskustassa kuultiin r\u00e4j\u00e4hdyksi\u00e4, kertoo <a class=\"underline underline-offset-[0.12em] [text-decoration-thickness:var(--generic-link-underline-thickness)] [text-decoration-color:var(--generic-link-underline-color)] [text-decoration-skip-ink:var(--generic-link-underline-skip-ink)] break-words\" href=\"https:\/\/kyivindependent.com\/breaking-russian-drone-hits-kyivs-center\/\" rel=\"nofollow noopener\" target=\"_blank\">The Kyiv Independent.<\/a><\/p>\n<p class=\"article-body mb-(--paragraph-margin-b) px-nof-16\">Kiovan pormestari <a class=\"font-bold underline-offset-[0.12em] [text-decoration:var(--person-link-text-decoration)] [text-decoration-color:var(--person-link-text-decoration-color)]!\" href=\"https:\/\/www.hs.fi\/haku\/?query=Vitali%20Klyt%C5%A1kon\" rel=\"nofollow noopener\" target=\"_blank\">Vitali Klyt\u0161kon<\/a> mukaan ainakin yhdeks\u00e4n ihmist\u00e4 loukkaantui ja heist\u00e4 seitsem\u00e4n on viety sairaalaan.<\/p>\n<p class=\"article-body mb-(--paragraph-margin-b) px-nof-16\">Ven\u00e4j\u00e4 on viime kuukausien aikana lis\u00e4nnyt ilmahy\u00f6kk\u00e4yksi\u00e4\u00e4n Ukrainaan. Kiova ja sit\u00e4 ymp\u00e4r\u00f6iv\u00e4 alue ovat olleet toistuvasti iskujen kohteena.<\/p>\n<p class=\"article-body mb-(--paragraph-margin-b) px-nof-16\">Tulevana viikonloppuna Yhdysvallat pyrkii jouduttamaan pyrkimyksi\u00e4 sodan p\u00e4\u00e4ttymiselle, kun maan edustajat <a class=\"font-bold underline-offset-[0.12em] [text-decoration:var(--person-link-text-decoration)] [text-decoration-color:var(--person-link-text-decoration-color)]!\" href=\"https:\/\/www.hs.fi\/haku\/?query=Steve%20Witkoff\" rel=\"nofollow noopener\" target=\"_blank\">Steve Witkoff<\/a> ja <a class=\"font-bold underline-offset-[0.12em] [text-decoration:var(--person-link-text-decoration)] [text-decoration-color:var(--person-link-text-decoration-color)]!\" href=\"https:\/\/www.hs.fi\/haku\/?query=Jared%20Kushner\" rel=\"nofollow noopener\" target=\"_blank\">Jared Kushner<\/a> matkustavat Kiovaan ja Moskovaan, <a class=\"underline underline-offset-[0.12em] [text-decoration-thickness:var(--generic-link-underline-thickness)] [text-decoration-color:var(--generic-link-underline-color)] [text-decoration-skip-ink:var(--generic-link-underline-skip-ink)] break-words\" href=\"https:\/\/www.axios.com\/2026\/09\/04\/trump-witkoff-kushner-moscow-kyiv\" rel=\"nofollow noopener\" target=\"_blank\">yhdysvaltalaismedia Axios kertoo<\/a> l\u00e4hteisiins\u00e4 viitaten.<\/p>\n<p class=\"article-body mb-(--paragraph-margin-b) px-nof-16\">Median mukaan kaksikko tapaa Ven\u00e4j\u00e4n <a class=\"font-bold underline-offset-[0.12em] [text-decoration:var(--person-link-text-decoration)] [text-decoration-color:var(--person-link-text-decoration-color)]!\" href=\"https:\/\/www.hs.fi\/haku\/?query=Vladimir%20Putinin\" rel=\"nofollow noopener\" target=\"_blank\">Vladimir Putinin<\/a> lauantaina ja Zelenskyin sunnuntaina. Uutistoimisto Reutersin l\u00e4hteen mukaan suunnitelma ei ole viel\u00e4 lopullinen turvallisuushuolien vuoksi.<\/p>\n<p class=\"article-body mb-(--paragraph-margin-b) px-nof-16\">Kyseess\u00e4 olisi ensimm\u00e4inen kerta Yhdysvaltain presidentti <a class=\"font-bold underline-offset-[0.12em] [text-decoration:var(--person-link-text-decoration)] [text-decoration-color:var(--person-link-text-decoration-color)]!\" href=\"https:\/\/www.hs.fi\/haku\/?query=Donald%20Trumpin\" rel=\"nofollow noopener\" target=\"_blank\">Donald Trumpin<\/a> toisella kaudella, kun Witkoff ja Kushner vierailevat Kiovassa. Kaksikko k\u00e4vi Moskovassa viimeksi tammikuussa.<\/p>\n","protected":false},"excerpt":{"rendered":"Ven\u00e4j\u00e4 iski droonilla Ukrainan turvallisuus\u00adpalvelu SBU:n p\u00e4\u00e4majaan Kiovassa, kertoo Ukrainan presidentti Volodymyr Zelenskyi X-viestipalvelussa perjantaina. Presidentin mukaan drooni&hellip;\n","protected":false},"author":2,"featured_media":341396,"comment_status":"","ping_status":"","sticky":false,"template":"","format":"standard","meta":{"footnotes":"","_share_on_mastodon":"0"},"categories":[5],"tags":[22,23,26,27,33,31,30,17,46,24,25,28,29,15,18,21,32,19,20,16],"class_list":["post-341395","post","type-post","status-publish","format-standard","has-post-thumbnail","category-otsikot","tag-breaking-news","tag-breakingnews","tag-featured-news","tag-featurednews","tag-fi","tag-finland","tag-finnish","tag-headlines","tag-helsingin-sanomat","tag-latest-news","tag-latestnews","tag-main-news","tag-mainnews","tag-news","tag-otsikot","tag-paauutiset","tag-suomi","tag-top-stories","tag-topstories","tag-uutiset"],"share_on_mastodon":{"url":"https:\/\/pubeurope.com\/@fi\/117213258430400737","error":""},"_links":{"self":[{"href":"https:\/\/www.europesays.com\/fi\/wp-json\/wp\/v2\/posts\/341395","targetHints":{"allow":["GET"]}}],"collection":[{"href":"https:\/\/www.europesays.com\/fi\/wp-json\/wp\/v2\/posts"}],"about":[{"href":"https:\/\/www.europesays.com\/fi\/wp-json\/wp\/v2\/types\/post"}],"author":[{"embeddable":true,"href":"https:\/\/www.europesays.com\/fi\/wp-json\/wp\/v2\/users\/2"}],"replies":[{"embeddable":true,"href":"https:\/\/www.europesays.com\/fi\/wp-json\/wp\/v2\/comments?post=341395"}],"version-history":[{"count":0,"href":"https:\/\/www.europesays.com\/fi\/wp-json\/wp\/v2\/posts\/341395\/revisions"}],"wp:featuredmedia":[{"embeddable":true,"href":"https:\/\/www.europesays.com\/fi\/wp-json\/wp\/v2\/media\/341396"}],"wp:attachment":[{"href":"https:\/\/www.europesays.com\/fi\/wp-json\/wp\/v2\/media?parent=341395"}],"wp:term":[{"taxonomy":"category","embeddable":true,"href":"https:\/\/www.europesays.com\/fi\/wp-json\/wp\/v2\/categories?post=341395"},{"taxonomy":"post_tag","embeddable":true,"href":"https:\/\/www.europesays.com\/fi\/wp-json\/wp\/v2\/tags?post=341395"}],"curies":[{"name":"wp","href":"https:\/\/api.w.org\/{rel}","templated":true}]}}