{"id":341397,"date":"2026-09-04T14:32:13","date_gmt":"2026-09-04T14:32:13","guid":{"rendered":"https:\/\/www.europesays.com\/fi\/341397\/"},"modified":"2026-09-04T14:32:13","modified_gmt":"2026-09-04T14:32:13","slug":"korkeasaareen-saatiin-kauan-toivottua-perheenlisaysta-kun-timba-ja-youmi-saivat-pentuja-luonnossa-amurinleopardi-on-aarimmaisen-uhanalainen-keski-suomi","status":"publish","type":"post","link":"https:\/\/www.europesays.com\/fi\/341397\/","title":{"rendered":"Korkeasaareen saatiin kauan toivottua perheenlis\u00e4yst\u00e4, kun Timba ja Youmi saivat pentuja \u2013 luonnossa amurinleopardi on \u00e4\u00e4rimm\u00e4isen uhanalainen | Keski-Suomi"},"content":{"rendered":"<p>Amurinleopardeja arvioidaan olevan luonnossa vain 130 yksil\u00f6\u00e4.<\/p>\n<p>Korkeasaaressa saatiin hein\u00e4kuun lopulla ilouutisia, kun el\u00e4intarhassa asustavalle amurinleopardiparille syntyi kaksi pentua. El\u00e4intarha <a href=\"https:\/\/korkeasaari.fi\/2026\/korkeasaareen-syntyi-kaksi-aarimmaisen-uhanalaisen-amurinleopardin-pentua\/\" rel=\"nofollow noopener\" target=\"_blank\">kertoi<\/a> asiasta torstaina.<\/p>\n<p>Pennut ovat nyt viiden viikon ik\u00e4isi\u00e4 ja noin 2,5 kilon painoisia. Pennut ovat amurinleopardiparin ensimm\u00e4iset. Kolmesta pennusta kaksi syntyi el\u00e4vin\u00e4.<\/p>\n<p>\u00c4\u00e4rimm\u00e4isen uhanalaisen amurinleopardin pennut ovat Korkeasaaren mukaan pitk\u00e4n ty\u00f6n tulos. El\u00e4intarhassa asustavalle amurinleopardiurokselle Timballe on etsitty sopivaa lis\u00e4\u00e4ntymiskumppania jo viiden vuoden ajan.<\/p>\n<p>Vasta kolmannen leopardinaaraan kanssa onnisti. Urosta vuotta nuorempi Youmi muutti Korkeasaareen K\u00f6\u00f6penhaminan el\u00e4intarhasta.<\/p>\n","protected":false},"excerpt":{"rendered":"Amurinleopardeja arvioidaan olevan luonnossa vain 130 yksil\u00f6\u00e4. Korkeasaaressa saatiin hein\u00e4kuun lopulla ilouutisia, kun el\u00e4intarhassa asustavalle amurinleopardiparille syntyi kaksi&hellip;\n","protected":false},"author":2,"featured_media":341398,"comment_status":"","ping_status":"","sticky":false,"template":"","format":"standard","meta":{"footnotes":"","_share_on_mastodon":"0"},"categories":[117],"tags":[404,821,33,31,30,6927,72,476,785,118,591,32,119,477,534],"class_list":["post-341397","post","type-post","status-publish","format-standard","has-post-thumbnail","category-luonto","tag-elaimet","tag-eramaat","tag-fi","tag-finland","tag-finnish","tag-korkeasaari-zoo","tag-luonto","tag-nature","tag-nisakkaat","tag-science","tag-selkarankaiset","tag-suomi","tag-tiede","tag-wildlife","tag-ymparisto-ja-luonto"],"share_on_mastodon":{"url":"https:\/\/pubeurope.com\/@fi\/117213262525687065","error":""},"_links":{"self":[{"href":"https:\/\/www.europesays.com\/fi\/wp-json\/wp\/v2\/posts\/341397","targetHints":{"allow":["GET"]}}],"collection":[{"href":"https:\/\/www.europesays.com\/fi\/wp-json\/wp\/v2\/posts"}],"about":[{"href":"https:\/\/www.europesays.com\/fi\/wp-json\/wp\/v2\/types\/post"}],"author":[{"embeddable":true,"href":"https:\/\/www.europesays.com\/fi\/wp-json\/wp\/v2\/users\/2"}],"replies":[{"embeddable":true,"href":"https:\/\/www.europesays.com\/fi\/wp-json\/wp\/v2\/comments?post=341397"}],"version-history":[{"count":0,"href":"https:\/\/www.europesays.com\/fi\/wp-json\/wp\/v2\/posts\/341397\/revisions"}],"wp:featuredmedia":[{"embeddable":true,"href":"https:\/\/www.europesays.com\/fi\/wp-json\/wp\/v2\/media\/341398"}],"wp:attachment":[{"href":"https:\/\/www.europesays.com\/fi\/wp-json\/wp\/v2\/media?parent=341397"}],"wp:term":[{"taxonomy":"category","embeddable":true,"href":"https:\/\/www.europesays.com\/fi\/wp-json\/wp\/v2\/categories?post=341397"},{"taxonomy":"post_tag","embeddable":true,"href":"https:\/\/www.europesays.com\/fi\/wp-json\/wp\/v2\/tags?post=341397"}],"curies":[{"name":"wp","href":"https:\/\/api.w.org\/{rel}","templated":true}]}}