{"id":341399,"date":"2026-09-04T14:44:10","date_gmt":"2026-09-04T14:44:10","guid":{"rendered":"https:\/\/www.europesays.com\/fi\/341399\/"},"modified":"2026-09-04T14:44:10","modified_gmt":"2026-09-04T14:44:10","slug":"olivia-oras-tuli-katsojille-tutuksi-the-perfect-selfie-dokumentista","status":"publish","type":"post","link":"https:\/\/www.europesays.com\/fi\/341399\/","title":{"rendered":"Olivia Oras tuli katsojille tutuksi The Perfect Selfie -dokumentista"},"content":{"rendered":"<p>Somevaikuttaja Olivia Oraksesta julkaistiin vuonna 2017 The Perfect Selfie -dokumentti, jossa h\u00e4n kertoi el\u00e4m\u00e4st\u00e4\u00e4n somekuvien takana.<\/p>\n<p><img decoding=\"async\" src=\"https:\/\/www.europesays.com\/fi\/wp-content\/uploads\/2026\/09\/1788533049_988_468.jpg\" alt=\"The Perfect Selfie -dokumentissa kuvattiin somevaikuttaja Olivia Oraksen el\u00e4m\u00e4\u00e4 Instagram-kuvien takana. Kuvassa Oras vuonna 2016.\" class=\"_Img_1rerz_1\" style=\"aspect-ratio:1920\/1080\" loading=\"eager\"\/><\/p>\n<p class=\"font-(family-name:--picture-caption-font-family) text-(length:--picture-caption-font-size) leading-(--picture-caption-leading) font-(--picture-caption-font-weight) text-(color:--picture-caption-color)\">The Perfect Selfie -dokumentissa kuvattiin somevaikuttaja Olivia Oraksen el\u00e4m\u00e4\u00e4 Instagram-kuvien takana. Kuvassa Oras vuonna 2016. Kuva:\u00a0Juhani Niiranen \/ HS, perfect selfie<\/p>\n<p class=\"article-body mb-(--paragraph-margin-b) px-nof-16\">27-vuotiaana kuollut <a class=\"font-bold underline-offset-[0.12em] [text-decoration:var(--person-link-text-decoration)] [text-decoration-color:var(--person-link-text-decoration-color)]!\" href=\"https:\/\/www.is.fi\/haku\/?query=Olivia%20Oras\" rel=\"nofollow noopener\" target=\"_blank\">Olivia Oras<\/a>, 27, tuli julkisuuteen sosiaalisen median vaikuttajana jo hyvin nuorena.<\/p>\n<p class=\"article-body mb-(--paragraph-margin-b) px-nof-16\">Vuonna 2016 Oras teki pienen cameoroolin bloggaajana Ville Jankerin ohjaamassa Onnenonkija-elokuvassa. Suuren yleis\u00f6n tietoisuuteen Oras tuli kuitenkin vuonna 2017 ilmestyneest\u00e4 The Perfect Selfie -dokumentista, jossa seurattiin kuvausten aikoihin 15- ja 16-vuotiaan Oraksen el\u00e4m\u00e4\u00e4.<\/p>\n<p class=\"article-body mb-(--paragraph-margin-b) px-nof-16\">Dokumentissa k\u00e4sitell\u00e4\u00e4n somesuosiota ja sit\u00e4, millaista h\u00e4nen el\u00e4m\u00e4ns\u00e4 oli Instagram-kuvien takana.<\/p>\n<p class=\"article-body mb-(--paragraph-margin-b) px-nof-16\">The Perfect Selfie -ohjelman ovat ohjanneet <a class=\"font-bold underline-offset-[0.12em] [text-decoration:var(--person-link-text-decoration)] [text-decoration-color:var(--person-link-text-decoration-color)]!\" href=\"https:\/\/www.is.fi\/haku\/?query=Maryam%20Razavi\" rel=\"nofollow noopener\" target=\"_blank\">Maryam Razavi<\/a> ja <a class=\"font-bold underline-offset-[0.12em] [text-decoration:var(--person-link-text-decoration)] [text-decoration-color:var(--person-link-text-decoration-color)]!\" href=\"https:\/\/www.is.fi\/haku\/?query=Jenni%20Salonen\" rel=\"nofollow noopener\" target=\"_blank\">Jenni Salonen<\/a>, jotka kertoivat seuranneensa Oraksen el\u00e4m\u00e4\u00e4 noin puolentoista vuoden ajan.<\/p>\n<p class=\"article-body mb-(--paragraph-margin-b) px-nof-16\">Dokumentti sai ensi-iltansa Docpoint-festareilla ja se esitettiin my\u00f6hemmin Sub-kanavalla. Oras kertoi tuolloin <a class=\"underline underline-offset-[0.12em] [text-decoration-thickness:var(--generic-link-underline-thickness)] [text-decoration-color:var(--generic-link-underline-color)] [text-decoration-skip-ink:var(--generic-link-underline-skip-ink)] break-words\" href=\"https:\/\/areena.yle.fi\/1-3952738\" rel=\"nofollow noopener\" target=\"_blank\">Ylelle<\/a> halunneensa n\u00e4ytt\u00e4\u00e4 ohjelman avulla somen hyvi\u00e4 ja huonoja puolia.<\/p>\n<p class=\"article-body mb-(--paragraph-margin-b) px-nof-16\">N\u00e4in Ilta-Sanomat kirjoitti The Perfect Selfie -dokumentista tuoreeltaan vuonna 2017:<\/p>\n<p class=\"article-body mb-(--paragraph-margin-b) px-nof-16\">Olivia Oraksen somesuosio r\u00e4j\u00e4hti yhdeks\u00e4nnen luokan p\u00e4\u00e4tytty\u00e4, varsinkin kun luokalla oli my\u00f6s tunnettu idoli <a class=\"font-bold underline-offset-[0.12em] [text-decoration:var(--person-link-text-decoration)] [text-decoration-color:var(--person-link-text-decoration-color)]!\" href=\"https:\/\/www.is.fi\/haku\/?query=Robin\" rel=\"nofollow noopener\" target=\"_blank\">Robin<\/a>. Elokuva valaisee \u00e4\u00e4rip\u00e4it\u00e4. Olivia t\u00e4ydess\u00e4 t\u00e4llingiss\u00e4 Ruisrockin backstagella. Olivia ilman meikki\u00e4 tilitt\u00e4m\u00e4ss\u00e4 somen vaikeutta ja vankeutta.<\/p>\n<p class=\"article-body mb-(--paragraph-margin-b) px-nof-16\">Taiteilijaperheess\u00e4 keskustelu on avointa. Olivia muistelee \u00e4itins\u00e4 kanssa anoreksiaansa. Taudilla ei suoraan viitata somen vaaroihin, mutta netin ulkon\u00e4k\u00f6keskeisyys tuodaan tehokkaasti esille. \u00c4iti ihmettelee, miksi tytt\u00f6 tahtoo n\u00e4ytt\u00e4\u00e4 itse\u00e4\u00e4n kaikille.<\/p>\n<p class=\"article-body mb-(--paragraph-margin-b) px-nof-16\">Olivialle Instagram on iloisuuden levitt\u00e4misen paikka. H\u00e4n muistuttaa, ettei netiss\u00e4 kukaan n\u00e4e kuin pari prosenttia postaajan el\u00e4m\u00e4st\u00e4. H\u00e4n julistaa, ettei 12\u201313-vuotiailla saisi olla mit\u00e4\u00e4n asiaa someen.<\/p>\n<p class=\"article-body mb-(--paragraph-margin-b) px-nof-16\">Dokumentissa n\u00e4kyy nuorison viha-rakkaus-suhde puhelimiinsa. Riippuvuus tiedostetaan. Onko tauon paikka, jos puhelintaan joutuu lataamaan nelj\u00e4sti p\u00e4iv\u00e4ss\u00e4? Silti someen, kuten viikonloppujuomiseenkin, palataan yh\u00e4 uudelleen.<\/p>\n<p class=\"article-body mb-(--paragraph-margin-b) px-nof-16\">Mit\u00e4 tapahtuu, jos aikuiseksi kasvaminen m\u00e4\u00e4rittyy seuraajien ja tykk\u00e4ysten kautta?<\/p>\n<p class=\"article-body mb-(--paragraph-margin-b) px-nof-16\">Dokumentti on muodoltaan juuri niin pirstaleinen kuin sen p\u00e4\u00e4t\u00e4hden j\u00e4tt\u00e4m\u00e4 s\u00e4hk\u00f6inen j\u00e4lkikin. Poseerauksia, biletyst\u00e4, provosointia, haaveilua, kiroilua, riitoja ja noloutta. Siis kenen tahansa nuoren el\u00e4m\u00e4\u00e4, sill\u00e4 erotuksella, ettei netiss\u00e4 n\u00e4kyv\u00e4st\u00e4 materiaalista kukaan tied\u00e4, mik\u00e4 on oikeasti totta.<\/p>\n<p><img decoding=\"async\" src=\"https:\/\/www.europesays.com\/fi\/wp-content\/uploads\/2026\/09\/1788533050_39_468.jpg\" alt=\"Olivia Oras oli ihailtu somet\u00e4hti. Instagram-kuvien taakse kurkistettiin vuonna 2017 ilmestyneess\u00e4 dokumentissa.\" class=\"_Img_1rerz_1\" style=\"aspect-ratio:1920\/1008\" loading=\"eager\"\/><\/p>\n<p class=\"font-(family-name:--picture-caption-font-family) text-(length:--picture-caption-font-size) leading-(--picture-caption-leading) font-(--picture-caption-font-weight) text-(color:--picture-caption-color) picture-with-caption__caption picture-with-caption__caption--default-full\">Olivia Oras oli ihailtu somet\u00e4hti. Instagram-kuvien taakse kurkistettiin vuonna 2017 ilmestyneess\u00e4 dokumentissa. Kuva:\u00a0Sub<\/p>\n<p class=\"article-body mb-(--paragraph-margin-b) px-nof-16\">Dokumentin julkaisun j\u00e4lkeen Olivia Oras kertoi v\u00e4syneens\u00e4 sosiaaliseen mediaan. H\u00e4n kuvaili haastatteluissa, kuinka olo tuntui kevyemm\u00e4lt\u00e4 ja rauhallisemmalta, kun ei tarvinnut olla jatkuvasti puhelimella.<\/p>\n<p class=\"article-body mb-(--paragraph-margin-b) px-nof-16\">\u2013 Tavoittelen aina t\u00e4ydellisyytt\u00e4. Nuorempana romahdin t\u00e4ysin, jos asiat eiv\u00e4t menneet niin kuin olisin toivonut, h\u00e4n kertoi <a class=\"underline underline-offset-[0.12em] [text-decoration-thickness:var(--generic-link-underline-thickness)] [text-decoration-color:var(--generic-link-underline-color)] [text-decoration-skip-ink:var(--generic-link-underline-skip-ink)] break-words\" href=\"https:\/\/www.is.fi\/viihde\/art-2000010471602.html\" rel=\"nofollow noopener\" target=\"_blank\">Ilta-Sanomien haastattelussa<\/a> vuonna 2024.<\/p>\n<p class=\"article-body mb-(--paragraph-margin-b) px-nof-16\">Oras kertoi tuolloin vet\u00e4ytyneens\u00e4 somet\u00e4hteyden j\u00e4lkeen julkisuudesta ja keskittyneen hyvinvointiinsa. H\u00e4n sanoi Ilta-Sanomille 2024, ettei somemaailma kiinnosta h\u00e4nt\u00e4 en\u00e4\u00e4 samalla tavalla kuin nuorempana. Somevaikuttajan ty\u00f6n sijaan h\u00e4n haaveili bisnesurasta ja siit\u00e4, ett\u00e4 voisi olla esikuva muille.<\/p>\n<p class=\"article-body mb-(--paragraph-margin-b) px-nof-16\">\u2013 En halua olla tunnettu pelk\u00e4st\u00e4\u00e4n raittiina. Olen itsevarma, kunnianhimoinen ja rakastava nuori nainen, Olivia Oras sanoi.<\/p>\n<p><img decoding=\"async\" src=\"https:\/\/www.europesays.com\/fi\/wp-content\/uploads\/2026\/09\/1788533050_558_468.jpg\" alt=\"Olivia Oras kuvattuna vuonna 2024.\" class=\"_Img_1rerz_1\" style=\"aspect-ratio:1920\/1280\" loading=\"eager\"\/><\/p>\n<p class=\"font-(family-name:--picture-caption-font-family) text-(length:--picture-caption-font-size) leading-(--picture-caption-leading) font-(--picture-caption-font-weight) text-(color:--picture-caption-color) picture-with-caption__caption picture-with-caption__caption--default-full\">Olivia Oras kuvattuna vuonna 2024. Kuva:\u00a0P\u00e4ivi Ristell \/ Sanoma<\/p>\n","protected":false},"excerpt":{"rendered":"Somevaikuttaja Olivia Oraksesta julkaistiin vuonna 2017 The Perfect Selfie -dokumentti, jossa h\u00e4n kertoi el\u00e4m\u00e4st\u00e4\u00e4n somekuvien takana. The Perfect&hellip;\n","protected":false},"author":2,"featured_media":341400,"comment_status":"","ping_status":"","sticky":false,"template":"","format":"standard","meta":{"footnotes":"","_share_on_mastodon":"0"},"categories":[136],"tags":[407,137,33,31,30,34,408,32,109],"class_list":["post-341399","post","type-post","status-publish","format-standard","has-post-thumbnail","category-julkkikset","tag-celebrities","tag-entertainment","tag-fi","tag-finland","tag-finnish","tag-ilta-sanomat","tag-julkkikset","tag-suomi","tag-viihde"],"share_on_mastodon":{"url":"https:\/\/pubeurope.com\/@fi\/117213309900945877","error":""},"_links":{"self":[{"href":"https:\/\/www.europesays.com\/fi\/wp-json\/wp\/v2\/posts\/341399","targetHints":{"allow":["GET"]}}],"collection":[{"href":"https:\/\/www.europesays.com\/fi\/wp-json\/wp\/v2\/posts"}],"about":[{"href":"https:\/\/www.europesays.com\/fi\/wp-json\/wp\/v2\/types\/post"}],"author":[{"embeddable":true,"href":"https:\/\/www.europesays.com\/fi\/wp-json\/wp\/v2\/users\/2"}],"replies":[{"embeddable":true,"href":"https:\/\/www.europesays.com\/fi\/wp-json\/wp\/v2\/comments?post=341399"}],"version-history":[{"count":0,"href":"https:\/\/www.europesays.com\/fi\/wp-json\/wp\/v2\/posts\/341399\/revisions"}],"wp:featuredmedia":[{"embeddable":true,"href":"https:\/\/www.europesays.com\/fi\/wp-json\/wp\/v2\/media\/341400"}],"wp:attachment":[{"href":"https:\/\/www.europesays.com\/fi\/wp-json\/wp\/v2\/media?parent=341399"}],"wp:term":[{"taxonomy":"category","embeddable":true,"href":"https:\/\/www.europesays.com\/fi\/wp-json\/wp\/v2\/categories?post=341399"},{"taxonomy":"post_tag","embeddable":true,"href":"https:\/\/www.europesays.com\/fi\/wp-json\/wp\/v2\/tags?post=341399"}],"curies":[{"name":"wp","href":"https:\/\/api.w.org\/{rel}","templated":true}]}}