{"id":341401,"date":"2026-09-04T14:51:15","date_gmt":"2026-09-04T14:51:15","guid":{"rendered":"https:\/\/www.europesays.com\/fi\/341401\/"},"modified":"2026-09-04T14:51:15","modified_gmt":"2026-09-04T14:51:15","slug":"hifk-teki-poikkeuksellisen-kovan-hankinnan","status":"publish","type":"post","link":"https:\/\/www.europesays.com\/fi\/341401\/","title":{"rendered":"HIFK teki poikkeuksellisen kovan hankinnan"},"content":{"rendered":"<p class=\"wp-block-paragraph\"><strong>HELSINKI<\/strong>. HIFK l\u00e4htee uuteen SM-liigakauteen tavoitteenaan pyyhki\u00e4 pois viime kauden karvas pettymys. Helsinkil\u00e4isseura on vahvistanut joukkuettaan kev\u00e4\u00e4n ja kes\u00e4n aikana useilla profiilihankinnoilla, ja yksi kiinnostavimmista tulokkaista l\u00f6ytyy keskikaistalta.<\/p>\n<p class=\"wp-block-paragraph\">Perinteisesti menestyv\u00e4n j\u00e4\u00e4kiekkojoukkueen t\u00e4rkeimpiin rakennuspalikoihin on laskettu laadukas ykk\u00f6ssentteri ja voittava maalivahti. HIFK\u00a0n\u00e4iden kahden avainpaikan t\u00e4ytt\u00e4minen ei ole viime vuosina onnistunut parhaalla mahdollisella tavalla.<\/p>\n<p class=\"wp-block-paragraph\"><strong>Jori Lehter\u00e4 <\/strong>on t\u00e4ytt\u00e4nyt ykk\u00f6ssentterin vaatimukset, mutta maalivahtiosastolla helsinkil\u00e4iset eiv\u00e4t ole l\u00f6yt\u00e4neet aivan Liigan ter\u00e4vimm\u00e4lle huipulle ylt\u00e4v\u00e4\u00e4 pitk\u00e4aikaista ratkaisua.<\/p>\n<p class=\"wp-block-paragraph\">Nyt tilanne on muuttunut. Kokenut Lehter\u00e4 ei ole en\u00e4\u00e4 automaattisesti joukkueen ykk\u00f6ssentteri, sill\u00e4 suurta roolia on kaavailtu kanadalaiselle <strong>Jake Leschyshynille<\/strong>.<\/p>\n<p class=\"wp-block-paragraph\">27-vuotias Leschyshyn saapuu Helsinkiin nyky-Liigan mittapuulla kovalla ansioluettelolla. Viime vuosina sarjaan on tullut runsaasti pelaajia ECHL:ss\u00e4, mutta Leschyshyn on pelannut Pohjois-Amerikassa AHL:ss\u00e4 ja NHL:ss\u00e4.<\/p>\n<p class=\"wp-block-paragraph\">NHL-otteluita kanadalaiselle on kertynyt jo 77.<\/p>\n<p class=\"wp-block-paragraph\">HIFK\u00a0p\u00e4\u00e4valmentaja <strong>Olli Jokinen<\/strong> on pit\u00e4nyt n\u00e4kem\u00e4st\u00e4\u00e4n.<\/p>\n<p class=\"wp-block-paragraph\">\u2013 H\u00e4n on hyv\u00e4 pelaaja. H\u00e4n on juuri sellainen pelitaitava pelaaja. H\u00e4n on aina ollut eritt\u00e4in hyv\u00e4 aloittaja, Jokinen <a href=\"https:\/\/atleetti.fi\/hifk-rysaytti-kovia-hankintoja-olli-jokiselta-jaatava-arvio-mun-kirjoissa-sarjan-paras\/\" rel=\"noopener nofollow\" target=\"_blank\">arvioi Atleetille<\/a>.<\/p>\n<p class=\"wp-block-paragraph\">Pohjois-Amerikassa Leschyshynin teht\u00e4v\u00e4t painottuivat enemm\u00e4n puolustavaan pelaamiseen. HIFK:ssa\u00a0vastuualueen on tarkoitus olla laajempi, sill\u00e4 kanadalaiselta odotetaan vahvan kokonaisvaltaisen pelaamisen lis\u00e4ksi my\u00f6s hy\u00f6kk\u00e4ysp\u00e4\u00e4n tulosta.<\/p>\n<p class=\"wp-block-paragraph\">Jokinen n\u00e4kee Leschyshynissa ominaisuuksia, jotka antavat siihen hyv\u00e4t edellytykset.<\/p>\n<p class=\"wp-block-paragraph\">\u2013 Puhutaan pelaajasta, joka on ollut enemm\u00e4nkin puolustavassa roolissa Pohjois-Amerikassa, mutta kyll\u00e4 h\u00e4nell\u00e4 on my\u00f6s eritt\u00e4in hyv\u00e4t hy\u00f6kk\u00e4ysp\u00e4\u00e4n vaistot.<\/p>\n<p class=\"wp-block-paragraph\">Erityisesti Leschyshynin kyky pelata vauhdilla on tehnyt Jokiseen vaikutuksen.<\/p>\n<p class=\"wp-block-paragraph\">\u2013 H\u00e4n on eritt\u00e4in hyv\u00e4 luistelija ja pelitaitava pelaaja. H\u00e4n pelaa nopeasti. P\u00e4\u00e4 k\u00e4y nopeasti ja k\u00e4det ja jalat toimii. Kyll\u00e4 me tosi tyytyv\u00e4isi\u00e4 olemme olleet h\u00e4neen, Jokinen linjaa.<\/p>\n<p class=\"wp-block-paragraph\">Leschyshyn ja HIFK p\u00e4\u00e4sev\u00e4t t\u00e4n\u00e4\u00e4n perjantaina ensi kertaa t\u00e4m\u00e4n kauden osalta irti, kun sen kotiavaukseen saapuu HPK.<\/p>\n<p class=\"wp-block-paragraph\"><strong>Ville Hirvonen<\/strong><\/p>\n<p><strong>LUE MY\u00d6S: <a href=\"https:\/\/urheiluareena.fi\/maastohiihto\/hiihtotahti-lauri-vuoriselta-poikkeuksellinen-avautuminen-ongelmistaan\/\" target=\"_blank\" rel=\"noopener nofollow\">Hiihtot\u00e4hti Lauri Vuoriselta poikkeuksellinen avautuminen ongelmistaan (UrheiluAreena.fi)<\/a><\/strong><\/p>\n","protected":false},"excerpt":{"rendered":"HELSINKI. HIFK l\u00e4htee uuteen SM-liigakauteen tavoitteenaan pyyhki\u00e4 pois viime kauden karvas pettymys. Helsinkil\u00e4isseura on vahvistanut joukkuettaan kev\u00e4\u00e4n ja&hellip;\n","protected":false},"author":2,"featured_media":341402,"comment_status":"","ping_status":"","sticky":false,"template":"","format":"standard","meta":{"footnotes":"","_share_on_mastodon":"0"},"categories":[158],"tags":[33,31,30,159,32,160],"class_list":["post-341401","post","type-post","status-publish","format-standard","has-post-thumbnail","category-urheilu","tag-fi","tag-finland","tag-finnish","tag-sports","tag-suomi","tag-urheilu"],"share_on_mastodon":{"url":"https:\/\/pubeurope.com\/@fi\/117213336940136552","error":""},"_links":{"self":[{"href":"https:\/\/www.europesays.com\/fi\/wp-json\/wp\/v2\/posts\/341401","targetHints":{"allow":["GET"]}}],"collection":[{"href":"https:\/\/www.europesays.com\/fi\/wp-json\/wp\/v2\/posts"}],"about":[{"href":"https:\/\/www.europesays.com\/fi\/wp-json\/wp\/v2\/types\/post"}],"author":[{"embeddable":true,"href":"https:\/\/www.europesays.com\/fi\/wp-json\/wp\/v2\/users\/2"}],"replies":[{"embeddable":true,"href":"https:\/\/www.europesays.com\/fi\/wp-json\/wp\/v2\/comments?post=341401"}],"version-history":[{"count":0,"href":"https:\/\/www.europesays.com\/fi\/wp-json\/wp\/v2\/posts\/341401\/revisions"}],"wp:featuredmedia":[{"embeddable":true,"href":"https:\/\/www.europesays.com\/fi\/wp-json\/wp\/v2\/media\/341402"}],"wp:attachment":[{"href":"https:\/\/www.europesays.com\/fi\/wp-json\/wp\/v2\/media?parent=341401"}],"wp:term":[{"taxonomy":"category","embeddable":true,"href":"https:\/\/www.europesays.com\/fi\/wp-json\/wp\/v2\/categories?post=341401"},{"taxonomy":"post_tag","embeddable":true,"href":"https:\/\/www.europesays.com\/fi\/wp-json\/wp\/v2\/tags?post=341401"}],"curies":[{"name":"wp","href":"https:\/\/api.w.org\/{rel}","templated":true}]}}