{"id":341403,"date":"2026-09-04T14:52:13","date_gmt":"2026-09-04T14:52:13","guid":{"rendered":"https:\/\/www.europesays.com\/fi\/341403\/"},"modified":"2026-09-04T14:52:13","modified_gmt":"2026-09-04T14:52:13","slug":"konemusiikin-maailmantahti-armin-van-buuren-esiintyy-helsingissa-sillan-alla","status":"publish","type":"post","link":"https:\/\/www.europesays.com\/fi\/341403\/","title":{"rendered":"Konemusiikin maailmant\u00e4hti Armin van Buuren esiintyy Helsingiss\u00e4 sillan alla"},"content":{"rendered":"<p class=\"article-body mb-(--paragraph-margin-b) px-nof-16\">Yksi maailman suosituimmista elektronisen musiikin tuottajista, hollantilainen <a class=\"font-bold underline-offset-[0.12em] [text-decoration:var(--person-link-text-decoration)] [text-decoration-color:var(--person-link-text-decoration-color)]!\" href=\"https:\/\/www.hs.fi\/haku\/?query=Armin%20van%20Buuren\" rel=\"nofollow noopener\" target=\"_blank\">Armin van Buuren<\/a>, esiintyy perjantai-iltana Helsingiss\u00e4 sillan alla.<\/p>\n<p class=\"article-body mb-(--paragraph-margin-b) px-nof-16\">Viime vuonna van Buuren nousi Espoossa Weekend Festivalin p\u00e4\u00e4lavalle ja h\u00e4n on monena vuonna t\u00e4hditt\u00e4nyt esimerkiksi maailman suurinta edm-festivaalia, Belgian Tomorrowlandia.<\/p>\n<p class=\"article-body mb-(--paragraph-margin-b) px-nof-16\">T\u00e4ll\u00e4 kertaa keikkapaikkana toimii H\u00e4meentien sillan alus. Kyse on CNNCT Under the Bridge -nimisest\u00e4 elektronisen musiikin tapahtumasta, jossa esiintyy useita muitakin artisteja.<\/p>\n<p class=\"article-body mb-(--paragraph-margin-b) px-nof-16\">Tapahtuma-alue sijoittuu Vallilan ja Hermannin rajalle Nylanderin puistoon, sillan alla olevalle koripallokent\u00e4lle sek\u00e4 skeittipuistoon.<\/p>\n<p class=\"article-body mb-(--paragraph-margin-b) px-nof-16\">Alue sijaitsee aivan Vallilan siirtolapuutarhan sek\u00e4 Kumpulan kasvitieteellisen puutarhan l\u00e4heisyydess\u00e4. Paikalla on aiemminkin j\u00e4rjestetty erilaisia ulkoilmamusiikkitapahtumia.<\/p>\n<p class=\"article-body mb-(--paragraph-margin-b) px-nof-16\">HS seuraa tapahtumaa ja p\u00e4ivitt\u00e4\u00e4 t\u00e4h\u00e4n juttuun tunnelmia paikan p\u00e4\u00e4lt\u00e4.<\/p>\n<p class=\"article-body mb-(--paragraph-margin-b) px-nof-16\">Van Buuren, 49, aloitti musiikkiuransa vuonna 1996.<\/p>\n<p class=\"article-body mb-(--paragraph-margin-b) px-nof-16\">H\u00e4n on voittanut maailman suosituimman dj:n tittelin useampana vuonna. Spotify-musiikkipalvelussa h\u00e4nell\u00e4 on nyky\u00e4\u00e4n noin 15,2 miljoonaa kuuntelijaa kuukaudessa.<\/p>\n<p class=\"article-body mb-(--paragraph-margin-b) px-nof-16\">Van Buuren tunnetaan esimerkiksi kappaleistaan Blah Blah Blah (2018), This Is What It Feels Like (2013) ja In And Out Of Love (2008).<\/p>\n<p class=\"article-body mb-(--paragraph-margin-b) px-nof-16\">Suomessa h\u00e4n on vieraillut l\u00e4hes vuosittain.<\/p>\n","protected":false},"excerpt":{"rendered":"Yksi maailman suosituimmista elektronisen musiikin tuottajista, hollantilainen Armin van Buuren, esiintyy perjantai-iltana Helsingiss\u00e4 sillan alla. Viime vuonna van&hellip;\n","protected":false},"author":2,"featured_media":341404,"comment_status":"","ping_status":"","sticky":false,"template":"","format":"standard","meta":{"footnotes":"","_share_on_mastodon":"0"},"categories":[130],"tags":[137,33,31,30,46,32,109],"class_list":["post-341403","post","type-post","status-publish","format-standard","has-post-thumbnail","category-viihde","tag-entertainment","tag-fi","tag-finland","tag-finnish","tag-helsingin-sanomat","tag-suomi","tag-viihde"],"share_on_mastodon":{"url":"https:\/\/pubeurope.com\/@fi\/117213340960036653","error":""},"_links":{"self":[{"href":"https:\/\/www.europesays.com\/fi\/wp-json\/wp\/v2\/posts\/341403","targetHints":{"allow":["GET"]}}],"collection":[{"href":"https:\/\/www.europesays.com\/fi\/wp-json\/wp\/v2\/posts"}],"about":[{"href":"https:\/\/www.europesays.com\/fi\/wp-json\/wp\/v2\/types\/post"}],"author":[{"embeddable":true,"href":"https:\/\/www.europesays.com\/fi\/wp-json\/wp\/v2\/users\/2"}],"replies":[{"embeddable":true,"href":"https:\/\/www.europesays.com\/fi\/wp-json\/wp\/v2\/comments?post=341403"}],"version-history":[{"count":0,"href":"https:\/\/www.europesays.com\/fi\/wp-json\/wp\/v2\/posts\/341403\/revisions"}],"wp:featuredmedia":[{"embeddable":true,"href":"https:\/\/www.europesays.com\/fi\/wp-json\/wp\/v2\/media\/341404"}],"wp:attachment":[{"href":"https:\/\/www.europesays.com\/fi\/wp-json\/wp\/v2\/media?parent=341403"}],"wp:term":[{"taxonomy":"category","embeddable":true,"href":"https:\/\/www.europesays.com\/fi\/wp-json\/wp\/v2\/categories?post=341403"},{"taxonomy":"post_tag","embeddable":true,"href":"https:\/\/www.europesays.com\/fi\/wp-json\/wp\/v2\/tags?post=341403"}],"curies":[{"name":"wp","href":"https:\/\/api.w.org\/{rel}","templated":true}]}}