{"id":341407,"date":"2026-09-04T14:56:15","date_gmt":"2026-09-04T14:56:15","guid":{"rendered":"https:\/\/www.europesays.com\/fi\/341407\/"},"modified":"2026-09-04T14:56:15","modified_gmt":"2026-09-04T14:56:15","slug":"yk-aanestaa-karttojen-uudistamisesta-afrikka-on-todellisuudessa-14-kertaa-gronlantia-suurempi","status":"publish","type":"post","link":"https:\/\/www.europesays.com\/fi\/341407\/","title":{"rendered":"YK \u00e4\u00e4nest\u00e4\u00e4 karttojen uudistamisesta: Afrikka on todellisuudessa 14 kertaa Gr\u00f6nlantia suurempi"},"content":{"rendered":"<p>Ainakin Afrikan maiden odotetaan kannattavan p\u00e4\u00e4t\u00f6slauselmaa.<\/p>\n<p><img decoding=\"async\" src=\"https:\/\/www.europesays.com\/fi\/wp-content\/uploads\/2026\/09\/1788533774_51_468.jpg\" alt=\"YK \u00e4\u00e4nest\u00e4\u00e4 kartoista.\" class=\"_Img_1rerz_1\" style=\"aspect-ratio:1920\/1080\" loading=\"eager\"\/><\/p>\n<p class=\"font-(family-name:--picture-caption-font-family) text-(length:--picture-caption-font-size) leading-(--picture-caption-leading) font-(--picture-caption-font-weight) text-(color:--picture-caption-color)\">YK \u00e4\u00e4nest\u00e4\u00e4 kartoista. Kuva:\u00a0Denis Balibouse \/ Reuters<\/p>\n<p class=\"article-body mb-(--paragraph-margin-b) px-nof-16\">YK:n yleisistunnossa \u00e4\u00e4nestet\u00e4\u00e4n perjantaina p\u00e4\u00e4t\u00f6slauselmasta, jossa suositellaan maailmankartan uudistamista vastaamaan paremmin maapallon maiden todellisia mittasuhteita. Asiasta kertoo <a class=\"underline underline-offset-[0.12em] [text-decoration-thickness:var(--generic-link-underline-thickness)] [text-decoration-color:var(--generic-link-underline-color)] [text-decoration-skip-ink:var(--generic-link-underline-skip-ink)] break-words\" href=\"https:\/\/www.theguardian.com\/world\/2026\/sep\/04\/un-vote-world-map-mercator-equal-earth-africa\" rel=\"nofollow noopener\" target=\"_blank\">The Guardian<\/a>.<\/p>\n<p class=\"article-body mb-(--paragraph-margin-b) px-nof-16\">P\u00e4\u00e4t\u00f6slauselman on laittanut vireille l\u00e4nsiafrikkalainen Togo. Sen mukaan nykyisin laajasti k\u00e4yt\u00f6ss\u00e4 olevasta Mercatorin projektiosta tulisi luopua asteittain.<\/p>\n<p class=\"article-body mb-(--paragraph-margin-b) px-nof-16\">Erityisesti ehdotettu muutos pyrkii korjaamaan sen, ett\u00e4 afrikkalaiset valtiot esitet\u00e4\u00e4n Mercatorin projektiossa pienempin\u00e4 kuin ne todellisuudessa ovat suhteessa globaalin pohjoisen maihin.<\/p>\n<p class=\"article-body mb-(--paragraph-margin-b) px-nof-16\">Koska maapallo on pallo, sen esitt\u00e4minen kaksiulotteisella kartalla ei onnistu ilman kompromisseja. 1500-luvulla kehitetty Mercatorin projektio on hyvin k\u00e4ytt\u00f6kelpoinen esimerkiksi navigoinnissa, mutta se esitt\u00e4\u00e4 napa-alueiden l\u00e4hell\u00e4 sijaitsevat maantieteelliset alueet suhteettoman suurina.<\/p>\n<p><img decoding=\"async\" src=\"https:\/\/www.europesays.com\/fi\/wp-content\/uploads\/2026\/09\/1788533775_970_468.jpg\" alt=\"T\u00e4llainen on nykyisin laajasti k\u00e4yt\u00f6ss\u00e4 oleva Mercatorin projektio.\" class=\"_Img_1rerz_1\" style=\"aspect-ratio:1920\/1418\" loading=\"eager\"\/><\/p>\n<p class=\"font-(family-name:--picture-caption-font-family) text-(length:--picture-caption-font-size) leading-(--picture-caption-leading) font-(--picture-caption-font-weight) text-(color:--picture-caption-color) picture-with-caption__caption picture-with-caption__caption--default-full\">T\u00e4llainen on nykyisin laajasti k\u00e4yt\u00f6ss\u00e4 oleva Mercatorin projektio. Kuva:\u00a0Geordie Bosanko \/ Wikimedia Commons<\/p>\n<p class=\"article-body mb-(--paragraph-margin-b) px-nof-16\">Asiaa on pidetty muun muassa Afrikassa ep\u00e4oikeudenmukaisena. Klassinen esimerkki nykyisten karttojen ep\u00e4t\u00e4sm\u00e4llisyydest\u00e4 on pohjoisessa sijaitsevan Gr\u00f6nlannin koko. Se n\u00e4ytt\u00e4\u00e4 Mercatorin projektiota k\u00e4ytt\u00e4v\u00e4ll\u00e4 kartalla suunnilleen koko Afrikan mantereen kokoiselta.<\/p>\n<p class=\"article-body mb-(--paragraph-margin-b) px-nof-16\">Todellisuudessa Afrikka on noin 14 kertaa Gr\u00f6nlannin kokoinen. Gr\u00f6nlanti on pinta-alaltaan pienempi kuin Algeria tai Kongon demokraattinen tasavalta.<\/p>\n<p class=\"article-body mb-(--paragraph-margin-b) px-nof-16\">Maanosan esitt\u00e4minen ep\u00e4realistisen pienen\u00e4 kartalla on joidenkin tutkijoiden mukaan voinut vaikuttaa siihen, miten globaalissa pohjoisessa suhtaudutaan Afrikan valtioihin.<\/p>\n<p><img decoding=\"async\" src=\"https:\/\/www.europesays.com\/fi\/wp-content\/uploads\/2026\/09\/1788533775_221_468.jpg\" alt=\"T\u00e4llainen on Equal Earth -kartta, jossa maantieteellisten alueiden koot esitet\u00e4\u00e4n oikeasuhtaisemmin.\" class=\"_Img_1rerz_1\" style=\"aspect-ratio:1920\/1021\" loading=\"eager\"\/><\/p>\n<p class=\"font-(family-name:--picture-caption-font-family) text-(length:--picture-caption-font-size) leading-(--picture-caption-leading) font-(--picture-caption-font-weight) text-(color:--picture-caption-color) picture-with-caption__caption picture-with-caption__caption--default-full\">T\u00e4llainen on Equal Earth -kartta, jossa maantieteellisten alueiden koot esitet\u00e4\u00e4n oikeasuhtaisemmin. Kuva:\u00a0equal-earth.com<\/p>\n<p class=\"article-body mb-(--paragraph-margin-b) px-nof-16\">Mercatorin projektion tilalle Togo kannattaa Equal Earth -karttaan pohjautuvaa projektiota. Kyseess\u00e4 on vuonna 2018 kartanpiirt\u00e4jien kansainv\u00e4lisen\u00e4 yhteisty\u00f6n\u00e4 syntynyt karttaprojektio, joka esitt\u00e4\u00e4 valtioiden koot suhteellisesti oikeamman kokoisina.<\/p>\n<p class=\"article-body mb-(--paragraph-margin-b) px-nof-16\">Togon ulkoministerin mukaan Afrikan unionin maat tukevat p\u00e4\u00e4t\u00f6slauselmaa. P\u00e4\u00e4t\u00f6slauselman l\u00e4pimeno vaatii YK:n yleiskokouksessa enemmist\u00f6n \u00e4\u00e4nist\u00e4. J\u00e4senvaltioilla on kullakin yksi \u00e4\u00e4ni.<\/p>\n<p class=\"article-body mb-(--paragraph-margin-b) px-nof-16\">P\u00e4\u00e4t\u00f6slauselma ei ole oikeudellisesti sitova. Sen hyv\u00e4ksyminen voisi kuitenkin johtaa muun muassa kouluissa ja arkip\u00e4iv\u00e4isess\u00e4 teknologiassa k\u00e4ytett\u00e4vien karttojen muuttamiseen, Guardian kertoo.<\/p>\n","protected":false},"excerpt":{"rendered":"Ainakin Afrikan maiden odotetaan kannattavan p\u00e4\u00e4t\u00f6slauselmaa. YK \u00e4\u00e4nest\u00e4\u00e4 kartoista. Kuva:\u00a0Denis Balibouse \/ Reuters YK:n yleisistunnossa \u00e4\u00e4nestet\u00e4\u00e4n perjantaina p\u00e4\u00e4t\u00f6slauselmasta,&hellip;\n","protected":false},"author":2,"featured_media":341408,"comment_status":"","ping_status":"","sticky":false,"template":"","format":"standard","meta":{"footnotes":"","_share_on_mastodon":"0"},"categories":[14],"tags":[157,22,23,26,27,33,31,30,17,24,25,28,29,15,18,21,32,19,20,56,16,59,60,61],"class_list":["post-341407","post","type-post","status-publish","format-standard","has-post-thumbnail","category-ulkomaat","tag-aamulehti","tag-breaking-news","tag-breakingnews","tag-featured-news","tag-featurednews","tag-fi","tag-finland","tag-finnish","tag-headlines","tag-latest-news","tag-latestnews","tag-main-news","tag-mainnews","tag-news","tag-otsikot","tag-paauutiset","tag-suomi","tag-top-stories","tag-topstories","tag-ulkomaat","tag-uutiset","tag-world","tag-world-news","tag-worldnews"],"share_on_mastodon":{"url":"https:\/\/pubeurope.com\/@fi\/117213357391846238","error":""},"_links":{"self":[{"href":"https:\/\/www.europesays.com\/fi\/wp-json\/wp\/v2\/posts\/341407","targetHints":{"allow":["GET"]}}],"collection":[{"href":"https:\/\/www.europesays.com\/fi\/wp-json\/wp\/v2\/posts"}],"about":[{"href":"https:\/\/www.europesays.com\/fi\/wp-json\/wp\/v2\/types\/post"}],"author":[{"embeddable":true,"href":"https:\/\/www.europesays.com\/fi\/wp-json\/wp\/v2\/users\/2"}],"replies":[{"embeddable":true,"href":"https:\/\/www.europesays.com\/fi\/wp-json\/wp\/v2\/comments?post=341407"}],"version-history":[{"count":0,"href":"https:\/\/www.europesays.com\/fi\/wp-json\/wp\/v2\/posts\/341407\/revisions"}],"wp:featuredmedia":[{"embeddable":true,"href":"https:\/\/www.europesays.com\/fi\/wp-json\/wp\/v2\/media\/341408"}],"wp:attachment":[{"href":"https:\/\/www.europesays.com\/fi\/wp-json\/wp\/v2\/media?parent=341407"}],"wp:term":[{"taxonomy":"category","embeddable":true,"href":"https:\/\/www.europesays.com\/fi\/wp-json\/wp\/v2\/categories?post=341407"},{"taxonomy":"post_tag","embeddable":true,"href":"https:\/\/www.europesays.com\/fi\/wp-json\/wp\/v2\/tags?post=341407"}],"curies":[{"name":"wp","href":"https:\/\/api.w.org\/{rel}","templated":true}]}}