{"id":341409,"date":"2026-09-04T14:57:16","date_gmt":"2026-09-04T14:57:16","guid":{"rendered":"https:\/\/www.europesays.com\/fi\/341409\/"},"modified":"2026-09-04T14:57:16","modified_gmt":"2026-09-04T14:57:16","slug":"saunalautta-takavarikoitiin-saunojien-nenan-edesta-helsingin-toolossa","status":"publish","type":"post","link":"https:\/\/www.europesays.com\/fi\/341409\/","title":{"rendered":"Saunalautta takavarikoitiin saunojien nen\u00e4n edest\u00e4 Helsingin T\u00f6\u00f6l\u00f6ss\u00e4"},"content":{"rendered":"<p class=\"article-body mb-(--paragraph-margin-b) px-nof-16\">Perjantaina Helsingin poliisi ilmestyi Taivallahdelle Taka-T\u00f6\u00f6l\u00f6\u00f6n ja varmisti, ett\u00e4 saunalautan takavarikoiminen onnistuu.<\/p>\n<p class=\"article-body mb-(--paragraph-margin-b) px-nof-16\">Kyseess\u00e4 oli saunalautta Soutustadionin rannassa. Saunalautta takavarikoitiin saunojen nen\u00e4n edest\u00e4, l\u00e4hes kesken saunavuoron.<\/p>\n<p class=\"article-body mb-(--paragraph-margin-b) px-nof-16\">Viimeiset kylpij\u00e4t lopettivat l\u00f6ylyttelyn samalla, kun lauttaa alettiin tyhjent\u00e4\u00e4 kylm\u00e4laitteista ja grillist\u00e4.<\/p>\n<p class=\"article-body mb-(--paragraph-margin-b) px-nof-16\">Lautan ja laiturin v\u00e4liss\u00e4 olleita kiinnikkeit\u00e4 sahattiin irti perjantaina iltap\u00e4iv\u00e4ll\u00e4, kun HS oli paikalla.<\/p>\n<p class=\"article-body mb-(--paragraph-margin-b) px-nof-16\">Soutustadionin yritt\u00e4j\u00e4n on ep\u00e4ilty k\u00e4ytt\u00e4neen saunalauttaa ilman lupaa. Kyse on saunalautan ep\u00e4illyst\u00e4 luvattomasta k\u00e4yt\u00f6st\u00e4 ja vahingonteosta, kertoo rikoskomisario, tutkinnanjohtaja <a class=\"font-bold underline-offset-[0.12em] [text-decoration:var(--person-link-text-decoration)] [text-decoration-color:var(--person-link-text-decoration-color)]!\" href=\"https:\/\/www.hs.fi\/haku\/?query=Anssi%20Kauppinen\" rel=\"nofollow noopener\" target=\"_blank\">Anssi Kauppinen<\/a> Helsingin poliisista.<\/p>\n<p class=\"article-body mb-(--paragraph-margin-b) px-nof-16\">\u201dSaunalautan omistaja on tehnyt rikosilmoituksen, ett\u00e4 vuokrasopimus on p\u00e4\u00e4ttynyt eik\u00e4 lauttaa ole palautettu omistajalle\u201d, Kauppinen sanoo<\/p>\n<p class=\"article-body mb-(--paragraph-margin-b) px-nof-16\">Lautan omistajuudesta ei Kauppisen mukaan ole ep\u00e4selvyytt\u00e4. Saunalautan omistaja ei perjantaina vastannut HS:n yhteydenottoihin.<\/p>\n<p class=\"article-body mb-(--paragraph-margin-b) px-nof-16\">Helsingin arvorakennuksiin kuuluvalla Soutustadionilla on ollut isoja talousongelmia. Helsingin kaupunki on vuokrannut alueen yritysten rypp\u00e4\u00e4lle, joka on tehnyt vuokra-aikana muutamassa vuodessa noin puolen miljoonan euron velat.<\/p>\n<p class=\"article-body mb-(--paragraph-margin-b) px-nof-16\">HS kertoi helmikuussa laajassa <a class=\"underline underline-offset-[0.12em] [text-decoration-thickness:var(--generic-link-underline-thickness)] [text-decoration-color:var(--generic-link-underline-color)] [text-decoration-skip-ink:var(--generic-link-underline-skip-ink)] break-words\" href=\"https:\/\/www.hs.fi\/helsinki\/art-2000011733452.html\" rel=\"nofollow noopener\" target=\"_blank\">uutisessa<\/a> talousrikosep\u00e4ilyjen vyyhdist\u00e4 Soutustadionilla.<\/p>\n<p><img decoding=\"async\" src=\"https:\/\/www.europesays.com\/fi\/wp-content\/uploads\/2026\/09\/1788533835_223_468.jpg\" alt=\"Helsingin poliisin edustajat keskustelivat saunalautan pois viemisest\u00e4 paikalla olleen miehen kanssa. Mies ei halunnut kertoa, kuka h\u00e4n on.\" class=\"_Img_1rerz_1\" style=\"aspect-ratio:1920\/1280\" loading=\"eager\"\/><\/p>\n<p class=\"font-(family-name:--picture-caption-font-family) text-(length:--picture-caption-font-size) leading-(--picture-caption-leading) font-(--picture-caption-font-weight) text-(color:--picture-caption-color) picture-with-caption__caption picture-with-caption__caption--default-full\">Helsingin poliisin edustajat keskustelivat saunalautan pois viemisest\u00e4 paikalla olleen miehen kanssa. Mies ei halunnut kertoa, kuka h\u00e4n on. Kuva:\u00a0Sami Kero \/ HS<\/p>\n<p class=\"article-body mb-(--paragraph-margin-b) px-nof-16\">Saunalautan takavarikko on ep\u00e4illyist\u00e4 talousrikoksista erillinen tapaus.<\/p>\n<p class=\"article-body mb-(--paragraph-margin-b) px-nof-16\">Saunalautan varauksia on hoitanut yritt\u00e4j\u00e4 <a class=\"font-bold underline-offset-[0.12em] [text-decoration:var(--person-link-text-decoration)] [text-decoration-color:var(--person-link-text-decoration-color)]!\" href=\"https:\/\/www.hs.fi\/haku\/?query=Jari%20Ylinen\" rel=\"nofollow noopener\" target=\"_blank\">Jari Ylinen<\/a>. H\u00e4n kertoo neuvotelleensa pitkin kes\u00e4\u00e4 vuokralla olleen saunalautan ostamisesta. Kauppahinnasta ei h\u00e4nen mukaansa kuitenkaan p\u00e4\u00e4sty sopuun.<\/p>\n<p class=\"article-body mb-(--paragraph-margin-b) px-nof-16\">\u201dKun emme saaneet yhteisymm\u00e4rryst\u00e4, luovuimme siit\u00e4. Omistaja haki sen pois, ei siin\u00e4 olisi tarvittu poliisia\u201d, Ylinen sanoo.<\/p>\n<p><img decoding=\"async\" src=\"https:\/\/www.europesays.com\/fi\/wp-content\/uploads\/2026\/09\/1788533835_827_468.jpg\" alt=\"Aiemmin talousrikoksista tuomittu yritt\u00e4j\u00e4 Jari Ylinen oli perjantaina paikalla, kun saunalauttaa oltiin viem\u00e4ss\u00e4 Soutustadionilta.\" class=\"_Img_1rerz_1\" style=\"aspect-ratio:1920\/1280\" loading=\"eager\"\/><\/p>\n<p class=\"font-(family-name:--picture-caption-font-family) text-(length:--picture-caption-font-size) leading-(--picture-caption-leading) font-(--picture-caption-font-weight) text-(color:--picture-caption-color) picture-with-caption__caption picture-with-caption__caption--default-full\">Aiemmin talousrikoksista tuomittu yritt\u00e4j\u00e4 Jari Ylinen oli perjantaina paikalla, kun saunalauttaa oltiin viem\u00e4ss\u00e4 Soutustadionilta. Kuva:\u00a0Sami Kero \/ HS<\/p>\n<p class=\"article-body mb-(--paragraph-margin-b) px-nof-16\">Jari Ylinen on osa mutkikasta yritysten verkostoa, joka py\u00f6ritt\u00e4\u00e4 Soutustadionia. Vuokrasopimuksen allekirjoitti kaupungin kanssa <a class=\"font-bold underline-offset-[0.12em] [text-decoration:var(--person-link-text-decoration)] [text-decoration-color:var(--person-link-text-decoration-color)]!\" href=\"https:\/\/www.hs.fi\/haku\/?query=Kaarlo%20Ylinen\" rel=\"nofollow noopener\" target=\"_blank\">Kaarlo Ylinen<\/a>. Todellisuudessa toimintaa on siis johtanut Kaarlo Ylisen veli Jari Ylinen.<\/p>\n<p class=\"article-body mb-(--paragraph-margin-b) px-nof-16\">Saunalautta oli k\u00e4yt\u00f6ss\u00e4 viime hetkeen asti. Viel\u00e4 juuri ennen poliisin saapumista vuorossa oli saunojia.<\/p>\n<p class=\"article-body mb-(--paragraph-margin-b) px-nof-16\">\u201dJoo, mutta oli sovittu, ett\u00e4 heill\u00e4 oli vuoro ennen pois hakua. Heid\u00e4n saunavuoronsa p\u00e4\u00e4ttyi siihen, ett\u00e4 se haettiin pois\u201d, Jari Ylinen sanoo.<\/p>\n<p class=\"article-body mb-(--paragraph-margin-b) px-nof-16\">Miten Soutustadionilla on voitu jatkaa toimintaa, vaikka vireill\u00e4 on ep\u00e4ilty talousrikos ja velkaa on ainakin puolisen miljoonaa euroa?<\/p>\n<p class=\"article-body mb-(--paragraph-margin-b) px-nof-16\">\u201dEn osaa sanoa, ei varmaankaan ole muuttunut tilanne, ei varmaankaan ole tullut lis\u00e4\u00e4 velkaa. On pystytty rahoittamaan toiminta tulovirralla, ja se on tullut normaalista liiketoiminnasta\u201d, Jari Ylinen sanoo.<\/p>\n<p class=\"article-body mb-(--paragraph-margin-b) px-nof-16\">Kummallakin veljeksell\u00e4 on ollut tuoreita talousrikosep\u00e4ilyj\u00e4. Jari Ylinen on aiemmin tuomittu Helsingin hovioikeudessa vuonna 2009 vuodeksi ehdolliseen vankeuteen t\u00f6rke\u00e4st\u00e4 veropetoksesta, t\u00f6rke\u00e4st\u00e4 velallisen ep\u00e4rehellisyydest\u00e4, t\u00f6rke\u00e4st\u00e4 velallisen petoksesta, rekisterimerkint\u00e4rikoksesta ja kirjanpitorikoksesta.<\/p>\n<p class=\"article-body mb-(--paragraph-margin-b) px-nof-16\">Soutustadionin yrityksess\u00e4 ep\u00e4ill\u00e4\u00e4n talousrikoksia. Velallisen ep\u00e4ill\u00e4\u00e4n siirt\u00e4neen yhti\u00f6n liikevaihtoa velkojien ulottuvilta.<\/p>\n<p><img decoding=\"async\" src=\"https:\/\/www.europesays.com\/fi\/wp-content\/uploads\/2026\/09\/1788533836_669_468.jpg\" alt=\"Ennen saunalautan pois viemist\u00e4 sit\u00e4 tyhjennettiin perjantaina Taka-T\u00f6\u00f6l\u00f6ss\u00e4 Taivallahdella.\" class=\"_Img_1rerz_1\" style=\"aspect-ratio:1920\/1280\" loading=\"eager\"\/><\/p>\n<p class=\"font-(family-name:--picture-caption-font-family) text-(length:--picture-caption-font-size) leading-(--picture-caption-leading) font-(--picture-caption-font-weight) text-(color:--picture-caption-color) picture-with-caption__caption picture-with-caption__caption--default-full\">Ennen saunalautan pois viemist\u00e4 sit\u00e4 tyhjennettiin perjantaina Taka-T\u00f6\u00f6l\u00f6ss\u00e4 Taivallahdella. Kuva:\u00a0Sami Kero \/ HS<\/p>\n","protected":false},"excerpt":{"rendered":"Perjantaina Helsingin poliisi ilmestyi Taivallahdelle Taka-T\u00f6\u00f6l\u00f6\u00f6n ja varmisti, ett\u00e4 saunalautan takavarikoiminen onnistuu. Kyseess\u00e4 oli saunalautta Soutustadionin rannassa. Saunalautta&hellip;\n","protected":false},"author":2,"featured_media":341410,"comment_status":"","ping_status":"","sticky":false,"template":"","format":"standard","meta":{"footnotes":"","_share_on_mastodon":"0"},"categories":[12],"tags":[22,23,26,27,33,31,30,17,46,24,25,28,29,15,18,21,32,19,20,16],"class_list":["post-341409","post","type-post","status-publish","format-standard","has-post-thumbnail","category-suomi","tag-breaking-news","tag-breakingnews","tag-featured-news","tag-featurednews","tag-fi","tag-finland","tag-finnish","tag-headlines","tag-helsingin-sanomat","tag-latest-news","tag-latestnews","tag-main-news","tag-mainnews","tag-news","tag-otsikot","tag-paauutiset","tag-suomi","tag-top-stories","tag-topstories","tag-uutiset"],"share_on_mastodon":{"url":"https:\/\/pubeurope.com\/@fi\/117213360831061354","error":""},"_links":{"self":[{"href":"https:\/\/www.europesays.com\/fi\/wp-json\/wp\/v2\/posts\/341409","targetHints":{"allow":["GET"]}}],"collection":[{"href":"https:\/\/www.europesays.com\/fi\/wp-json\/wp\/v2\/posts"}],"about":[{"href":"https:\/\/www.europesays.com\/fi\/wp-json\/wp\/v2\/types\/post"}],"author":[{"embeddable":true,"href":"https:\/\/www.europesays.com\/fi\/wp-json\/wp\/v2\/users\/2"}],"replies":[{"embeddable":true,"href":"https:\/\/www.europesays.com\/fi\/wp-json\/wp\/v2\/comments?post=341409"}],"version-history":[{"count":0,"href":"https:\/\/www.europesays.com\/fi\/wp-json\/wp\/v2\/posts\/341409\/revisions"}],"wp:featuredmedia":[{"embeddable":true,"href":"https:\/\/www.europesays.com\/fi\/wp-json\/wp\/v2\/media\/341410"}],"wp:attachment":[{"href":"https:\/\/www.europesays.com\/fi\/wp-json\/wp\/v2\/media?parent=341409"}],"wp:term":[{"taxonomy":"category","embeddable":true,"href":"https:\/\/www.europesays.com\/fi\/wp-json\/wp\/v2\/categories?post=341409"},{"taxonomy":"post_tag","embeddable":true,"href":"https:\/\/www.europesays.com\/fi\/wp-json\/wp\/v2\/tags?post=341409"}],"curies":[{"name":"wp","href":"https:\/\/api.w.org\/{rel}","templated":true}]}}