{"id":341427,"date":"2026-09-04T15:38:13","date_gmt":"2026-09-04T15:38:13","guid":{"rendered":"https:\/\/www.europesays.com\/fi\/341427\/"},"modified":"2026-09-04T15:38:13","modified_gmt":"2026-09-04T15:38:13","slug":"ridley-scott-kertoo-uudesta-elokuvastaan-the-dog-stars-ja-uransa-jatkosta-katson-erikoishaastattelussa","status":"publish","type":"post","link":"https:\/\/www.europesays.com\/fi\/341427\/","title":{"rendered":"Ridley Scott kertoo uudesta elokuvastaan The Dog Stars ja uransa jatkosta Katson erikoishaastattelussa"},"content":{"rendered":"<p>\n            Ridley Scott. Kuva: AOP<br \/>\n            AOP\n        <\/p>\n<p class=\"subtitle \">Alienin ja Blade Runnerin mestariohjaaja avautuu urastaan Katson erikoishaastattelussa.<\/p>\n<p class=\"article-content article-content-width !bg-background\"> ohjausfilmografia tulvii klassikoita ja kaupallisia hittej\u00e4: Alien \u2013 kahdeksas matkustaja, Blade Runner, Musta sade, Thelma &amp; Louise, 1492, Gladiaattori, Hannibal, Isku Mogadishuun, American Gangster, The Counsellor, Yksin Marsissa.<\/p>\n<p class=\"article-content article-content-width !bg-background\">Nyt Scott on palannut yhteen lempigenreist\u00e4\u00e4n ja ohjannut dystooppisen tieteistrillerin The Dog Stars, joka sijoituu vuoteen 2035. Koronaa muistuttava pandemia on tappanut suurimman osan ihmiskunnasta ja j\u00e4tt\u00e4nyt loput taistelemaan kesken\u00e4\u00e4n ravinnon ja turvallisuuden rippeist\u00e4.<\/p>\n<p class=\"article-content article-content-width !bg-background\">\u2013 Jotkut elokuvan tapahtumista ovat jo todellisuutta. Enk\u00e4 puhu vain koronasta tai ilmastonmuutoksesta, vaan kaikesta muustakin, mist\u00e4 kuulemme jatkuvasti uutisista. Seuraan uutisia joka p\u00e4iv\u00e4, enk\u00e4 voi sanoa olevani optimistinen tulevaisuuden suhteen, Ridley toteaa Katsolle videopuhelun v\u00e4lityksell\u00e4.<\/p>\n<p>        <a itemprop=\"url\" href=\"https:\/\/www.seiska.fi\/katso\/ridley-scott-lataa-suorat-sanat-tarantinon-puheista-taytta-pskaa\/1514907\" rel=\"nofollow noopener\" target=\"_blank\"><\/p>\n<p class=\"section-date\">\n        <strong class=\"article-section\" data-section=\"katso\"><br \/>\n            katso<br \/>\n        <\/strong><br \/>\n        10.11.2024 18:15\n    <\/p>\n<p>Ridley Scott lataa suorat sanat Tarantinon puheista: \u201dT\u00e4ytt\u00e4 p*skaa\u201d\n    <\/p>\n<p itemprop=\"description\" class=\"subtitle \">\n    Marraskuun lopulla 87 t\u00e4ytt\u00e4v\u00e4 ohjaaja on kiireisempi kuin koskaan.\n<\/p>\n<p>        <\/a><\/p>\n<p>Tarina on kaiken perusta<\/p>\n<p class=\"article-content article-content-width !bg-background\">Vaikka The Dog Starsin maailmankuva on synkk\u00e4, on se my\u00f6s viihdytt\u00e4v\u00e4 ja jopa humoristinen kuvaus maailmanlopun armoilla sinnittelevist\u00e4 yksil\u00f6ist\u00e4.<\/p>\n<p class=\"article-content article-content-width !bg-background\">\u2013 Elokuvan tarkoitus ei ole koskaan vain viihdytt\u00e4\u00e4, mutta toisaalta liika synkkyys vieroittaa katsojat. Ellet sitten ohjaa Macbethia, niin huumoria on hyv\u00e4 lis\u00e4t\u00e4 melkein mihin tahansa tarinaan.<\/p>\n<p>                <img decoding=\"async\" src=\"https:\/\/www.europesays.com\/fi\/wp-content\/uploads\/2026\/09\/2244490.webp\" width=\"576\" height=\"274\" title=\"Jacob Elordi elokuvassa The Dog Stars.\" alt=\"Jacob Elordi elokuvassa The Dog Stars\" loading=\"lazy\" \/>            <\/p>\n<p>\n            Jacob Elordi elokuvassa The Dog Stars.<br \/>\n            20th Century Studios\n        <\/p>\n<p class=\"article-content article-content-width !bg-background\">Scottin mukaan tarina on yh\u00e4 t\u00e4rkein osa elokuvaa. Eik\u00e4 mik\u00e4\u00e4n ole yht\u00e4 vaikeaa kuin alkuper\u00e4isen tarinan luominen.<\/p>\n<p class=\"article-content article-content-width !bg-background\">\u2013 En ikin\u00e4 ohjaa mit\u00e4\u00e4n, mink\u00e4 tarina ei puhuttele minua. The Dog Starsin pohjalla oleva kirja her\u00e4tti v\u00e4litt\u00f6m\u00e4sti kiinnostukseni. K\u00e4yt\u00e4n my\u00f6s paljon aikaa tarinoiden kehitt\u00e4miseen eri k\u00e4sikirjoittajien kanssa. Yli 40 vuoden aikana vain kaksi tarinaa ovat puhutelleet minua niin suoraan, ett\u00e4 olin valmis tekem\u00e4\u00e4n ne heti ilman mit\u00e4\u00e4n muutoksia: Alien ja Yksin Marsissa.<\/p>\n<p class=\"article-content article-content-width !bg-background\">Tarinoiden lis\u00e4ksi Scott tunnetaan uskomattoman taitavana visualistina, joka kuvaa monella kameralla yht\u00e4 aikaa.<\/p>\n<p class=\"article-content article-content-width !bg-background\">\u2013 Kuvaus on jokaisen elokuvan runoutta, oli kyseess\u00e4 sitten kauhuelokuva tai komedia. Kaikki on kiinni kamerasta ja miten sit\u00e4 k\u00e4ytet\u00e4\u00e4n. Itse kuvaan yleens\u00e4 kymmenell\u00e4 kameralla yht\u00e4 aikaa. Joskus t\u00e4m\u00e4 her\u00e4tt\u00e4\u00e4 pelkoa n\u00e4yttelij\u00f6iss\u00e4, mutta useimmiten se vain hy\u00f6dytt\u00e4\u00e4 heit\u00e4.<\/p>\n<p>        <a itemprop=\"url\" href=\"https:\/\/www.seiska.fi\/katso\/onko-tassa-uusi-james-bond\/2055361\" rel=\"nofollow noopener\" target=\"_blank\"><\/p>\n<p>\nP\u00f6hin\u00e4 k\u00e4y kuumana\n<\/p>\n<p class=\"section-date\">\n        <strong class=\"article-section\" data-section=\"katso\"><br \/>\n            katso<br \/>\n        <\/strong><br \/>\n        23.1. 15:45\n    <\/p>\n<p>Onko t\u00e4ss\u00e4 uusi James Bond?\n    <\/p>\n<p itemprop=\"description\" class=\"subtitle \">\n    28-vuotias australialainen on paalupaikalla Bond-kisassa.\n<\/p>\n<p>        <\/a><\/p>\n<p>                <img decoding=\"async\" src=\"https:\/\/www.europesays.com\/fi\/wp-content\/uploads\/2026\/09\/115563.webp\" width=\"576\" height=\"274\" alt=\"Kun yksi kamera ei riit\u00e4.\" loading=\"lazy\" \/>            <\/p>\n<p>\n            Kun yksi kamera ei riit\u00e4.<br \/>\n            AOP\n        <\/p>\n<p>Ik\u00e4 on pelkk\u00e4 numero<\/p>\n<p class=\"article-content article-content-width !bg-background\">Scott t\u00e4ytt\u00e4\u00e4 marraskuussa 89 vuotta. Silti uran lopettaminen ei ole k\u00e4ynyt legendaarisella ohjaajalla edes mieless\u00e4.<\/p>\n<p class=\"article-content article-content-width !bg-background\">\u2013 El\u00e4kkeelle j\u00e4\u00e4minen kuulostaa kuolemantuomiolta. En ymm\u00e4rr\u00e4, miksi lopettaisin urani vain i\u00e4n vuoksi. Aion tehd\u00e4 t\u00f6it\u00e4 niin kauan kuin pysyn terveen\u00e4. Terveyden eteen pit\u00e4\u00e4 toki tehd\u00e4 uhrauksia. Poltin aikanaan nelj\u00e4 askia tupakkaa p\u00e4iv\u00e4ss\u00e4, mutta nykyisin tupruttelen en\u00e4\u00e4 sikareita, Scott nauraa.<\/p>\n<p class=\"article-content article-content-width !bg-background\">Scott toteaa olevansa pitk\u00e4ik\u00e4ist\u00e4 sukua ja mainitsee \u00e4itins\u00e4 el\u00e4neen 98-vuotiaaksi.<\/p>\n<p class=\"article-content article-content-width !bg-background\">\u2013 Minulla on viel\u00e4 unelmia saavutettavana. En ole koskaan ohjannut westerni\u00e4, jonka lis\u00e4ksi olen aina halunnut tehd\u00e4 musikaalin. En kuitenkaan mit\u00e4 tahansa, vaan  -tyylisen musikaalin.<\/p>\n<p class=\"article-content article-content-width !bg-background\">Scottin seuraava elokuva ei ole kuitenkaan l\u00e4nkk\u00e4ri tai musikaali, vaan  romaaniklassikkoon pohjaava Aarresaari.<\/p>\n<p class=\"article-content article-content-width !bg-background\">\u2013 Aloitamme kuvaukset marraskuun alussa.  n\u00e4hd\u00e4\u00e4n John Silverin roolissa, jonka lis\u00e4ksi toivon saavani mukaan  sek\u00e4 Adolescence-sarjan , Ridley paljastaa.<\/p>\n<p>        <a itemprop=\"url\" href=\"https:\/\/www.seiska.fi\/katso\/hammentaako-alien-elokuvien-aikajana-nain-avaruushirvio-on-mellastanut-eri-vuosisatoina\/1433458\" rel=\"nofollow noopener\" target=\"_blank\"><\/p>\n<p class=\"section-date\">\n        <strong class=\"article-section\" data-section=\"katso\"><br \/>\n            katso<br \/>\n        <\/strong><br \/>\n        17.8.2024 17:15\n    <\/p>\n<p>H\u00e4mment\u00e4\u00e4k\u00f6 Alien-elokuvien aikajana? N\u00e4in avaruushirvi\u00f6 on mellastanut eri vuosisatoina\n    <\/p>\n<p itemprop=\"description\" class=\"subtitle \">\n    Uusimman Alien: Romulus -leffan j\u00e4lkeen Alien-saaga jatkuu televisiossa.\n<\/p>\n<p>        <\/a><\/p>\n<p>                <img decoding=\"async\" src=\"https:\/\/www.europesays.com\/fi\/wp-content\/uploads\/2026\/09\/1060481.webp\" width=\"576\" height=\"274\" alt=\"Blade Runner sai aikanaan nuivan vastaanoton kriitikoilta.\" loading=\"lazy\" \/>            <\/p>\n<p>\n            Blade Runner sai aikanaan nuivan vastaanoton kriitikoilta.<br \/>\n            Warner Bros.\n        <\/p>\n<p>Kritiikkej\u00e4 ei kannata lukea<\/p>\n<p class=\"article-content article-content-width !bg-background\">Nelj\u00e4sti Oscar-ehdokkaana ollut Scott saa my\u00f6s viimein Oscarin, kun h\u00e4nelle my\u00f6nnet\u00e4\u00e4n marraskuussa elokuva-akatemian kunniapalkinto. Scott sanoo arvostavansa elett\u00e4, mutta toteaa kaupallisen menestyksen ja teostensa pitk\u00e4ik\u00e4isyyden olevan palkintoja t\u00e4rke\u00e4mp\u00e4\u00e4.<\/p>\n<p class=\"article-content article-content-width !bg-background\">Omien elokuviensa kritiikkej\u00e4 h\u00e4n ei edelleenk\u00e4\u00e4n suostu lukemaan.<\/p>\n<p class=\"article-content article-content-width !bg-background\">\u2013 Lopetin sen Blade Runneriin, joka murskattiin aikanaan kriitikoiden toimesta. Pahimman lytt\u00e4yksen kirjoitti The New Yorkerin . Minulla on yh\u00e4 juttu kehystettyn\u00e4 toimistoni sein\u00e4ll\u00e4. Tuolloin tajusin, ettei arvosteluja kannattaa lukea, sill\u00e4 ne sekoittavat vain p\u00e4\u00e4n. Jos ne ovat pelkk\u00e4\u00e4 hehkutusta, luulet olevasi maailman paras, ja jos ne ovat vain haukkuja, niin ne masentavat. Niinp\u00e4 on paras olla lukematta tavuakaan, Scott kiteytt\u00e4\u00e4.<\/p>\n<p>        <a itemprop=\"url\" href=\"https:\/\/www.seiska.fi\/katso\/raised-by-wolves-rikkoo-ja-rakentaa-scifigenren-saantoja-katso-haastatteli-huippusarjan-tahtia-ja-tekijoita\/582957\" rel=\"nofollow noopener\" target=\"_blank\"><\/p>\n<p>\nsuoratoisto\n<\/p>\n<p class=\"section-date\">\n        <strong class=\"article-section\" data-section=\"katso\"><br \/>\n            katso<br \/>\n        <\/strong><br \/>\n        4.2.2022 10:32\n    <\/p>\n<p>Raised by Wolves rikkoo ja rakentaa scifigenren s\u00e4\u00e4nt\u00f6j\u00e4 &#8211; Katso haastatteli huippusarjan t\u00e4hti\u00e4 ja tekij\u00f6it\u00e4\n    <\/p>\n<p>        <\/a><\/p>\n","protected":false},"excerpt":{"rendered":"Ridley Scott. Kuva: AOP AOP Alienin ja Blade Runnerin mestariohjaaja avautuu urastaan Katson erikoishaastattelussa. ohjausfilmografia tulvii klassikoita ja&hellip;\n","protected":false},"author":2,"featured_media":341428,"comment_status":"","ping_status":"","sticky":false,"template":"","format":"standard","meta":{"footnotes":"","_share_on_mastodon":"0"},"categories":[136],"tags":[42089,42088,6069,407,623,137,33,31,30,42087,6580,774,3225,408,30100,13013,3216,32,22119,19821,109,16358],"class_list":["post-341427","post","type-post","status-publish","format-standard","has-post-thumbnail","category-julkkikset","tag-aarresaari","tag-alien-kahdeksas-matkustaja","tag-blade-runner","tag-celebrities","tag-elokuva","tag-entertainment","tag-fi","tag-finland","tag-finnish","tag-gladiaattori","tag-guy-pearce","tag-jacob-elordi","tag-josh-brolin","tag-julkkikset","tag-margaret-qualley","tag-ohjaaja","tag-ridley-scott","tag-suomi","tag-the-dog-stars","tag-thelma-louise","tag-viihde","tag-yksin-marsissa"],"share_on_mastodon":{"url":"https:\/\/pubeurope.com\/@fi\/117213522668864634","error":""},"_links":{"self":[{"href":"https:\/\/www.europesays.com\/fi\/wp-json\/wp\/v2\/posts\/341427","targetHints":{"allow":["GET"]}}],"collection":[{"href":"https:\/\/www.europesays.com\/fi\/wp-json\/wp\/v2\/posts"}],"about":[{"href":"https:\/\/www.europesays.com\/fi\/wp-json\/wp\/v2\/types\/post"}],"author":[{"embeddable":true,"href":"https:\/\/www.europesays.com\/fi\/wp-json\/wp\/v2\/users\/2"}],"replies":[{"embeddable":true,"href":"https:\/\/www.europesays.com\/fi\/wp-json\/wp\/v2\/comments?post=341427"}],"version-history":[{"count":0,"href":"https:\/\/www.europesays.com\/fi\/wp-json\/wp\/v2\/posts\/341427\/revisions"}],"wp:featuredmedia":[{"embeddable":true,"href":"https:\/\/www.europesays.com\/fi\/wp-json\/wp\/v2\/media\/341428"}],"wp:attachment":[{"href":"https:\/\/www.europesays.com\/fi\/wp-json\/wp\/v2\/media?parent=341427"}],"wp:term":[{"taxonomy":"category","embeddable":true,"href":"https:\/\/www.europesays.com\/fi\/wp-json\/wp\/v2\/categories?post=341427"},{"taxonomy":"post_tag","embeddable":true,"href":"https:\/\/www.europesays.com\/fi\/wp-json\/wp\/v2\/tags?post=341427"}],"curies":[{"name":"wp","href":"https:\/\/api.w.org\/{rel}","templated":true}]}}