{"id":341431,"date":"2026-09-04T15:45:13","date_gmt":"2026-09-04T15:45:13","guid":{"rendered":"https:\/\/www.europesays.com\/fi\/341431\/"},"modified":"2026-09-04T15:45:13","modified_gmt":"2026-09-04T15:45:13","slug":"kaduttaa-tomas-wikblom-kavelee-800-kilometria-inarista-kotiin-koska-hanen-poikansa-havisi-hiihtokilpailussa-urheilu","status":"publish","type":"post","link":"https:\/\/www.europesays.com\/fi\/341431\/","title":{"rendered":"\u201dKaduttaa\u201d \u2013 Tomas Wikblom k\u00e4velee 800 kilometri\u00e4 Inarista kotiin, koska h\u00e4nen poikansa h\u00e4visi hiihto\u00adkilpailussa | Urheilu"},"content":{"rendered":"<p class=\"aw__sc-1qwuw0s-0 aw__sc-1vg2sqm-0 epAWpq ecELkD yle__article__paragraph\">Uusikaarle\u00adpyyl\u00e4inen, IF Minkenin vara\u00adpuheen\u00adjohtaja l\u00f6i vetoa, ettei heid\u00e4n viesti\u00adjoukkueensa h\u00e4vi\u00e4 Inarin SM-hiihdoissa paikalliselle joukkueelle.<\/p>\n<p>Tomas Wikblom maksaa vedonly\u00f6ntivelkaansa k\u00e4velem\u00e4ll\u00e4 Inarista Uuteenkaarlepyyhyn. Video: Sanna Hirvonen \/ Yle ja Juuso Stoor \/ Yle.<\/p>\n<p>17:24\u2022P\u00e4ivitetty 17:52<\/p>\n<p class=\"aw__sc-1qwuw0s-0 aw__sc-ngllmo-0 epAWpq fzYpjk yle__article__paragraph\">Perjantaina Nelostien vartta Inarissa asteli aavistuksen \u00e4rtyneen oloinen mies. Takana oli k\u00e4vely\u00e4 18 kilometrin verran ja edess\u00e4 satoja kilometrej\u00e4.<\/p>\n<p class=\"aw__sc-1qwuw0s-0 aw__sc-ngllmo-0 epAWpq fzYpjk yle__article__paragraph\">\u2013 Kaduttaa. En en\u00e4\u00e4 koskaan ly\u00f6 vetoa, <strong class=\"aw__sc-ngllmo-2 gdRrun yle__article__strong\">Tomas Wikblom<\/strong> toteaa.<\/p>\n<p class=\"aw__sc-1qwuw0s-0 aw__sc-ngllmo-0 epAWpq fzYpjk yle__article__paragraph\">Karu k\u00e4velyurakka juontaa juurensa kev\u00e4\u00e4n maastohiihdon SM-kisoihin Inariin. Inarin Yrityksen ja IF Minkenin pomot sopivat k\u00e4ttelem\u00e4ll\u00e4 vedosta, jossa panoksena oli 800 kilometrin k\u00e4vely Inarista Uuteenkaarlepyyhyn.<\/p>\n<p class=\"aw__sc-1qwuw0s-0 aw__sc-ngllmo-0 epAWpq fzYpjk yle__article__paragraph\">Vedon lunastaja Tomas Wikblom on IF Minkenin hiiht\u00e4j\u00e4n <strong class=\"aw__sc-ngllmo-2 gdRrun yle__article__strong\">Melker Wikblomin<\/strong> is\u00e4.<\/p>\n<p class=\"aw__sc-1qwuw0s-0 aw__sc-ngllmo-0 epAWpq fzYpjk yle__article__paragraph\">H\u00e4n tuli luvanneeksi Inarin Yrityksen puuhamiehelle <strong class=\"aw__sc-ngllmo-2 gdRrun yle__article__strong\">Kari Kyr\u00f6lle<\/strong>, ett\u00e4 k\u00e4velee Inarista Uuteenkaarlepyyhyn, jos IF Minken h\u00e4vi\u00e4\u00e4 viestiss\u00e4 Inarin Yritykselle.<\/p>\n<p><img decoding=\"async\" alt=\"Mies urheiluvarusteissa hymyilee.\" src=\"https:\/\/www.europesays.com\/fi\/wp-content\/uploads\/2026\/09\/1788517791.jpeg\" loading=\"lazy\" class=\"aw__sc-dklauk-0 LPzKX\"\/><\/p>\n<p>Avaa kuvien katselu<\/p>\n<p>Tomas Wikblom p\u00e4\u00e4tti lunastaa lupauksensa ja aloitti pitk\u00e4n urakkansa perjantaina 4.9. klo 9 aamulla. Kuva: Sanna Hirvonen \/ Yle<\/p>\n<p class=\"aw__sc-1qwuw0s-0 aw__sc-ngllmo-0 epAWpq fzYpjk yle__article__paragraph\">Inarin Yritys oli lopulta viestiss\u00e4 nelj\u00e4s ja IF Minken kuudes. IF Minkenin ankkuri oli Melker Wikblom.<\/p>\n<p class=\"aw__sc-1qwuw0s-0 aw__sc-ngllmo-0 epAWpq fzYpjk yle__article__paragraph\">\u2013 Olin varma, ett\u00e4 voitan vedon, mutta niin ei k\u00e4ynyt, Tomas Wikblom sanoo.<\/p>\n<p class=\"aw__sc-1qwuw0s-0 aw__sc-ngllmo-0 epAWpq fzYpjk yle__article__paragraph\">Mutta vetoaan h\u00e4n ei perunut. K\u00e4velyurakka Uuteenkaarlepyyhyn kest\u00e4\u00e4 nyt noin 11\u201314 p\u00e4iv\u00e4\u00e4, jos kaikki menee hyvin.<\/p>\n<p class=\"aw__sc-1qwuw0s-0 aw__sc-ngllmo-0 epAWpq fzYpjk yle__article__paragraph\">\u2013 Kerta kaikkiaan huikea kaveri. Ei ollut ep\u00e4ilyst\u00e4k\u00e4\u00e4n, etteik\u00f6 h\u00e4n olisi matkaan l\u00e4htenyt, huikkaa Inarin Yrityksen Kari Kyr\u00f6.<\/p>\n<p class=\"aw__sc-1qwuw0s-0 aw__sc-ngllmo-0 epAWpq fzYpjk yle__article__paragraph\">Kotimaisen hiihdon lumikausi alkaa loka-marraskuun vaihteessa Vuokatissa Suomen cupin osakilpailulla.<\/p>\n<p class=\"aw__sc-1qwuw0s-0 aw__sc-ngllmo-0 epAWpq fzYpjk yle__article__paragraph\">Wikblom naurahtaa ja lupaa, ett\u00e4 siihen menness\u00e4 800 kilometrin k\u00e4velyurakka on ohi.<\/p>\n<p class=\"aw__sc-1qwuw0s-0 aw__sc-ngllmo-0 epAWpq fzYpjk yle__article__paragraph\"><strong class=\"aw__sc-ngllmo-2 gdRrun yle__article__strong\">Kari Kyr\u00f6 ja Tomas Wikblom l\u00f6iv\u00e4t vetoa kev\u00e4\u00e4n SM-hiihdoissa. Toimittaja Riku Salminen haastattelee:<\/strong><\/p>\n","protected":false},"excerpt":{"rendered":"Uusikaarle\u00adpyyl\u00e4inen, IF Minkenin vara\u00adpuheen\u00adjohtaja l\u00f6i vetoa, ettei heid\u00e4n viesti\u00adjoukkueensa h\u00e4vi\u00e4 Inarin SM-hiihdoissa paikalliselle joukkueelle. Tomas Wikblom maksaa vedonly\u00f6ntivelkaansa&hellip;\n","protected":false},"author":2,"featured_media":341432,"comment_status":"","ping_status":"","sticky":false,"template":"","format":"standard","meta":{"footnotes":"","_share_on_mastodon":"0"},"categories":[158],"tags":[33,31,30,2095,2096,10185,12115,42090,451,667,449,159,32,160,4846,6328,27152],"class_list":["post-341431","post","type-post","status-publish","format-standard","has-post-thumbnail","category-urheilu","tag-fi","tag-finland","tag-finnish","tag-hiihto","tag-hiihtolajit","tag-inari","tag-kavely","tag-kavelyreitit","tag-keski-pohjanmaa","tag-lappi","tag-pohjanmaa","tag-sports","tag-suomi","tag-urheilu","tag-urheilujohtajat","tag-uusikaarlepyy","tag-vedonlyonti"],"share_on_mastodon":{"url":"https:\/\/pubeurope.com\/@fi\/117213549915303685","error":""},"_links":{"self":[{"href":"https:\/\/www.europesays.com\/fi\/wp-json\/wp\/v2\/posts\/341431","targetHints":{"allow":["GET"]}}],"collection":[{"href":"https:\/\/www.europesays.com\/fi\/wp-json\/wp\/v2\/posts"}],"about":[{"href":"https:\/\/www.europesays.com\/fi\/wp-json\/wp\/v2\/types\/post"}],"author":[{"embeddable":true,"href":"https:\/\/www.europesays.com\/fi\/wp-json\/wp\/v2\/users\/2"}],"replies":[{"embeddable":true,"href":"https:\/\/www.europesays.com\/fi\/wp-json\/wp\/v2\/comments?post=341431"}],"version-history":[{"count":0,"href":"https:\/\/www.europesays.com\/fi\/wp-json\/wp\/v2\/posts\/341431\/revisions"}],"wp:featuredmedia":[{"embeddable":true,"href":"https:\/\/www.europesays.com\/fi\/wp-json\/wp\/v2\/media\/341432"}],"wp:attachment":[{"href":"https:\/\/www.europesays.com\/fi\/wp-json\/wp\/v2\/media?parent=341431"}],"wp:term":[{"taxonomy":"category","embeddable":true,"href":"https:\/\/www.europesays.com\/fi\/wp-json\/wp\/v2\/categories?post=341431"},{"taxonomy":"post_tag","embeddable":true,"href":"https:\/\/www.europesays.com\/fi\/wp-json\/wp\/v2\/tags?post=341431"}],"curies":[{"name":"wp","href":"https:\/\/api.w.org\/{rel}","templated":true}]}}