{"id":341443,"date":"2026-09-04T16:07:17","date_gmt":"2026-09-04T16:07:17","guid":{"rendered":"https:\/\/www.europesays.com\/fi\/341443\/"},"modified":"2026-09-04T16:07:17","modified_gmt":"2026-09-04T16:07:17","slug":"masked-singer-suomi-tallaisia-ovat-uudet-hahmot","status":"publish","type":"post","link":"https:\/\/www.europesays.com\/fi\/341443\/","title":{"rendered":"Masked Singer Suomi: T\u00e4llaisia ovat uudet hahmot"},"content":{"rendered":"<p>\n            Masked Singer Suomi, 8. kausi, 2026.<br \/>\n            MTV\n        <\/p>\n<p class=\"subtitle \">Masked Singer Suomi saa laulaja Krista Siegfridsist\u00e4 uuden etsiv\u00e4n.<\/p>\n<p class=\"article-content article-content-width !bg-background\">Masked Singer Suomen kahdeksas kausi starttaa lauantaina 3. lokakuuta MTV3:lla.<\/p>\n<p class=\"font-weight-bold m-font-weight-bold article-content article-content-width !bg-background\">Videolla Hetki ennen valoa -leffan t\u00e4hdet kertovat, mik\u00e4 on n\u00e4yttelij\u00e4n t\u00e4rkein ty\u00f6kalu.<\/p>\n<p class=\"article-content article-content-width !bg-background\">Vakietsiv\u00e4t  ja  saavat rinnalleen uuden kollegan, kun laulaja  liittyy riemukkaaseen joukkoon.<\/p>\n<p>        <a itemprop=\"url\" href=\"https:\/\/www.seiska.fi\/katso\/benjamin-peltonen-haluaa-seurata-antti-tuiskun-jalanjalkia-ehka-minakin-voin-nelikymppisena\/1431457\" rel=\"nofollow noopener\" target=\"_blank\"><\/p>\n<p class=\"section-date\">\n        <strong class=\"article-section\" data-section=\"katso\"><br \/>\n            katso<br \/>\n        <\/strong><br \/>\n        16.8.2024 08:15\n    <\/p>\n<p>Benjamin Peltonen haluaa seurata Antti Tuiskun jalanj\u00e4lki\u00e4: &#8221;Ehk\u00e4 min\u00e4kin voin nelikymppisen\u00e4&#8230;&#8221;\n    <\/p>\n<p itemprop=\"description\" class=\"subtitle \">\n    Televisiomaailmaan hyppyj\u00e4 tehnyt Benjamin aikoo keskitty\u00e4 musiikkiuraansa.\n<\/p>\n<p>        <\/a><\/p>\n<p class=\"article-content article-content-width !bg-background\">Kristalla on aiempaakin kokemusta koko perheen suosikkiohjelmasta: h\u00e4n nousi Masked Singer -lavalle sarjan toisella kaudella Taikahattuna.<\/p>\n<p>                <img decoding=\"async\" src=\"https:\/\/www.europesays.com\/fi\/wp-content\/uploads\/2026\/09\/2253551.webp\" width=\"576\" height=\"269\" alt=\"T\u00e4m\u00e4 kolmikko arvailee maskin takana esiintyvi\u00e4 julkkiksia sarjan kahdeksannella kaudella.\" loading=\"lazy\" \/>            <\/p>\n<p>\n            T\u00e4m\u00e4 kolmikko arvailee maskin takana esiintyvi\u00e4 julkkiksia sarjan kahdeksannella kaudella.<br \/>\n            MTV\n        <\/p>\n<p class=\"article-content article-content-width !bg-background\">Jokaisessa jaksossa n\u00e4hd\u00e4\u00e4n tuttuun tapaan vieraileva etsiv\u00e4, jotka t\u00e4ll\u00e4 kaudella ovat , , , , , , ,  , ,  ja .<\/p>\n<p class=\"article-content article-content-width !bg-background\">Pelastakaa Lasten joulu -jaksossa katsojia viihdytt\u00e4v\u00e4t kolme t\u00e4ysin uutta hahmoa Joulupukki, Hyasintti ja Joulupallo. Etsiv\u00e4p\u00f6yd\u00e4n taakse erikoisjaksossa istuu .<\/p>\n<p>Molli\u00a0<\/p>\n<p>                <img decoding=\"async\" src=\"https:\/\/www.europesays.com\/fi\/wp-content\/uploads\/2026\/09\/2253660.webp\" width=\"576\" height=\"720\" title=\"Masked Singer Suomen paluu: Uudet hahmot esitt\u00e4ytyv\u00e4t\" alt=\"Molli poseeraa.\" loading=\"lazy\" \/>            <\/p>\n<p>            MTV\n        <\/p>\n<p class=\"article-content article-content-width !bg-background\">Melankolisesta Mollista kuoriutuu parrasvaloissa rokkienergiaa pursuava ilottelija, jonka karisma hurmaa yleis\u00f6n.\u00a0<\/p>\n<p class=\"article-content article-content-width !bg-background\">Lavojen ulkopuolella t\u00e4m\u00e4 mystinen olento hakeutuu varjoihin.<\/p>\n<p>Kuoriainen<\/p>\n<p>                <img decoding=\"async\" src=\"https:\/\/www.europesays.com\/fi\/wp-content\/uploads\/2026\/09\/2253553.webp\" width=\"576\" height=\"720\" alt=\"Masked Singer Suomen paluu: Uudet hahmot esitt\u00e4ytyv\u00e4t\" loading=\"lazy\" \/>            <\/p>\n<p>            MTV\n        <\/p>\n<p class=\"article-content article-content-width !bg-background\">Metallinhohtoinen Kuoriainen on kehno lent\u00e4j\u00e4 mutta loistava tunteiden tulkki lavalla.<\/p>\n<p class=\"article-content article-content-width !bg-background\">Kuorensa piiloissa viihtyv\u00e4 \u00f6t\u00f6kk\u00e4 pudottaa suojapanssarinsa yleis\u00f6n edess\u00e4.<\/p>\n<p>Poppari\u00a0<\/p>\n<p>                <img decoding=\"async\" src=\"https:\/\/www.europesays.com\/fi\/wp-content\/uploads\/2026\/09\/2253575.webp\" width=\"576\" height=\"720\" alt=\"Masked Singer Suomen paluu: Uudet hahmot esitt\u00e4ytyv\u00e4t\" loading=\"lazy\" \/>            <\/p>\n<p>            MTV\n        <\/p>\n<p class=\"article-content article-content-width !bg-background\">Poppari on tullut voittamaan!<\/p>\n<p>        <a itemprop=\"url\" href=\"https:\/\/www.seiska.fi\/katso\/janne-kataja-arvaa-masked-singer-suomessa-aina-samaa-nimea-nyt-olemme-lahempana-kuin-koskaan\/197890\" rel=\"nofollow noopener\" target=\"_blank\"><\/p>\n<p>\nhaastattelu\n<\/p>\n<p class=\"section-date\">\n        <strong class=\"article-section\" data-section=\"katso\"><br \/>\n            katso<br \/>\n        <\/strong><br \/>\n        12.8.2022 20:15\n    <\/p>\n<p>Janne Kataja arvaa Masked Singer Suomessa aina samaa nime\u00e4: &#8221;Nyt olemme l\u00e4hemp\u00e4n\u00e4 kuin koskaan&#8221;\n    <\/p>\n<p>        <\/a><\/p>\n<p class=\"article-content article-content-width !bg-background\">Korkealla ty\u00f6moraalilla ja voimakkaalla kilpailuvietill\u00e4 varustettu hahmo yll\u00e4tt\u00e4\u00e4 etsiv\u00e4t ja katsojat suut loksauttavilla biisivalinnoillaan.<\/p>\n<p>Hurja Mangusti<\/p>\n<p>                <img decoding=\"async\" src=\"https:\/\/www.europesays.com\/fi\/wp-content\/uploads\/2026\/09\/2253583.webp\" width=\"576\" height=\"720\" alt=\"Masked Singer Suomen paluu: Uudet hahmot esitt\u00e4ytyv\u00e4t\" loading=\"lazy\" \/>            <\/p>\n<p>            MTV\n        <\/p>\n<p class=\"article-content article-content-width !bg-background\">Hurja Mangusti on ylpe\u00e4 ainutlaatuisuudestaan maailman ainoana pinkkin\u00e4 mangustina.<\/p>\n<p class=\"article-content article-content-width !bg-background\">Masked Singeriss\u00e4 suloinen olento sel\u00e4tt\u00e4\u00e4 pelkonsa ja nousee lavalle esiintymisj\u00e4nnityksest\u00e4 huolimatta ja nauttii spottivalojen s\u00e4ihkeest\u00e4.<\/p>\n<p>Dingo<\/p>\n<p>                <img decoding=\"async\" src=\"https:\/\/www.europesays.com\/fi\/wp-content\/uploads\/2026\/09\/2253558.webp\" width=\"576\" height=\"720\" alt=\"Masked Singer Suomen paluu: Uudet hahmot esitt\u00e4ytyv\u00e4t\" loading=\"lazy\" \/>            <\/p>\n<p>            MTV\n        <\/p>\n<p class=\"article-content article-content-width !bg-background\">Pitk\u00e4n uran tehnyt viihdet\u00e4hti Dingo olisi valmis vaihtamaan kiertue-el\u00e4m\u00e4n oloneuvoksen vapauteen etel\u00e4n auringossa.<\/p>\n<p class=\"article-content article-content-width !bg-background\">Mutta mink\u00e4s Dingo luonnolleen mahtaa. Esiintyminen on h\u00e4nen veress\u00e4\u00e4n ja yleis\u00f6n eteen on p\u00e4\u00e4st\u00e4v\u00e4.<\/p>\n<p>R\u00e4synukke\u00a0<\/p>\n<p>                <img decoding=\"async\" src=\"https:\/\/www.europesays.com\/fi\/wp-content\/uploads\/2026\/09\/2253556.webp\" width=\"576\" height=\"720\" alt=\"Masked Singer Suomen paluu: Uudet hahmot esitt\u00e4ytyv\u00e4t\" loading=\"lazy\" \/>            <\/p>\n<p>            MTV\n        <\/p>\n<p class=\"article-content article-content-width !bg-background\">Hieman nuhraantuneen R\u00e4synuken viehke\u00e4n hymyn, suurten silmien ja pehmoisen olemuksen taakse k\u00e4tkeytyy rouhea esiintyj\u00e4, jonka tuttu \u00e4\u00e4ni vie etsij\u00f6ilt\u00e4 y\u00f6unet.<\/p>\n<p>AI\u00a0<\/p>\n<p>                <img decoding=\"async\" src=\"https:\/\/www.europesays.com\/fi\/wp-content\/uploads\/2026\/09\/2253669.webp\" width=\"576\" height=\"720\" title=\"Masked Singer Suomen paluu: Uudet hahmot esitt\u00e4ytyv\u00e4t\" alt=\"AI poseeraa.\" loading=\"lazy\" \/>            <\/p>\n<p>            MTV\n        <\/p>\n<p class=\"article-content article-content-width !bg-background\">Teko\u00e4ly AI on kylm\u00e4n looginen, avulias ja ratkaisukeskeinen toimija.<\/p>\n<p>        <a itemprop=\"url\" href=\"https:\/\/www.seiska.fi\/katso\/ile-uusivuori-muistelee-hammentavaa-tapaamista-idolinsa-kanssa-masked-singerissa-olin-hanen-haarojensa-valissa-saksien-kanssa\/198884\" rel=\"nofollow noopener\" target=\"_blank\"><\/p>\n<p>\nhaastattelu\n<\/p>\n<p class=\"section-date\">\n        <strong class=\"article-section\" data-section=\"katso\"><br \/>\n            katso<br \/>\n        <\/strong><br \/>\n        26.7.2022 08:15\n    <\/p>\n<p>Ile Uusivuori muistelee h\u00e4mment\u00e4v\u00e4\u00e4 tapaamista idolinsa kanssa Masked Singeriss\u00e4: \u201dOlin h\u00e4nen haarojensa v\u00e4liss\u00e4 saksien kanssa\u201d\n    <\/p>\n<p>        <\/a><\/p>\n<p class=\"article-content article-content-width !bg-background\">Kilpailun teknologian edustaja jaksaa silti uskoa aitouteen ja siihen, ettei ihminen ole korvattavissa.<\/p>\n<p>Etsiv\u00e4<\/p>\n<p>                <img decoding=\"async\" src=\"https:\/\/www.europesays.com\/fi\/wp-content\/uploads\/2026\/09\/2253573.webp\" width=\"576\" height=\"720\" alt=\"Masked Singer Suomen paluu: Uudet hahmot esitt\u00e4ytyv\u00e4t\" loading=\"lazy\" \/>            <\/p>\n<p>            MTV\n        <\/p>\n<p class=\"article-content article-content-width !bg-background\">Masked Singerin tarkkanen\u00e4isin kisaaja on Etsiv\u00e4, joka on aina hyvien ihmisten puolella.<\/p>\n<p class=\"article-content article-content-width !bg-background\">H\u00e4n nuuskija, jonka utelias luonne vie ratkaisujen ja tiedon l\u00f6yt\u00e4misen \u00e4\u00e4relle.<\/p>\n<p>Myrsky<\/p>\n<p>                <img decoding=\"async\" src=\"https:\/\/www.europesays.com\/fi\/wp-content\/uploads\/2026\/09\/2253579.webp\" width=\"576\" height=\"720\" alt=\"Masked Singer Suomen paluu: Uudet hahmot esitt\u00e4ytyv\u00e4t\" loading=\"lazy\" \/>            <\/p>\n<p>            MTV\n        <\/p>\n<p class=\"article-content article-content-width !bg-background\">Kujeileva mutta niin rakastettava Myrsky kammoaa tyls\u00e4\u00e4 el\u00e4m\u00e4\u00e4. H\u00e4n nauttii toiminnasta ja vilskeest\u00e4, joita h\u00e4n tuo mukanaan my\u00f6s Masked Singer -lavalle.<\/p>\n<p>Talkkari\u00a0<\/p>\n<p>                <img decoding=\"async\" src=\"https:\/\/www.europesays.com\/fi\/wp-content\/uploads\/2026\/09\/2253562.webp\" width=\"576\" height=\"720\" alt=\"Masked Singer Suomen paluu: Uudet hahmot esitt\u00e4ytyv\u00e4t\" loading=\"lazy\" \/>            <\/p>\n<p>            MTV\n        <\/p>\n<p class=\"article-content article-content-width !bg-background\">Talkkari on Salkkareiden Seppo Taalasmaan ykk\u00f6sfani ja tuo mieleen idolinsa siin\u00e4 m\u00e4\u00e4rin, ett\u00e4 etsiv\u00e4t alkavat ep\u00e4ill\u00e4 maskin taakse piiloutuneen telkkarista tutun Salkkari-hahmon.<\/p>\n<p>Opossumi<\/p>\n<p>                <img decoding=\"async\" src=\"https:\/\/www.europesays.com\/fi\/wp-content\/uploads\/2026\/09\/2253570.webp\" width=\"576\" height=\"720\" alt=\"Masked Singer Suomen paluu: Uudet hahmot esitt\u00e4ytyv\u00e4t\" loading=\"lazy\" \/>            <\/p>\n<p>            MTV\n        <\/p>\n<p class=\"article-content article-content-width !bg-background\">Rento ja syd\u00e4mellinen Opossumi tonkii mielell\u00e4\u00e4n kirpputoreja ja roskiksia uusien aarteiden toivossa.<\/p>\n<p>        <a itemprop=\"url\" href=\"https:\/\/www.seiska.fi\/katso\/jenni-poikelus-erehtyi-masked-singer-suomi-ohjelman-kulisseissa-maria-veitola-ja-janne-kataja-antoivat-tarkean-opin\/1129544\" rel=\"nofollow noopener\" target=\"_blank\"><\/p>\n<p class=\"section-date\">\n        <strong class=\"article-section\" data-section=\"katso\"><br \/>\n            katso<br \/>\n        <\/strong><br \/>\n        9.9.2023 13:15\n    <\/p>\n<p>Jenni Poikelus erehtyi Masked Singer Suomi -ohjelman kulisseissa &#8211; Maria Veitola ja Janne Kataja antoivat t\u00e4rke\u00e4n opin\n    <\/p>\n<p itemprop=\"description\" class=\"subtitle \">\n    Radiotoimittaja Jenni Poikelus oppi Masked Singer Suomi -kollegoiltaan, milloin ei ole oikea aika l\u00f6rp\u00f6tell\u00e4.\n<\/p>\n<p>        <\/a><\/p>\n<p class=\"article-content article-content-width !bg-background\">Mukanaan t\u00e4ll\u00e4 syd\u00e4met sulattavalla otuksella on omat turvajoukkonsa, puvun sopukoissa majailevat pikkuopossumit.<\/p>\n<p>Keiju<\/p>\n<p>                <img decoding=\"async\" src=\"https:\/\/www.europesays.com\/fi\/wp-content\/uploads\/2026\/09\/2253568.webp\" width=\"576\" height=\"720\" alt=\"Masked Singer Suomen paluu: Uudet hahmot esitt\u00e4ytyv\u00e4t\" loading=\"lazy\" \/>            <\/p>\n<p>            MTV\n        <\/p>\n<p class=\"article-content article-content-width !bg-background\">Keijun ymp\u00e4rill\u00e4 leijuu taikap\u00f6ly\u00e4 ja magiaa, ja taikasauvallaan h\u00e4n loihtii laiskottelustakin taidetta.<\/p>\n<p class=\"article-content article-content-width !bg-background\">S\u00f6p\u00f6yden taakse k\u00e4tkeytyy rohkea ja maaginen olento, jolla on asennetta.<\/p>\n<p>Faarao<\/p>\n<p>                <img decoding=\"async\" src=\"https:\/\/www.europesays.com\/fi\/wp-content\/uploads\/2026\/09\/2253581.webp\" width=\"576\" height=\"720\" alt=\"Masked Singer Suomen paluu: Uudet hahmot esitt\u00e4ytyv\u00e4t\" loading=\"lazy\" \/>            <\/p>\n<p>            MTV\n        <\/p>\n<p class=\"article-content article-content-width !bg-background\">Valtakunnan velvoitteita harteillaan kantava Faarao heitt\u00e4\u00e4 vastuut sivuun ja ottaa ilon irti Masked Singer -yleis\u00f6n edess\u00e4.<\/p>\n<p class=\"article-content article-content-width !bg-background\">Ja t\u00e4m\u00e4 karskean karismaattinen hahmo osaa huvitella ja irrotella.<\/p>\n<p>Vappu\u00a0<\/p>\n<p>                <img decoding=\"async\" src=\"https:\/\/www.europesays.com\/fi\/wp-content\/uploads\/2026\/09\/2253560.webp\" width=\"576\" height=\"720\" alt=\"Masked Singer Suomen paluu: Uudet hahmot esitt\u00e4ytyv\u00e4t\" loading=\"lazy\" \/>            <\/p>\n<p>            MTV\n        <\/p>\n<p class=\"article-content article-content-width !bg-background\">Ikuista karnevaalitunnelmaa el\u00e4v\u00e4 Vappu juhlii kev\u00e4\u00e4n juhlaa vuoden ymp\u00e4ri.<\/p>\n<p class=\"article-content article-content-width !bg-background\">El\u00e4m\u00e4niloa kupliva Vappu tuo Masked Singer -studioon kev\u00e4tauringon syksyn pimeyteen.<\/p>\n<p class=\"italic m-italic article-content article-content-width !bg-background\">Masked Singer Suomi alkaa lauantaina 3. lokakuuta klo 19.30 MTV3:lla sek\u00e4 MTV Katsomossa.\u00a0<\/p>\n<p>        <a itemprop=\"url\" href=\"https:\/\/www.seiska.fi\/katso\/harvinaista-materiaalia-julki-talta-nayttaa-masked-singer-hahmon-sisalla\/1496369\" rel=\"nofollow noopener\" target=\"_blank\"><\/p>\n<p class=\"section-date\">\n        <strong class=\"article-section\" data-section=\"katso\"><br \/>\n            katso<br \/>\n        <\/strong><br \/>\n        22.10.2024 16:15\n    <\/p>\n<p>Harvinaista materiaalia julki! T\u00e4lt\u00e4 n\u00e4ytt\u00e4\u00e4 Masked Singer -hahmon sis\u00e4ll\u00e4\n    <\/p>\n<p itemprop=\"description\" class=\"subtitle \">\n    Kilpailija julkaisi mielenkiintoisen videon.\n<\/p>\n<p>        <\/a><\/p>\n","protected":false},"excerpt":{"rendered":"Masked Singer Suomi, 8. kausi, 2026. MTV Masked Singer Suomi saa laulaja Krista Siegfridsist\u00e4 uuden etsiv\u00e4n. Masked Singer&hellip;\n","protected":false},"author":2,"featured_media":341444,"comment_status":"","ping_status":"","sticky":false,"template":"","format":"standard","meta":{"footnotes":"","_share_on_mastodon":"0"},"categories":[133],"tags":[42099,432,10020,2859,3717,8898,14272,1125,137,42098,42097,33,31,30,2857,42096,16091,2366,42094,20305,42093,2833,2429,1876,42092,905,11185,3669,42091,8657,5508,6347,9215,5457,32,42095,206,156,7311,109],"class_list":["post-341443","post","type-post","status-publish","format-standard","has-post-thumbnail","category-televisiot","tag-8-kausi","tag-ai","tag-arja-koriseva","tag-benjamin","tag-bess","tag-cristal-snow","tag-dingo","tag-ellen-jokikunnas","tag-entertainment","tag-etsiva","tag-faarao","tag-fi","tag-finland","tag-finnish","tag-hahmo","tag-hurja-mangusti","tag-jaakko-parkkali","tag-janne-kataja","tag-keiju","tag-krista-siegfrids","tag-kuoriainen","tag-linnea-leino","tag-marko-anttila","tag-masked-singer-suomi","tag-molli","tag-mtv3","tag-myrsky","tag-niina-lahtinen","tag-opossumi","tag-poppari","tag-saara-aalto","tag-sami-sykko","tag-sebastian-rejman","tag-shirly-karvinen","tag-suomi","tag-talkkari","tag-televisiot","tag-tv","tag-vappu","tag-viihde"],"share_on_mastodon":{"url":"https:\/\/pubeurope.com\/@fi\/117213636858703806","error":""},"_links":{"self":[{"href":"https:\/\/www.europesays.com\/fi\/wp-json\/wp\/v2\/posts\/341443","targetHints":{"allow":["GET"]}}],"collection":[{"href":"https:\/\/www.europesays.com\/fi\/wp-json\/wp\/v2\/posts"}],"about":[{"href":"https:\/\/www.europesays.com\/fi\/wp-json\/wp\/v2\/types\/post"}],"author":[{"embeddable":true,"href":"https:\/\/www.europesays.com\/fi\/wp-json\/wp\/v2\/users\/2"}],"replies":[{"embeddable":true,"href":"https:\/\/www.europesays.com\/fi\/wp-json\/wp\/v2\/comments?post=341443"}],"version-history":[{"count":0,"href":"https:\/\/www.europesays.com\/fi\/wp-json\/wp\/v2\/posts\/341443\/revisions"}],"wp:featuredmedia":[{"embeddable":true,"href":"https:\/\/www.europesays.com\/fi\/wp-json\/wp\/v2\/media\/341444"}],"wp:attachment":[{"href":"https:\/\/www.europesays.com\/fi\/wp-json\/wp\/v2\/media?parent=341443"}],"wp:term":[{"taxonomy":"category","embeddable":true,"href":"https:\/\/www.europesays.com\/fi\/wp-json\/wp\/v2\/categories?post=341443"},{"taxonomy":"post_tag","embeddable":true,"href":"https:\/\/www.europesays.com\/fi\/wp-json\/wp\/v2\/tags?post=341443"}],"curies":[{"name":"wp","href":"https:\/\/api.w.org\/{rel}","templated":true}]}}