{"id":341447,"date":"2026-09-04T16:12:18","date_gmt":"2026-09-04T16:12:18","guid":{"rendered":"https:\/\/www.europesays.com\/fi\/341447\/"},"modified":"2026-09-04T16:12:18","modified_gmt":"2026-09-04T16:12:18","slug":"matias-petaisto-ja-huhut-haikaisevasta-hammaslaakarista-totuus-paljastuu","status":"publish","type":"post","link":"https:\/\/www.europesays.com\/fi\/341447\/","title":{"rendered":"Matias Pet\u00e4ist\u00f6 ja huhut h\u00e4ik\u00e4isev\u00e4st\u00e4 hammasl\u00e4\u00e4k\u00e4rist\u00e4 \u2013 totuus paljastuu"},"content":{"rendered":"<p>            Hans Lehtinen &amp; AOP\n        <\/p>\n<p class=\"subtitle \">Seiskan reportteri grillasi huolella Matiasta.<\/p>\n<p class=\"article-content article-content-width !bg-background\">Entinen erikoisjoukkojen operaattori ja nykyinen tv-t\u00e4hti , 36, on tottunut k\u00e4skytt\u00e4m\u00e4\u00e4n muita.<\/p>\n<p class=\"article-content article-content-width !bg-background\">Hiljattain osat meniv\u00e4t kuitenkin toisin p\u00e4in, kun Matias kohtasi Seiskan viiksekk\u00e4\u00e4n reportterin.<\/p>\n<p class=\"article-content article-content-width !bg-background\">Kukaan ei karjunut kenellek\u00e4\u00e4n naama punaisena, vaan ennemminkin kyse oli herrasmiesm\u00e4isest\u00e4 tenttauksesta.<\/p>\n<p class=\"article-content article-content-width !bg-background\">Tietoon on nimitt\u00e4in tullut, ett\u00e4 Matiaksella olisi ollut jo jonkin aikaa sutinaa er\u00e4\u00e4n huomattavan hehke\u00e4n daamin kanssa.<\/p>\n<p class=\"article-content article-content-width !bg-background\">Seiska on n\u00e4hnyt kyseisen naisen kuvat. Huippumallimainen blondi ty\u00f6skentelee tietojemme mukaan hammasl\u00e4\u00e4k\u00e4rin\u00e4.<\/p>\n<p class=\"article-content article-content-width !bg-background\">Kyseess\u00e4 on yksityishenkil\u00f6, jonka vuoksi emme kuvaile h\u00e4nt\u00e4 sen enemp\u00e4\u00e4.<\/p>\n<p>        <a itemprop=\"url\" href=\"https:\/\/www.seiska.fi\/vain-seiskassa\/missifinalisti-iski-silmansa-matias-petaistoon-hammentava-hetki-hotellissa\/2237349\" rel=\"nofollow noopener\" target=\"_blank\"><\/p>\n<p>\nMiss Suomi -finalisti Rebekka\n<\/p>\n<p class=\"section-date\">\n        <strong class=\"article-section\" data-section=\"vain seiskassa\"><br \/>\n            vain seiskassa<br \/>\n        <\/strong><br \/>\n        18.8. 18:00\n    <\/p>\n<p>Missifinalisti iski silm\u00e4ns\u00e4 Matias Pet\u00e4ist\u00f6\u00f6n: H\u00e4mment\u00e4v\u00e4 hetki hotellissa!\n    <\/p>\n<p itemprop=\"description\" class=\"subtitle \">\n    Miss Suomi 2026 -finalisti ei ep\u00e4r\u00f6inyt, aikaillut eik\u00e4 varsinkaan ujostellut.\n<\/p>\n<p>        <\/a><\/p>\n<p>                <img decoding=\"async\" src=\"https:\/\/www.europesays.com\/fi\/wp-content\/uploads\/2026\/09\/2250477.webp\" width=\"576\" height=\"692\" alt=\"Naistenmies Matias Pet\u00e4ist\u00f6 v\u00e4\u00e4nsi vitsi\u00e4.\" loading=\"lazy\" \/>            <\/p>\n<p>\n            Naistenmies Matias Pet\u00e4ist\u00f6 v\u00e4\u00e4nsi vitsi\u00e4.<br \/>\n            Hans Lehtinen\n        <\/p>\n<p>Naistenmies v\u00e4\u00e4nsi vitsi\u00e4<\/p>\n<p class=\"article-content article-content-width !bg-background\">Matias on mies, jolla on tunnetusti silm\u00e4\u00e4n naiskauneudelle.<\/p>\n<p class=\"article-content article-content-width !bg-background\">Maamme kenties kovin macho otti asian itsekin puheeksi espoolaishotelli Mattsissa, jossa j\u00e4rjestettiin missifinalistien esittelytilaisuus.<\/p>\n<p>\n            Tietysti mulla on silm\u00e4\u00e4 naiskauneudelle.\n            <\/p>\n<p class=\"article-content article-content-width !bg-background\">Hyv\u00e4ntuulinen herra Pet\u00e4ist\u00f6 v\u00e4\u00e4nsi vitsi\u00e4 ja arvuutteli leikill\u00e4\u00e4n, mink\u00e4h\u00e4n takia juuri h\u00e4net haluttiin missituomariksi.<\/p>\n<p class=\"article-content article-content-width !bg-background\">\u2013 Tietysti mulla on silm\u00e4\u00e4 naiskauneudelle, h\u00e4n murisi tyytyv\u00e4isen\u00e4.<\/p>\n<p>        <a itemprop=\"url\" href=\"https:\/\/www.seiska.fi\/kotimaa\/elina-gustafssoniin-yhdistetyn-tiia-aallon-jattiyllatys-muuttaa-yhteen-mallin-kanssa\/2238224\" rel=\"nofollow noopener\" target=\"_blank\"><\/p>\n<p>\nElina Gustafssoniin yhdistetty Tiia Aalto\n<\/p>\n<p class=\"section-date\">\n        <strong class=\"article-section\" data-section=\"kotimaa\"><br \/>\n            kotimaa<br \/>\n        <\/strong><br \/>\n        19.8. 17:00\n    <\/p>\n<p>Elina Gustafssoniin yhdistetyn Tiia Aallon j\u00e4ttiyll\u00e4tys: Muuttaa yhteen mallin kanssa!\n    <\/p>\n<p itemprop=\"description\" class=\"subtitle \">\n    Missi ly\u00f6 hynttyyt yhteen melkoisen kaunottaren kanssa.\n<\/p>\n<p>        <\/a><\/p>\n<p>                <img decoding=\"async\" src=\"https:\/\/www.europesays.com\/fi\/wp-content\/uploads\/2026\/09\/2250493.webp\" width=\"576\" height=\"356\" alt=\"Anitra Ahtola, Matias Pet\u00e4ist\u00f6 ja Rita Jokinen toimivat missituomareina Miss Suomi -finaalissa 2026.\" loading=\"lazy\" \/>            <\/p>\n<p>\n            Anitra Ahtola, Matias Pet\u00e4ist\u00f6 ja Rita Jokinen toimivat missituomareina Miss Suomi -finaalissa 2026.<br \/>\n            Hans Lehtinen\n        <\/p>\n<p>Pet\u00e4ist\u00f6n pokka petti<\/p>\n<p class=\"article-content article-content-width !bg-background\">Seiskan reportteri ei aluksi paljastanut korttejaan, vaan kys\u00e4isi Matiakselta kuin ohimennen, onko naisrintamalta mit\u00e4\u00e4n raportoitavaa?<\/p>\n<p class=\"article-content article-content-width !bg-background\">\u2013 Hahhah, ei oo! M\u00e4 sanon sitten, kun on, h\u00e4n nauroi.<\/p>\n<p class=\"article-content article-content-width !bg-background\">T\u00e4ss\u00e4 vaiheessa toimittaja p\u00e4\u00e4tti pompata yl\u00f6s poterostaan ja kytki nauhurinsa sarjatuliasentoon.<\/p>\n<p>        <a itemprop=\"url\" href=\"https:\/\/www.seiska.fi\/kotimaa\/miss-suomi-finalisti-iida-puljujarvella-tatuointi-intiimissa-paikassa\/2248482\" rel=\"nofollow noopener\" target=\"_blank\"><\/p>\n<p>\nMissifinalisti Iida Puljuj\u00e4rvi\n<\/p>\n<p class=\"section-date\">\n        <strong class=\"article-section\" data-section=\"kotimaa\"><br \/>\n            kotimaa<br \/>\n        <\/strong><br \/>\n        31.8. 12:20\n    <\/p>\n<p>Miss Suomi -finalisti Iida Puljuj\u00e4rvell\u00e4 tatuointi intiimiss\u00e4 paikassa\n    <\/p>\n<p itemprop=\"description\" class=\"subtitle \">\n    Turkulainen Iida Puljuj\u00e4rvi ei ujostele.\n<\/p>\n<p>        <\/a><\/p>\n<p>                <img decoding=\"async\" src=\"https:\/\/www.europesays.com\/fi\/wp-content\/uploads\/2026\/09\/2250495.webp\" width=\"576\" height=\"346\" alt=\"Matias on kuin kala vedess\u00e4 kaunottarien keskell\u00e4. Missituomarilla oli hymy herk\u00e4ss\u00e4.\" loading=\"lazy\" \/>            <\/p>\n<p>\n            Matias on kuin kala vedess\u00e4 kaunottarien keskell\u00e4. Missituomarilla oli hymy herk\u00e4ss\u00e4.<br \/>\n            Hans Lehtinen\n        <\/p>\n<p>Paljonpuhuva reaktio<\/p>\n<p class=\"article-content article-content-width !bg-background\">Matiaksen ilme oli n\u00e4kemisen arvoinen, kun reportteri tykitti t\u00e4lle tietojaan.<\/p>\n<p class=\"font-weight-bold m-font-weight-bold article-content article-content-width !bg-background\">Olemme saaneet kuvamateriaalia Suomen kenties kauneimmasta hammasl\u00e4\u00e4k\u00e4rist\u00e4, ja t\u00e4m\u00e4 uskomaton blondi on yhdistetty romanttisesti teik\u00e4l\u00e4iseen. Miten kommentoit?<\/p>\n<p class=\"article-content article-content-width !bg-background\">\u2013 \u00d6\u00f6h, siis tota\u2026 Ei oo mulla mit\u00e4\u00e4n tietoa, Matias nauraa hermostuneesti.<\/p>\n<p class=\"font-weight-bold m-font-weight-bold article-content article-content-width !bg-background\">Mik\u00e4s miest\u00e4 oikein naurattaa?<\/p>\n<p class=\"article-content article-content-width !bg-background\">\u2013 No ei, hauska kysymys, Matias kuittaa ja nauraa lis\u00e4\u00e4.<\/p>\n<p>        <a itemprop=\"url\" href=\"https:\/\/www.seiska.fi\/kotimaa\/yhdesta-missifinalistista-kohistaan-kulisseissa-onko-han-tuleva-miss-suomi\/2239052\" rel=\"nofollow noopener\" target=\"_blank\"><\/p>\n<p>\nOnko h\u00e4n tuleva Miss Suomi?\n<\/p>\n<p class=\"section-date\">\n        <strong class=\"article-section\" data-section=\"kotimaa\"><br \/>\n            kotimaa<br \/>\n        <\/strong><br \/>\n        20.8. 17:30\n    <\/p>\n<p>Yhdest\u00e4 missifinalistista kohistaan kulisseissa \u2013 onko h\u00e4n tuleva Miss Suomi?\n    <\/p>\n<p itemprop=\"description\" class=\"subtitle \">\n    Aleksandra Hannusaaresta huhutaan maamme kauneinta naista.\n<\/p>\n<p>        <\/a><\/p>\n<p>                <img decoding=\"async\" src=\"https:\/\/www.europesays.com\/fi\/wp-content\/uploads\/2026\/09\/2250509.webp\" width=\"576\" height=\"360\" alt=\"Matiasta nauratti kovasti reportterin jutut.\" loading=\"lazy\" \/>            <\/p>\n<p>\n            Matiasta nauratti kovasti reportterin jutut.<br \/>\n            Eetu Ampuja\n        <\/p>\n<p>Matias: huhumylly jauhaa<\/p>\n<p class=\"article-content article-content-width !bg-background\">Kovimman hekottelun j\u00e4lkeen Matias ker\u00e4\u00e4 itsens\u00e4 ja lis\u00e4\u00e4 huvittuneena:<\/p>\n<p class=\"article-content article-content-width !bg-background\">\u2013 T\u00e4llaisia huhuja on ollut jo kuukausia liikkeell\u00e4, milloin mist\u00e4kin ja kenest\u00e4kin. M\u00e4 oon jo tottunut t\u00e4h\u00e4n.<\/p>\n<p>\n            T\u00e4llaisia huhuja on ollut jo kuukausia liikkeell\u00e4.\n            <\/p>\n<p class=\"article-content article-content-width !bg-background\">H\u00e4n vannoo viett\u00e4neens\u00e4 kiireisen kes\u00e4n, muttei niink\u00e4\u00e4n naisten osalta.<\/p>\n<p class=\"article-content article-content-width !bg-background\"> \u2013 Kes\u00e4 meni vauhdilla t\u00f6it\u00e4 tehden. Ehdin k\u00e4yd\u00e4 Kalajoellakin, kun t\u00e4din hautajaiset j\u00e4rjestettiin siell\u00e4.<\/p>\n<p class=\"article-content article-content-width !bg-background\">75-vuotiaana kuollut  (1950\u20132026) oli MTV Uutisten arvostettu toimittajalegenda ja kirjeenvaihtaja.<\/p>\n<p class=\"article-content article-content-width !bg-background\">Uusi Miss Suomi valitaan 5. syyskuuta.<\/p>\n<p>        <a itemprop=\"url\" href=\"https:\/\/www.seiska.fi\/urheilu\/seiska-paljastaa-miss-suomi-finalisti-ja-leijonien-nhl-miljonaari-yllattava-yhteys\/2244545\" rel=\"nofollow noopener\" target=\"_blank\"><\/p>\n<p>\nMiss Suomi -finalisti Henniina\n<\/p>\n<p class=\"section-date\">\n        <strong class=\"article-section\" data-section=\"urheilu\"><br \/>\n            urheilu<br \/>\n        <\/strong><br \/>\n        26.8. 18:00\n    <\/p>\n<p>Seiska paljastaa! Miss Suomi -finalisti ja Leijonien NHL-miljon\u00e4\u00e4ri: Yll\u00e4tt\u00e4v\u00e4 yhteys\n    <\/p>\n<p itemprop=\"description\" class=\"subtitle \">\n    \u2013 Kyll\u00e4 se pit\u00e4\u00e4 paikkansa, Henniina M\u00e4\u00e4tt\u00e4 tunnustaa Seiskalle.\n<\/p>\n<p>        <\/a><\/p>\n","protected":false},"excerpt":{"rendered":"Hans Lehtinen &amp; AOP Seiskan reportteri grillasi huolella Matiasta. Entinen erikoisjoukkojen operaattori ja nykyinen tv-t\u00e4hti , 36, on&hellip;\n","protected":false},"author":2,"featured_media":341448,"comment_status":"","ping_status":"","sticky":false,"template":"","format":"standard","meta":{"footnotes":"","_share_on_mastodon":"0"},"categories":[130],"tags":[10361,137,2159,33,31,30,19643,2156,3458,41136,42100,14160,651,32,25153,109],"class_list":["post-341447","post","type-post","status-publish","format-standard","has-post-thumbnail","category-viihde","tag-blondi","tag-entertainment","tag-erikoisjoukot","tag-fi","tag-finland","tag-finnish","tag-hammaslaakari","tag-matias-petaisto","tag-miss-suomi","tag-miss-suomi-2026","tag-missituomari","tag-romanssihuhut","tag-suhteet","tag-suomi","tag-sutinahuhut","tag-viihde"],"share_on_mastodon":{"url":"https:\/\/pubeurope.com\/@fi\/117213656237979859","error":""},"_links":{"self":[{"href":"https:\/\/www.europesays.com\/fi\/wp-json\/wp\/v2\/posts\/341447","targetHints":{"allow":["GET"]}}],"collection":[{"href":"https:\/\/www.europesays.com\/fi\/wp-json\/wp\/v2\/posts"}],"about":[{"href":"https:\/\/www.europesays.com\/fi\/wp-json\/wp\/v2\/types\/post"}],"author":[{"embeddable":true,"href":"https:\/\/www.europesays.com\/fi\/wp-json\/wp\/v2\/users\/2"}],"replies":[{"embeddable":true,"href":"https:\/\/www.europesays.com\/fi\/wp-json\/wp\/v2\/comments?post=341447"}],"version-history":[{"count":0,"href":"https:\/\/www.europesays.com\/fi\/wp-json\/wp\/v2\/posts\/341447\/revisions"}],"wp:featuredmedia":[{"embeddable":true,"href":"https:\/\/www.europesays.com\/fi\/wp-json\/wp\/v2\/media\/341448"}],"wp:attachment":[{"href":"https:\/\/www.europesays.com\/fi\/wp-json\/wp\/v2\/media?parent=341447"}],"wp:term":[{"taxonomy":"category","embeddable":true,"href":"https:\/\/www.europesays.com\/fi\/wp-json\/wp\/v2\/categories?post=341447"},{"taxonomy":"post_tag","embeddable":true,"href":"https:\/\/www.europesays.com\/fi\/wp-json\/wp\/v2\/tags?post=341447"}],"curies":[{"name":"wp","href":"https:\/\/api.w.org\/{rel}","templated":true}]}}