{"id":341449,"date":"2026-09-04T16:14:19","date_gmt":"2026-09-04T16:14:19","guid":{"rendered":"https:\/\/www.europesays.com\/fi\/341449\/"},"modified":"2026-09-04T16:14:19","modified_gmt":"2026-09-04T16:14:19","slug":"reuters-villiintyneet-openain-tekoalyagentit-olivat-hakkeroineet-verkkosivuja-jo-kerrottua-aiemmin-uutisia-lyhyesti","status":"publish","type":"post","link":"https:\/\/www.europesays.com\/fi\/341449\/","title":{"rendered":"Reuters: Villiintyneet OpenAI:n teko\u00e4lyagentit olivat hakkeroineet verkkosivuja jo kerrottua aiemmin | Uutisia lyhyesti"},"content":{"rendered":"<p class=\"aw__sc-1qwuw0s-0 aw__sc-1vg2sqm-0 epAWpq ecELkD yle__article__paragraph\">OpenAI:n teko\u00e4lyagentit olivat k\u00e4ytt\u00e4neet saksalaista verkkosivua kiert\u00e4\u00e4kseen rajoituksiaan ja jutellakseen kesken\u00e4\u00e4n. OpenAI ei ollut kertonut tapauksesta.<\/p>\n<p><img decoding=\"async\" alt=\"Sam Altman l\u00e4hikuvassa.\" src=\"https:\/\/www.europesays.com\/fi\/wp-content\/uploads\/2026\/09\/1775859484.jpeg\" class=\"aw__sc-dklauk-0 LPzKX\"\/><\/p>\n<p>Avaa kuvien katselu<\/p>\n<p>Teko\u00e4ly-yhti\u00f6 OpenAI:n toimitusjohtaja Sam Altman kuvattuna toukokuussa Yhdysvaltain senaatissa. Kuva: Celal Gunes \/ AOP<\/p>\n<p class=\"aw__sc-1qwuw0s-0 aw__sc-ngllmo-0 epAWpq fzYpjk yle__article__paragraph\">OpenAI:n teko\u00e4lyagentit kaappasivat saksalaisen verkkosivuston omaan k\u00e4ytt\u00f6\u00f6ns\u00e4 jo toukokuussa, paljastavat uutistoimisto Reutersin haastattelemat tutkijat.<\/p>\n<p class=\"aw__sc-1qwuw0s-0 aw__sc-ngllmo-0 epAWpq fzYpjk yle__article__paragraph\">Teko\u00e4ly-yhti\u00f6 ei ole kertonut tapauksesta julkisuuteen, vaikka tutkijoiden mukaan murto on ollut yhti\u00f6n tiedossa viikkojen ajan.<\/p>\n<p class=\"aw__sc-1qwuw0s-0 aw__sc-ngllmo-0 epAWpq fzYpjk yle__article__paragraph\">Tapaus paljastui turvalliseen teko\u00e4lyyn t\u00e4ht\u00e4\u00e4v\u00e4n Nightingale-j\u00e4rjest\u00f6n ja tutkijoiden yhteisty\u00f6ll\u00e4. Tutkijoiden mukaan agentit tekiv\u00e4t Wiki-pohjaiselle verkkosivustolle yli 15 000 muokkausta ja muuttivat sen k\u00e4yt\u00e4nn\u00f6ss\u00e4 keskustelupalstaksi. Reutersin mukaan puolet kirjoittajista k\u00e4ytti OpenAI:hin viittaavia nimimerkkej\u00e4 ja tietoliikenne tuli teko\u00e4ly-yhti\u00f6n k\u00e4ytt\u00e4mist\u00e4 j\u00e4rjestelmist\u00e4.<\/p>\n<p class=\"aw__sc-1qwuw0s-0 aw__sc-ngllmo-0 epAWpq fzYpjk yle__article__paragraph\">OpenAI kertoo Reutersin jutussa, ettei voi kommentoida tutkijoiden raporttia, sill\u00e4 ei ole saanut sit\u00e4 luettavakseen.<\/p>\n<p class=\"aw__sc-1qwuw0s-0 aw__sc-ngllmo-0 epAWpq fzYpjk yle__article__paragraph\">Useiden yhti\u00f6iden teko\u00e4lyagentit ovat tehneet tietomurtoja kuluvana vuonna. Noin kuukausi sitten <a class=\"aw__sc-ngllmo-1 bTDnwX yle__article__link\" href=\"https:\/\/yle.fi\/a\/74-20237506\" role=\"link\" rel=\"nofollow noopener\" target=\"_blank\">OpenAI:n teko\u00e4lyagentti murtautui Hugging Face -startup-yhti\u00f6n j\u00e4rjestelmiin<\/a>. Heti per\u00e4\u00e4n teko\u00e4ly-yhti\u00f6 <a class=\"aw__sc-ngllmo-1 bTDnwX yle__article__link\" href=\"https:\/\/yle.fi\/a\/74-20238786\" role=\"link\" rel=\"nofollow noopener\" target=\"_blank\">Anthropicin teko\u00e4lyagentit olivat karanneet testiymp\u00e4rist\u00f6st\u00e4 ja tehneet tietomurtoja.<\/a><\/p>\n","protected":false},"excerpt":{"rendered":"OpenAI:n teko\u00e4lyagentit olivat k\u00e4ytt\u00e4neet saksalaista verkkosivua kiert\u00e4\u00e4kseen rajoituksiaan ja jutellakseen kesken\u00e4\u00e4n. OpenAI ei ollut kertonut tapauksesta. Avaa kuvien&hellip;\n","protected":false},"author":2,"featured_media":341450,"comment_status":"","ping_status":"","sticky":false,"template":"","format":"standard","meta":{"footnotes":"","_share_on_mastodon":"0"},"categories":[84],"tags":[33,31,30,32,91,92,433,56],"class_list":["post-341449","post","type-post","status-publish","format-standard","has-post-thumbnail","category-teknologia","tag-fi","tag-finland","tag-finnish","tag-suomi","tag-technology","tag-teknologia","tag-tekoaly","tag-ulkomaat"],"share_on_mastodon":{"url":"https:\/\/pubeurope.com\/@fi\/117213664110078710","error":""},"_links":{"self":[{"href":"https:\/\/www.europesays.com\/fi\/wp-json\/wp\/v2\/posts\/341449","targetHints":{"allow":["GET"]}}],"collection":[{"href":"https:\/\/www.europesays.com\/fi\/wp-json\/wp\/v2\/posts"}],"about":[{"href":"https:\/\/www.europesays.com\/fi\/wp-json\/wp\/v2\/types\/post"}],"author":[{"embeddable":true,"href":"https:\/\/www.europesays.com\/fi\/wp-json\/wp\/v2\/users\/2"}],"replies":[{"embeddable":true,"href":"https:\/\/www.europesays.com\/fi\/wp-json\/wp\/v2\/comments?post=341449"}],"version-history":[{"count":0,"href":"https:\/\/www.europesays.com\/fi\/wp-json\/wp\/v2\/posts\/341449\/revisions"}],"wp:featuredmedia":[{"embeddable":true,"href":"https:\/\/www.europesays.com\/fi\/wp-json\/wp\/v2\/media\/341450"}],"wp:attachment":[{"href":"https:\/\/www.europesays.com\/fi\/wp-json\/wp\/v2\/media?parent=341449"}],"wp:term":[{"taxonomy":"category","embeddable":true,"href":"https:\/\/www.europesays.com\/fi\/wp-json\/wp\/v2\/categories?post=341449"},{"taxonomy":"post_tag","embeddable":true,"href":"https:\/\/www.europesays.com\/fi\/wp-json\/wp\/v2\/tags?post=341449"}],"curies":[{"name":"wp","href":"https:\/\/api.w.org\/{rel}","templated":true}]}}